{"id":88733,"date":"2021-03-01T15:58:15","date_gmt":"2021-03-01T15:58:15","guid":{"rendered":"https:\/\/dimensionturistica.com\/es\/?p=88733"},"modified":"2021-03-01T15:58:15","modified_gmt":"2021-03-01T15:58:15","slug":"coronavirus-en-espana-en-directo-restricciones-en-madrid-ultima-hora-de-las-vacunas-hoy","status":"publish","type":"post","link":"https:\/\/dimensionturistica.com\/es\/coronavirus-en-espana-en-directo-restricciones-en-madrid-ultima-hora-de-las-vacunas-hoy\/","title":{"rendered":"Coronavirus en Espa\u00f1a en directo: restricciones en Madrid | \u00daltima hora de las vacunas, hoy"},"content":{"rendered":"<p> <br \/>\n<\/p>\n<div>\n<p><strong>INVESTIGADORES DESCUBREN NUEVOS S\u00cdNTOMAS DEL CORONAVIRUS<\/strong><\/p>\n<p><strong>La COVID-19 puede manifestarse a trav\u00e9s de muy diversos s\u00edntomas<\/strong>. Desde que comenz\u00f3 la pandemia, los cient\u00edficos los han estudiado a fondo para poder anticiparse y reducir los cuadros graves de la enfermedad. <strong>Problemas de car\u00e1cter respiratorio, tromb\u00f3tico, neurol\u00f3gico, digestivo o cut\u00e1neo<\/strong> son los m\u00e1s comunes hasta el momento. Ahora, un equipo de investigadores madrile\u00f1os, liderado por Almudena Nu\u00f1o, dermat\u00f3loga del Hospital Universitario La Paz, ha identificado tambi\u00e9n <strong>alteraciones en la lengua y en la mucosa oral <\/strong>como s\u00edntoma de contagio.<\/p>\n<p>Tras analizar en abril de 2020 a <strong>666 personas con COVID-19<\/strong> atendidos en el antiguo hospital de campa\u00f1a de IFEMA, los investigadores observaron que \u201c78 pacientes (11,7%) presentaron <strong>alteraciones en la mucosa oral<\/strong>. La m\u00e1s frecuente fue <strong>papilitis lingual transitoria anterior en forma de U<\/strong> (11,5%) asociada o no a edema lingual (6,6%); <strong>estomatitis aftosa<\/strong> (6,9%), mucositis (3,9%) <strong>glositis con depapilaci\u00f3n en parches<\/strong> (3,9%), <strong>boca urente<\/strong> (5,3%), <strong>lengua saburral<\/strong> (1,6%) y <strong>enantema<\/strong> (0,5%)\u201d.<\/p>\n<p>Asimismo, especifican que el s\u00edntoma oral asociado con m\u00e1s frecuencia a COVID-19 hasta la fecha es la <strong>disgeusia<\/strong>, con un porcentaje que var\u00eda de <strong>un 5,6% en los estudios iniciales de China a un 88,8% de un estudio realizado por otorrinolaring\u00f3logos. <\/strong>Esta patolog\u00eda se basa en la alteraci\u00f3n del sentido del gusto y puede estar asociado o no a la anosmia (p\u00e9rdida del olfato). Otro s\u00edntoma muy frecuente es la <strong>boca seca<\/strong>, \u201ccuya causa puede ser la uni\u00f3n del virus a los receptores ACE-2 de las gl\u00e1ndulas salivares, que provocar\u00eda su destrucci\u00f3n&#8221;.<\/p>\n<p>Los autores del estudio, publicado en <em><a rel=\"nofollow noopener\" target=\"_blank\" href=\"https:\/\/www.sciencedirect.com\/science\/article\/pii\/S0001731021001071#!\">Sciencedirecte<\/a>,<\/em> explican que \u201c<strong>las manifestaciones orales relacionadas con la enfermedad por COVID-19 han sido poco descritas<\/strong>, probablemente por el <strong>temor a contagio<\/strong> durante la exploraci\u00f3n o la escasez de equipos de protecci\u00f3n durante la primera ola\u201d.<\/p>\n<p><strong>Lengua COVID e inflamaci\u00f3n de las papilas<\/strong><\/p>\n<p>Los cient\u00edficos concretan que han encontrado hallazgos caracter\u00edsticos de la COVID-19 \u201cen la lengua como es el <strong>edema lingual<\/strong>, con una caracter\u00edstica indentaci\u00f3n en los laterales de la lengua, por el aumento del tama\u00f1o de la misma y el roce con los dientes. Y por la misma raz\u00f3n se produce una inflamaci\u00f3n de las papilas anteriores que hemos denominado <strong>papilitis lingual transitoria en forma de U<\/strong>\u201d. Este crecimiento de la lengua puede deberse a <strong>varios factores<\/strong>: \u201c<strong>Inflamaci\u00f3n directa de la mucosa oral<\/strong> por el SARS-Cov-2, la <strong>sequedad de la mucosa<\/strong> provocada por el virus o la <strong>oxigenoterapia<\/strong> o incluso una <strong>peor higiene oral<\/strong> debida a la situaci\u00f3n de los pacientes\u201d.<\/p>\n<p>La investigaci\u00f3n tambi\u00e9n recoge que otro descubrimiento muy representativo ha sido la <strong>glositis con depapilaci\u00f3n en parches<\/strong>, presente en el 3,9% de los pacientes. \u201cEste hallazgo ha sido reportado previamente en alg\u00fan caso aislado, curiosamente asociado a boca urente. Recientemente se ha denominado a este tipo de lengua <strong>\u2018lengua COVID\u2019<\/strong>. Se parece a la lengua geogr\u00e1fica pero su incidencia est\u00e1 aumentada en pacientes COVID-19\u201d, explican, antes de concluir que \u201csu aparici\u00f3n puede deberse a <strong>la infecci\u00f3n directa del virus en la lengua<\/strong> por lo receptores ACE-2 o por el <strong>aumento de IL-6<\/strong> que presentan los pacientes con COVID-19, pero tambi\u00e9n los pacientes lengua geogr\u00e1fica\u201d.<\/p>\n<p>Otro nuevo s\u00edntoma asociado a COVID-19 es la aparici\u00f3n de <strong>halitosis<\/strong> en pacientes que previamente no la padec\u00edan. Los sanitarios madrile\u00f1os midieron con un hal\u00edmetro el nivel de <strong>compuestos de sulfuro<\/strong> y descubrieron que los pacientes COVID lo ten\u00edan aumentado durante la enfermedad, si bien estos <strong>recuperaban los niveles normales al superar la patolog\u00eda<\/strong>: \u201cEsto puede deberse a la afectaci\u00f3n directa de la mucosa oral por el SARS-CoV-2 o indirectamente a la destrucci\u00f3n de gl\u00e1ndulas salivares y boca seca\u201d.<\/p>\n<p><strong>Otros s\u00edntomas<\/strong><\/p>\n<p>Los s\u00edntomas m\u00e1s habituales de la COVID- 19 son <strong>fiebre<\/strong>, <strong>tos seca<\/strong> y <strong>cansancio<\/strong>, aunque tambi\u00e9n se pueden sufrir otros como congesti\u00f3n nasal, dolor de cabeza, conjuntivitis, dolor de garganta, diarrea, p\u00e9rdida del gusto o del olfato y erupciones cut\u00e1neas. Adem\u00e1s, un <a rel=\"nofollow noopener\" target=\"_blank\" href=\"https:\/\/as.com\/diarioas\/2020\/09\/04\/actualidad\/1599223296_071330.html\">estudio publicado el a\u00f1o pasado<\/a> por m\u00e9dicos espa\u00f1oles identific\u00f3 45 casos de <strong>miopericarditis <\/strong>aguda, 16 casos de <strong>meningoencefalitis <\/strong>aguda, ocho casos del s\u00edndrome Guillain-Barr\u00e9, 45 de <strong>pancreatitis<\/strong> aguda y 36 casos de <strong>neumot\u00f3rax espont\u00e1neo<\/strong>.<\/p>\n<p>Por \u00faltimo, otra <a rel=\"nofollow noopener\" target=\"_blank\" href=\"https:\/\/as.com\/diarioas\/2021\/02\/11\/actualidad\/1613022293_383881.html\">investigaci\u00f3n elaborada por el Imperial College de Londres<\/a> revel\u00f3 el pasado mes de febrero que los <strong>escalofr\u00edos<\/strong>, la <strong>ausencia de apetito<\/strong> y los <strong>dolores de cabeza o musculares<\/strong> tambi\u00e9n son posibles s\u00edntomas de la COVID-19.<\/p>\n<\/div>\n\n<p><em> &#8221; Fuentes as.com &#8221; <\/em><\/p>\n","protected":false},"excerpt":{"rendered":"<p>INVESTIGADORES DESCUBREN NUEVOS S\u00cdNTOMAS DEL CORONAVIRUS La COVID-19 puede manifestarse a trav\u00e9s de muy diversos s\u00edntomas. Desde que comenz\u00f3 la pandemia, los cient\u00edficos los han estudiado a fondo para poder anticiparse y reducir los cuadros graves de la enfermedad. Problemas de car\u00e1cter respiratorio, tromb\u00f3tico, neurol\u00f3gico, digestivo o cut\u00e1neo son los m\u00e1s comunes hasta el momento. [&hellip;]<\/p>\n","protected":false},"author":4,"featured_media":88734,"comment_status":"open","ping_status":"closed","sticky":false,"template":"","format":"standard","meta":{"om_disable_all_campaigns":false,"jnews-multi-image_gallery":[],"jnews_single_post":[],"jnews_primary_category":[],"jnews_social_meta":[],"footnotes":""},"categories":[41],"tags":[],"class_list":["post-88733","post","type-post","status-publish","format-standard","has-post-thumbnail","hentry","category-cruceros"],"_links":{"self":[{"href":"https:\/\/dimensionturistica.com\/es\/wp-json\/wp\/v2\/posts\/88733","targetHints":{"allow":["GET"]}}],"collection":[{"href":"https:\/\/dimensionturistica.com\/es\/wp-json\/wp\/v2\/posts"}],"about":[{"href":"https:\/\/dimensionturistica.com\/es\/wp-json\/wp\/v2\/types\/post"}],"author":[{"embeddable":true,"href":"https:\/\/dimensionturistica.com\/es\/wp-json\/wp\/v2\/users\/4"}],"replies":[{"embeddable":true,"href":"https:\/\/dimensionturistica.com\/es\/wp-json\/wp\/v2\/comments?post=88733"}],"version-history":[{"count":0,"href":"https:\/\/dimensionturistica.com\/es\/wp-json\/wp\/v2\/posts\/88733\/revisions"}],"wp:featuredmedia":[{"embeddable":true,"href":"https:\/\/dimensionturistica.com\/es\/wp-json\/wp\/v2\/media\/88734"}],"wp:attachment":[{"href":"https:\/\/dimensionturistica.com\/es\/wp-json\/wp\/v2\/media?parent=88733"}],"wp:term":[{"taxonomy":"category","embeddable":true,"href":"https:\/\/dimensionturistica.com\/es\/wp-json\/wp\/v2\/categories?post=88733"},{"taxonomy":"post_tag","embeddable":true,"href":"https:\/\/dimensionturistica.com\/es\/wp-json\/wp\/v2\/tags?post=88733"}],"curies":[{"name":"wp","href":"https:\/\/api.w.org\/{rel}","templated":true}]}}