{"id":886019,"date":"2024-12-05T16:49:52","date_gmt":"2024-12-05T16:49:52","guid":{"rendered":"https:\/\/dimensionturistica.com\/es\/?p=886019"},"modified":"2024-12-05T16:49:52","modified_gmt":"2024-12-05T16:49:52","slug":"preocupacion-por-el-impuesto-dnr-a-visitantes-que-arriban-en-barcos-desde-san-pedro-belice-4","status":"publish","type":"post","link":"https:\/\/dimensionturistica.com\/es\/preocupacion-por-el-impuesto-dnr-a-visitantes-que-arriban-en-barcos-desde-san-pedro-belice-4\/","title":{"rendered":"Preocupaci\u00f3n por el Impuesto DNR a Visitantes que Arriban en Barcos desde San Pedro, Belice"},"content":{"rendered":"<p><strong>Descubriendo el Futuro del Turismo en San Pedro, Belice<\/strong><\/p>\n<p>San Pedro, un encantador destino en la costa de Belice, atrajo la atenci\u00f3n de los turistas por su belleza natural, su vibrante cultura y su cercan\u00eda al impresionante segundo arrecife de coral m\u00e1s grande del mundo. Sin embargo, la reciente implementaci\u00f3n de un nuevo impuesto ha generado inquietudes entre los comerciantes locales y visitantes. <\/p>\n<p>En el coraz\u00f3n de esta revoluci\u00f3n tur\u00edstica se encuentra un nuevo cobro por el Derecho de No Residencia (DNR) que afecta a quienes llegan al pintoresco pueblo en barco. Si bien los impuestos son comunes en la industria del turismo, la posibilidad de que este cobro se extienda a turistas que llegan v\u00eda mar\u00edtima ha provocado malestar y desconcierto.<\/p>\n<p>Los comerciantes de San Pedro expresan su preocupaci\u00f3n por el impacto negativo que podr\u00eda tener esta medida en la afluencia de visitantes. El temor radica en que este costo adicional desanime a los turistas, quienes ya enfrentan gastos en transporte, alojamiento y actividades. San Pedro es conocida por ser un refugio para quienes buscan descanso y aventura, pero este impuesto podr\u00eda cambiar la din\u00e1mica del turismo en la regi\u00f3n.<\/p>\n<p>Los residentes de la isla han sido claros en su solicitud: quieren un di\u00e1logo abierto tanto con las autoridades locales como con el gobierno federal. La preocupaci\u00f3n no es solo econ\u00f3mica; la autenticidad de la experiencia tur\u00edstica tambi\u00e9n est\u00e1 en juego. San Pedro ha construido su reputaci\u00f3n como un destino acogedor, donde los visitantes se sienten como en casa. Incrementar los costos podr\u00eda alterar esta percepci\u00f3n y cambiar la relaci\u00f3n especial que se ha cultivado entre los turistas y la comunidad local.<\/p>\n<p>De cara al futuro, el reto ser\u00e1 encontrar un equilibrio que beneficie tanto a los turistas como a los habitantes de San Pedro. Las autoridades deber\u00e1n considerar alternativas que no pongan en riesgo la econom\u00eda local ni la autenticidad del destino. Tal vez sea el momento de explorar impuestos que sean m\u00e1s equitativos o enfoques innovadores para financiar la infraestructura y la conservaci\u00f3n sin cargar excessivamente a los visitantes.<\/p>\n<p>Mientras tanto, los viajeros que planean visitar San Pedro deben mantenerse informados de las novedades y cambios en las regulaciones. La isla sigue siendo un tesoro por descubrir, con sus aguas cristalinas, su rica biodiversidad marina y su esp\u00edritu c\u00e1lido y acogedor. A pesar de los desaf\u00edos, la esencia de San Pedro sigue viva, esperando ser explorada por aquellos que buscan escapar de la rutina y sumergirse en un para\u00edso caribe\u00f1o.<\/p>\n<p>El futuro del turismo en San Pedro, Belice, depende de un di\u00e1logo constructivo entre todos los involucrados. A medida que se gestan cambios, la comunidad local y los visitantes tienen la oportunidad de ser parte de una historia que puede definir la experiencia tur\u00edstica en esta isla m\u00e1gica durante a\u00f1os por venir. \u00a1San Pedro aguarda con los brazos abiertos!<\/p>\n<p><em> &#8221; Sources diariocambio22.mx &#8221; <\/em><\/p>\n<p><em> &#8221; Fuentes diariocambio22.mx &#8221; <\/em><\/p>\n","protected":false},"excerpt":{"rendered":"<p>Descubriendo el Futuro del Turismo en San Pedro, Belice San Pedro, un encantador destino en la costa de Belice, atrajo la atenci\u00f3n de los turistas por su belleza natural, su vibrante cultura y su cercan\u00eda al impresionante segundo arrecife de coral m\u00e1s grande del mundo. Sin embargo, la reciente implementaci\u00f3n de un nuevo impuesto ha [&hellip;]<\/p>\n","protected":false},"author":4,"featured_media":886026,"comment_status":"open","ping_status":"closed","sticky":false,"template":"","format":"standard","meta":{"om_disable_all_campaigns":false,"jnews-multi-image_gallery":[],"jnews_single_post":[],"jnews_primary_category":[],"jnews_social_meta":[],"footnotes":""},"categories":[41],"tags":[978,18040,3294,91180,196098,26079,1933,8662,5523,3195,544,570],"class_list":["post-886019","post","type-post","status-publish","format-standard","has-post-thumbnail","hentry","category-cruceros","tag-barco","tag-belice","tag-cobro","tag-diario-cambio-22","tag-dnr","tag-federacion","tag-impuestos","tag-navegacion","tag-san-pedro","tag-temor","tag-turismo","tag-turistas"],"_links":{"self":[{"href":"https:\/\/dimensionturistica.com\/es\/wp-json\/wp\/v2\/posts\/886019","targetHints":{"allow":["GET"]}}],"collection":[{"href":"https:\/\/dimensionturistica.com\/es\/wp-json\/wp\/v2\/posts"}],"about":[{"href":"https:\/\/dimensionturistica.com\/es\/wp-json\/wp\/v2\/types\/post"}],"author":[{"embeddable":true,"href":"https:\/\/dimensionturistica.com\/es\/wp-json\/wp\/v2\/users\/4"}],"replies":[{"embeddable":true,"href":"https:\/\/dimensionturistica.com\/es\/wp-json\/wp\/v2\/comments?post=886019"}],"version-history":[{"count":0,"href":"https:\/\/dimensionturistica.com\/es\/wp-json\/wp\/v2\/posts\/886019\/revisions"}],"wp:featuredmedia":[{"embeddable":true,"href":"https:\/\/dimensionturistica.com\/es\/wp-json\/wp\/v2\/media\/886026"}],"wp:attachment":[{"href":"https:\/\/dimensionturistica.com\/es\/wp-json\/wp\/v2\/media?parent=886019"}],"wp:term":[{"taxonomy":"category","embeddable":true,"href":"https:\/\/dimensionturistica.com\/es\/wp-json\/wp\/v2\/categories?post=886019"},{"taxonomy":"post_tag","embeddable":true,"href":"https:\/\/dimensionturistica.com\/es\/wp-json\/wp\/v2\/tags?post=886019"}],"curies":[{"name":"wp","href":"https:\/\/api.w.org\/{rel}","templated":true}]}}