{"id":88573,"date":"2021-03-01T11:29:59","date_gmt":"2021-03-01T11:29:59","guid":{"rendered":"https:\/\/dimensionturistica.com\/es\/?p=88573"},"modified":"2021-03-01T11:29:59","modified_gmt":"2021-03-01T11:29:59","slug":"megapesqueros-entre-el-prodigio-y-el-saqueo","status":"publish","type":"post","link":"https:\/\/dimensionturistica.com\/es\/megapesqueros-entre-el-prodigio-y-el-saqueo\/","title":{"rendered":"Megapesqueros, entre el prodigio y el saqueo"},"content":{"rendered":"<p> <br \/>\n<\/p>\n<div>\n<div class=\"lead\">\n<ul>\n<li>\n<h2>El debate sobre la actividad de estos buques llega a Bruselas en paralelo a la escala en Vigo del &#8216;Margiris&#8217;, el segundo mayor pesquero del mundo<\/h2>\n<\/li>\n<\/ul><\/div>\n<p>El pasado 25 de septiembre, colectivos de marineros y ecologistas asistieron al \u201cfuneral por la pesca artesanal&amp;rdquor; en la localidad francesa de Concarneau. En presencia del, a su juicio, verdugo: un arrastrero congelador de 81 metros de eslora, bautizado como <em>Scombrus <\/em>y construido en el astillero noruego Havyard Ship Know-how. Del mismo grupo empresarial, por cierto, que dio la espantada hace un a\u00f1o de Barreras, donde quedaron a medio hacer sus dos cruceros <em>Pollux <\/em>y <em>Polaris<\/em>. <strong>La armadora France P\u00e9lagique quer\u00eda celebrar una fiesta en la Breta\u00f1a para dar buenos augurios al nuevo pesquero, pero se top\u00f3 con una insurrecci\u00f3n.<\/strong><\/p>\n<p>\u201cForma parte del foyer de la pesca industrial holandesa y defiende fervientemente m\u00e9todos de pesca incompatibles con el mantenimiento de los recursos y los puestos de trabajo&amp;rdquor;, clam\u00f3 un portavoz de Pleine Mer. En realidad, el <em>Scombrus <\/em>pertenece a Cornelis Vrolijk, con base en IJmuiden, que lo opera a trav\u00e9s de una filial. <strong>Puede faenar 200 toneladas diarias de pescado. Para la armadora es un prodigio, un exponente del \u201cgran salto tecnol\u00f3gico&amp;rdquor; que ha dado la industria; para los manifestantes, un depredador puro de los oc\u00e9anos.<\/strong> La pol\u00e9mica ha llegado al Parlamento Europeo de su mano, y en paralelo a la escala en Vigo del segundo mayor pesquero del mundo: el <em>Margiris<\/em>, de 142 metros. Que tambi\u00e9n es de capital holand\u00e9s, y que casi dobla en eslora al <em>Scombrus<\/em>.<\/p>\n<blockquote class=\"twitter-tweet\" data-lang=\"es\">\n<p lang=\"fr\" dir=\"ltr\">\u00c0 <a rel=\"nofollow noopener\" target=\"_blank\" href=\"https:\/\/twitter.com\/hashtag\/Concarneau?src=hash&amp;ref_src=twsrc%5Etfw\">#Concarneau<\/a>, au lieu de la manifestation interdite par <a rel=\"nofollow noopener\" target=\"_blank\" href=\"https:\/\/twitter.com\/Prefet29?ref_src=twsrc%5Etfw\">@Prefet29<\/a>, les p\u00eacheurs et les associations se sont rassembl\u00e9s pour un taking place et pour crier leur col\u00e8re pr\u00e8s du bapt\u00eame du Scombrus, chalutier g\u00e9ant de 80 m qui p\u00eachera 200t de poisson par nuit, fossoyeur des oc\u00e9ans. <a rel=\"nofollow noopener\" target=\"_blank\" href=\"https:\/\/t.co\/rkXqf7498G\">pic.twitter.com\/rkXqf7498G<\/a><\/p>\n<p>\u2014 Caroline Roose &#x1f30d; &#x1f41f; &#x1f333;&#x1f33b; (@CarolineRooseEU) <a rel=\"nofollow noopener\" target=\"_blank\" href=\"https:\/\/twitter.com\/CarolineRooseEU\/status\/1309468664945614849?ref_src=twsrc%5Etfw\">25 de septiembre de 2020<\/a><\/p><\/blockquote>\n<p>France Jamet es eurodiputada del partido ultraderechista Frente Nacional, que comanda Marine Le Pen. Como \u00e9sta, que tom\u00f3 los mandos de la formaci\u00f3n por herencia casi mon\u00e1rquica \u2013su padre, Jean-Marie Le Pen, fue su fundador\u2013, Jamet fue elegida para ir a Bruselas en una lista que encabezaba su padre. En todo caso, fue ella la que cuestion\u00f3 al Ejecutivo comunitario por la vigilancia a la que est\u00e1n sometidas este tipo de embarcaciones.<\/p>\n<div class=\"ep-cite\">\n<div class=\"txt\">\n<p class=\"title\">&#8220;No podemos pescar lo que queramos, no operamos en las mismas aguas que la pesca artesanal. Nos est\u00e1n tratando mal&#8221;<\/p>\n<\/p><\/div>\n<\/div>\n<p>\u201cNo contento con saquear el mar frente a las costas de Breta\u00f1a antes de desembarcar todas sus capturas en los Pa\u00edses Bajos, y as\u00ed dar el toque de gracia a la pesca artesanal en Francia, el <em>Scombrus <\/em>tambi\u00e9n tendr\u00e1 una parte appreciable de responsabilidad en el empobrecimiento de los recursos pesqueros en aguas territoriales francesas&amp;rdquor;, arranca en una pregunta parlamentaria dirigida al comisario de Pesca, Virginijus Sinkevicius. <strong>\u201c\u00bfC\u00f3mo piensa la Comisi\u00f3n lograr su objetivo de restaurar las pesquer\u00edas cuando existen barcos de este tipo?&amp;rdquor;<\/strong>, contin\u00faa la eurodiputada extremely.<\/p>\n<p>\t<span class=\"smallTitle\">Te puede interesar<\/span><\/p>\n<p>La respuesta de Sinkevicius ha sido escueta, y pol\u00edticamente correcta, sin abordar la pol\u00e9mica que, per se, generan buques de este tipo. \u201cLa Comisi\u00f3n tiene conocimiento de las actividades pesqueras del arrastrero franc\u00e9s <em>Scombrus<\/em>, que tiene una autorizaci\u00f3n de pesca para faenar en el Mar del Norte. Corresponde a las autoridades francesas controlar las operaciones de este buque y garantizar que sus actividades cumplen plenamente las normas de la pol\u00edtica pesquera com\u00fan&amp;rdquor;. Y culmina: <strong>\u201cTodos los barcos pesqueros, grandes y peque\u00f1os, deben cumplir las reglas&amp;rdquor;.<\/strong> En aquella protesta a pie de puerto en Concarneau, el director basic de France P\u00e9lagique, Geoffroy Dhellemmes, asegur\u00f3 que no las vulneran. \u201cNo podemos pescar lo que queramos, no operamos en las mismas aguas que la pesca artesanal. Nos est\u00e1n tratando mal&amp;rdquor;. <\/p>\n<p>La pol\u00e9mica alrededor del Scombrus reaviva la polvareda que levant\u00f3 el Margiris, de mayor capacidad y que fue declarado non grato en multitud de puertos. En septiembre de 2019, por ejemplo, la actividad del pesquero que acaba de recalar en Vigo por mantenimiento fue carne de cr\u00edticas en redes sociales. Se inici\u00f3 incluso una campa\u00f1a de recogida de firmas, registrada en la net de peticiones del Gobierno brit\u00e1nico, para prohibir la operatoiva de s\u00faper arrastreros en sus aguas. \u201cEl Gobierno tiene planes inmediatos para prohibir los s\u00faper arrastreros en las aguas del Reino Unido&amp;rdquor;, respondi\u00f3 Downing Road. <strong>Tambi\u00e9n fue expulsado de Australia, pese a que la armadora \u2013propietaria tambi\u00e9n del mayor pesquero del mundo, el Annelies Ilena\u2013 quiso rebautizarlo en honor a un marino que cartografi\u00f3 las Ant\u00edpodas, Abel Tasman<\/strong>. No le sirvi\u00f3. Se qued\u00f3 como Margiris.<\/p>\n<\/p><\/div>\n<p><script async src=\"\/\/platform.twitter.com\/widgets.js\" charset=\"utf-8\"><\/script><br \/>\n<br \/><\/p>\n<p><em> &#8221; Fuentes www.elperiodico.com &#8221; <\/em><\/p>\n","protected":false},"excerpt":{"rendered":"<p>El debate sobre la actividad de estos buques llega a Bruselas en paralelo a la escala en Vigo del &#8216;Margiris&#8217;, el segundo mayor pesquero del mundo El pasado 25 de septiembre, colectivos de marineros y ecologistas asistieron al \u201cfuneral por la pesca artesanal&amp;rdquor; en la localidad francesa de Concarneau. En presencia del, a su juicio, [&hellip;]<\/p>\n","protected":false},"author":4,"featured_media":88574,"comment_status":"open","ping_status":"closed","sticky":false,"template":"","format":"standard","meta":{"om_disable_all_campaigns":false,"jnews-multi-image_gallery":[],"jnews_single_post":[],"jnews_primary_category":[],"jnews_social_meta":[],"footnotes":""},"categories":[41],"tags":[4852,3335],"class_list":["post-88573","post","type-post","status-publish","format-standard","has-post-thumbnail","hentry","category-cruceros","tag-galicia","tag-pesca"],"_links":{"self":[{"href":"https:\/\/dimensionturistica.com\/es\/wp-json\/wp\/v2\/posts\/88573","targetHints":{"allow":["GET"]}}],"collection":[{"href":"https:\/\/dimensionturistica.com\/es\/wp-json\/wp\/v2\/posts"}],"about":[{"href":"https:\/\/dimensionturistica.com\/es\/wp-json\/wp\/v2\/types\/post"}],"author":[{"embeddable":true,"href":"https:\/\/dimensionturistica.com\/es\/wp-json\/wp\/v2\/users\/4"}],"replies":[{"embeddable":true,"href":"https:\/\/dimensionturistica.com\/es\/wp-json\/wp\/v2\/comments?post=88573"}],"version-history":[{"count":0,"href":"https:\/\/dimensionturistica.com\/es\/wp-json\/wp\/v2\/posts\/88573\/revisions"}],"wp:featuredmedia":[{"embeddable":true,"href":"https:\/\/dimensionturistica.com\/es\/wp-json\/wp\/v2\/media\/88574"}],"wp:attachment":[{"href":"https:\/\/dimensionturistica.com\/es\/wp-json\/wp\/v2\/media?parent=88573"}],"wp:term":[{"taxonomy":"category","embeddable":true,"href":"https:\/\/dimensionturistica.com\/es\/wp-json\/wp\/v2\/categories?post=88573"},{"taxonomy":"post_tag","embeddable":true,"href":"https:\/\/dimensionturistica.com\/es\/wp-json\/wp\/v2\/tags?post=88573"}],"curies":[{"name":"wp","href":"https:\/\/api.w.org\/{rel}","templated":true}]}}