{"id":885524,"date":"2024-12-04T19:23:48","date_gmt":"2024-12-04T19:23:48","guid":{"rendered":"https:\/\/dimensionturistica.com\/es\/?p=885524"},"modified":"2024-12-04T19:23:48","modified_gmt":"2024-12-04T19:23:48","slug":"desmiente-el-gobierno-rumores-sobre-los-viajes-de-petro-en-aviones-militares","status":"publish","type":"post","link":"https:\/\/dimensionturistica.com\/es\/desmiente-el-gobierno-rumores-sobre-los-viajes-de-petro-en-aviones-militares\/","title":{"rendered":"Desmiente el Gobierno rumores sobre los viajes de Petro en aviones militares"},"content":{"rendered":"<h3>Descubriendo la Verdad: La Aviaci\u00f3n en los Viajes del Presidente<\/h3>\n<p>En un mundo donde la informaci\u00f3n se propaga a la velocidad de un clic, es fundamental distinguir entre los hechos verificables y las especulaciones infundadas. Recientemente, han circulado rumores sobre el uso de aeronaves de la Fuerza A\u00e9rea por parte del presidente de un pa\u00eds sudamericano para realizar viajes personales. Pero, \u00bfqu\u00e9 hay detr\u00e1s de estas afirmaciones? Acomp\u00e1\u00f1enos en un recorrido por los aspectos m\u00e1s relevantes de este pol\u00e9mico tema.<\/p>\n<p>La misma instituci\u00f3n que se encarga de coordinar vuelos oficiales se ha visto en la necesidad de desmentir tales filtraciones. Seg\u00fan fuentes oficiales, el uso de aviones de la Fuerza A\u00e9rea se limita estrictamente a funciones gubernamentales y de emergencia. Esto pone de relieve una parte crucial del debate: la importancia de la transparencia en las acciones de quienes ocupan altos cargos. La rendici\u00f3n de cuentas es un principio fundamental en cualquier democracia, y el escrutinio p\u00fablico act\u00faa como un baluarte contra posibles abusos de poder.<\/p>\n<p>En la esfera del turismo, especialmente en una era donde las expectativas de los viajeros han cambiado, el concepto de la accesibilidad es esencial. Los destinos tur\u00edsticos, en particular aquellos que dependen de la visita de funcionarios extranjeros, enfrentan retos constantes en cuanto a su imagen y reputaci\u00f3n. La necesidad de mantener la credibilidad y la confianza del p\u00fablico en todo momento nunca ha sido tan relevante.<\/p>\n<p>Por otro lado, el uso de viajes oficiales tambi\u00e9n abre la puerta a una serie de oportunidades. Los viajes de dignatarios suelen estar relacionados con el fomento de relaciones internacionales, que impactan positivamente en el turismo de un pa\u00eds. Al establecer lazos con otras naciones, se abren nuevas avenidas para el intercambio cultural y econ\u00f3mico que puede beneficiar a la industria tur\u00edstica local.<\/p>\n<p>Sin embargo, este tipo de situaciones pueden tener repercusiones en la percepci\u00f3n del p\u00fablico y la reputaci\u00f3n de una administraci\u00f3n. Los rumores y las especulaciones pueden nublar el juicio de los ciudadanos, quienes pueden llegar a generar una narrativa negativa, independientemente de los hechos. Este fen\u00f3meno resalta la necesidad de comunicar clara y efectivamente las actividades de los l\u00edderes, ya que un liderazgo transparente siempre favorecer\u00e1 un entorno m\u00e1s positivo para el turismo.<\/p>\n<p>As\u00ed mismo, en el contexto del turismo, observar c\u00f3mo las decisiones pol\u00edticas influyen en la experiencia del visitante es una faceta fascinante. Los viajeros contempor\u00e1neos desean conocer no solo el destino, sino tambi\u00e9n el ambiente pol\u00edtico y social que lo rodea. El inter\u00e9s por lo que ocurre m\u00e1s all\u00e1 de los paisajes naturales y la arquitectura emblem\u00e1tica se ha vuelto m\u00e1s prevalente, haciendo que el t\u00e1ndem entre pol\u00edtica y turismo sea m\u00e1s palpable que nunca.<\/p>\n<p>Regresando al debate sobre los vuelos y el uso de aeronaves, es crucial para cualquier pa\u00eds que aspire a mejorar su imagen internacional garantizar que sus l\u00edderes act\u00faen de manera responsable y \u00e9tica. En este sentido, la creaci\u00f3n de pol\u00edticas transparentes que regulen el uso de recursos p\u00fablicos es esencial no solo para mantener la confianza de los ciudadanos, sino tambi\u00e9n para garantizar un impacto positivo en el turismo.<\/p>\n<p>En conclusi\u00f3n, en un mundo interconectado y lleno de informaci\u00f3n, es fundamental mantener la claridad y la transparencia en todas las acciones gubernamentales. En el \u00e1mbito del turismo, nuestros l\u00edderes no solo representan a una naci\u00f3n, sino que sus acciones moldean la percepci\u00f3n que el mundo tiene de nosotros. La b\u00fasqueda de la verdad en el coraz\u00f3n de cada noticia es m\u00e1s importante que nunca. Mantengamos el inter\u00e9s por el turismo, pero tambi\u00e9n por la honestidad y la rendici\u00f3n de cuentas que deben acompa\u00f1ar a quienes nos representan.<\/p>\n<p><em> &#8221; Sources www.lasillavacia.com &#8221; <\/em><\/p>\n<p><em> &#8221; Fuentes www.lasillavacia.com &#8221; <\/em><\/p>\n","protected":false},"excerpt":{"rendered":"<p>Descubriendo la Verdad: La Aviaci\u00f3n en los Viajes del Presidente En un mundo donde la informaci\u00f3n se propaga a la velocidad de un clic, es fundamental distinguir entre los hechos verificables y las especulaciones infundadas. Recientemente, han circulado rumores sobre el uso de aeronaves de la Fuerza A\u00e9rea por parte del presidente de un pa\u00eds [&hellip;]<\/p>\n","protected":false},"author":4,"featured_media":885525,"comment_status":"open","ping_status":"closed","sticky":false,"template":"","format":"standard","meta":{"om_disable_all_campaigns":false,"jnews-multi-image_gallery":[],"jnews_single_post":[],"jnews_primary_category":[],"jnews_social_meta":[],"footnotes":""},"categories":[39],"tags":[101090,132040,163566,196912,14666,91941,986,196913,196914,34036,545],"class_list":["post-885524","post","type-post","status-publish","format-standard","has-post-thumbnail","hentry","category-viajes","tag-desmentido","tag-filtraciones","tag-fuerza-aerea","tag-fuerza-aerea-colombiana","tag-petro","tag-presidente-gustavo-petro","tag-seguridad","tag-unidad-nacional-de-proteccion","tag-unidad-nacional-de-proteccion-unp","tag-unp","tag-viajes"],"_links":{"self":[{"href":"https:\/\/dimensionturistica.com\/es\/wp-json\/wp\/v2\/posts\/885524","targetHints":{"allow":["GET"]}}],"collection":[{"href":"https:\/\/dimensionturistica.com\/es\/wp-json\/wp\/v2\/posts"}],"about":[{"href":"https:\/\/dimensionturistica.com\/es\/wp-json\/wp\/v2\/types\/post"}],"author":[{"embeddable":true,"href":"https:\/\/dimensionturistica.com\/es\/wp-json\/wp\/v2\/users\/4"}],"replies":[{"embeddable":true,"href":"https:\/\/dimensionturistica.com\/es\/wp-json\/wp\/v2\/comments?post=885524"}],"version-history":[{"count":0,"href":"https:\/\/dimensionturistica.com\/es\/wp-json\/wp\/v2\/posts\/885524\/revisions"}],"wp:featuredmedia":[{"embeddable":true,"href":"https:\/\/dimensionturistica.com\/es\/wp-json\/wp\/v2\/media\/885525"}],"wp:attachment":[{"href":"https:\/\/dimensionturistica.com\/es\/wp-json\/wp\/v2\/media?parent=885524"}],"wp:term":[{"taxonomy":"category","embeddable":true,"href":"https:\/\/dimensionturistica.com\/es\/wp-json\/wp\/v2\/categories?post=885524"},{"taxonomy":"post_tag","embeddable":true,"href":"https:\/\/dimensionturistica.com\/es\/wp-json\/wp\/v2\/tags?post=885524"}],"curies":[{"name":"wp","href":"https:\/\/api.w.org\/{rel}","templated":true}]}}