{"id":884898,"date":"2024-12-03T19:31:10","date_gmt":"2024-12-03T19:31:10","guid":{"rendered":"https:\/\/dimensionturistica.com\/es\/?p=884898"},"modified":"2024-12-03T19:31:10","modified_gmt":"2024-12-03T19:31:10","slug":"dialogos-con-lideres-empresariales-desplazamientos-internacionales-y-gestiones-legislativas","status":"publish","type":"post","link":"https:\/\/dimensionturistica.com\/es\/dialogos-con-lideres-empresariales-desplazamientos-internacionales-y-gestiones-legislativas\/","title":{"rendered":"Di\u00e1logos con l\u00edderes empresariales, desplazamientos internacionales y gestiones legislativas."},"content":{"rendered":"<p><strong>Karina Milei: La Nueva Voz del Turismo Argentino<\/strong><\/p>\n<p>En el din\u00e1mico mundo del turismo, donde cada detalle cuenta y las experiencias aut\u00e9nticas son el verdadero motor de la industria, surge una figura que est\u00e1 marcando la pauta: Karina Milei. Con una visi\u00f3n renovadora y un enfoque estrat\u00e9gico, Milei se ha ganado la atenci\u00f3n de empresarios y actores clave del sector gracias a su capacidad para conjugar la pol\u00edtica y los negocios de manera eficaz. <\/p>\n<p>Durante sus recientes encuentros con l\u00edderes empresariales, Milei ha demostrado que no solo es una intermediaria en el \u00e1mbito pol\u00edtico, sino que tambi\u00e9n es una promesa de cambio para un sector que ha sido golpeado por la pandemia y las crisis econ\u00f3micas. Su estilo directo y su habilidad para escuchar las necesidades del empresariado han resonado en un momento cr\u00edtico, donde la colaboraci\u00f3n entre el gobierno y el sector privado es m\u00e1s crucial que nunca para impulsar el turismo.<\/p>\n<p>Las charlas que ha llevado a cabo son m\u00e1s que simples reuniones; son espacios de di\u00e1logo donde se discuten ideas innovadoras para reactivar el turismo. Desde la digitalizaci\u00f3n de servicios hasta el fomento de rutas menos exploradas, Milei se mueve \u00e1gilmente entre las propuestas, mostrando un entendimiento claro de que el futuro del turismo argentino necesita ser inclusivo y diverso.<\/p>\n<p>La realidad es que Argentina tiene mucho que ofrecer: paisajes variados que van desde la majestuosidad de la Patagonia hasta la vibrante vida urbana de Buenos Aires. Sin embargo, para poder abrirse al mundo post-pandemia, se requiere una estrategia que potencie su imagen y lo posicione como un destino atractivo para viajeros internacionales. En este sentido, Milei se ha comprometido a trabajar en un plan que no solo busque captar la atenci\u00f3n de turistas, sino tambi\u00e9n maximizar la experiencia de quienes ya eligen el pa\u00eds como su destino.<\/p>\n<p>Uno de los aspectos m\u00e1s interesantes de su enfoque es la integraci\u00f3n de la sostenibilidad en el turismo. En las discusiones con empresarios, Milei ha subrayado la importancia de implementar pr\u00e1cticas responsables que preserven las bellezas naturales de Argentina. El fortalecimiento del ecoturismo y el apoyo a iniciativas locales son esenciales para atraer a un p\u00fablico cada vez m\u00e1s consciente de su impacto en el medio ambiente.<\/p>\n<p>A medida que se avecinan nuevos desaf\u00edos y oportunidades, la figura de Karina Milei se presenta como un s\u00edmbolo de esperanza y renovaci\u00f3n para un sector que ha tenido que adaptarse m\u00e1s que nunca. Su trabajo no solo es una apuesta por el futuro de la industria tur\u00edstica, sino un llamado a la acci\u00f3n para todos aquellos que creen que, a pesar de las adversidades, Argentina puede volver a brillar en el mapa tur\u00edstico global.<\/p>\n<p>Con su empoderamiento y liderazgo, Milei se est\u00e1 posicionando no solo como una l\u00edder pol\u00edtica, sino tambi\u00e9n como una referente en la b\u00fasqueda de soluciones innovadoras y desde una perspectiva integral y colaborativa. El camino est\u00e1 trazado hacia un nuevo horizonte, y bajo su gu\u00eda, el turismo argentino podr\u00eda experimentar una transformaci\u00f3n que no solo beneficie a los viajeros, sino tambi\u00e9n a las comunidades locales y al pa\u00eds en su conjunto. <\/p>\n<p>La oportunidad est\u00e1 en el aire. Ya es tiempo de que el turismo argentino despliegue sus alas nuevamente y vuele alto, y Karina Milei es quien est\u00e1 decidida a dirigir ese vuelo.<\/p>\n<p><em> &#8221; Sources www.clarin.com &#8221; <\/em><\/p>\n<p><em> &#8221; Fuentes www.clarin.com &#8221; <\/em><\/p>\n","protected":false},"excerpt":{"rendered":"<p>Karina Milei: La Nueva Voz del Turismo Argentino En el din\u00e1mico mundo del turismo, donde cada detalle cuenta y las experiencias aut\u00e9nticas son el verdadero motor de la industria, surge una figura que est\u00e1 marcando la pauta: Karina Milei. Con una visi\u00f3n renovadora y un enfoque estrat\u00e9gico, Milei se ha ganado la atenci\u00f3n de empresarios [&hellip;]<\/p>\n","protected":false},"author":4,"featured_media":884899,"comment_status":"open","ping_status":"closed","sticky":false,"template":"","format":"standard","meta":{"om_disable_all_campaigns":false,"jnews-multi-image_gallery":[],"jnews_single_post":[],"jnews_primary_category":[],"jnews_social_meta":[],"footnotes":""},"categories":[39],"tags":[923,715,3573,6285,1935,5757,546,545],"class_list":["post-884898","post","type-post","status-publish","format-standard","has-post-thumbnail","hentry","category-viajes","tag-congreso","tag-economia","tag-empresarios","tag-exterior","tag-negocios","tag-operaciones","tag-politica","tag-viajes"],"_links":{"self":[{"href":"https:\/\/dimensionturistica.com\/es\/wp-json\/wp\/v2\/posts\/884898","targetHints":{"allow":["GET"]}}],"collection":[{"href":"https:\/\/dimensionturistica.com\/es\/wp-json\/wp\/v2\/posts"}],"about":[{"href":"https:\/\/dimensionturistica.com\/es\/wp-json\/wp\/v2\/types\/post"}],"author":[{"embeddable":true,"href":"https:\/\/dimensionturistica.com\/es\/wp-json\/wp\/v2\/users\/4"}],"replies":[{"embeddable":true,"href":"https:\/\/dimensionturistica.com\/es\/wp-json\/wp\/v2\/comments?post=884898"}],"version-history":[{"count":0,"href":"https:\/\/dimensionturistica.com\/es\/wp-json\/wp\/v2\/posts\/884898\/revisions"}],"wp:featuredmedia":[{"embeddable":true,"href":"https:\/\/dimensionturistica.com\/es\/wp-json\/wp\/v2\/media\/884899"}],"wp:attachment":[{"href":"https:\/\/dimensionturistica.com\/es\/wp-json\/wp\/v2\/media?parent=884898"}],"wp:term":[{"taxonomy":"category","embeddable":true,"href":"https:\/\/dimensionturistica.com\/es\/wp-json\/wp\/v2\/categories?post=884898"},{"taxonomy":"post_tag","embeddable":true,"href":"https:\/\/dimensionturistica.com\/es\/wp-json\/wp\/v2\/tags?post=884898"}],"curies":[{"name":"wp","href":"https:\/\/api.w.org\/{rel}","templated":true}]}}