{"id":88441,"date":"2021-03-01T03:55:45","date_gmt":"2021-03-01T03:55:45","guid":{"rendered":"https:\/\/dimensionturistica.com\/es\/?p=88441"},"modified":"2021-03-01T03:55:45","modified_gmt":"2021-03-01T03:55:45","slug":"asi-son-los-modelos-2022","status":"publish","type":"post","link":"https:\/\/dimensionturistica.com\/es\/asi-son-los-modelos-2022\/","title":{"rendered":"As\u00ed son los modelos 2022"},"content":{"rendered":"<p> <br \/>\n<\/p>\n<div itemprop=\"articleBody\">\n<h4>Ya est\u00e1n a la venta en Brasil los nuevos modelos 2022 de Volkswagen Gol y Voyage, hoy por hoy uno de los veh\u00edculos m\u00e1s populares y a la vez m\u00e1s veteranos del mercado, tanto en ese pa\u00eds como en Colombia. Pocos cambios, pero cabe rese\u00f1arlos.<\/h4>\n<p>Aunque han pasado 13 a\u00f1os desde su estreno, los actuales <strong>Volkswagen Gol y Voyage<\/strong> se mantienen en el favoritismo del p\u00fablico tanto en Brasil, como en Colombia y otros pa\u00edses latinoamericanos. Aspectos como la <strong>fiabilidad mec\u00e1nica, econom\u00eda en su operaci\u00f3n<\/strong>, bajo precio de venta y aceptaci\u00f3n en el mercado del usado, le han permitido <strong>continuar vigente en las vitrinas<\/strong>.<\/p>\n<p>Por eso, llegaron al pa\u00eds vecino los <strong>modelos 2022<\/strong> de estos veh\u00edculos, con sutiles novedades. Estas se re\u00fanen en el paquete<em><strong> \u201cUrban Complete\u201d<\/strong><\/em> para toda la gama, que abarca centro multimedia con pantalla de 6,5 pulgadas, <strong>management crucero<\/strong>, llave tipo navaja, luces exploradoras, rines de aleaci\u00f3n de 15 pulgadas y sensor de reversa.<\/p>\n<p>Otros elementos disponibles son el <strong>computador a bordo<\/strong>, alarma con management, sonido con cuatro parlantes y dos tweeters, volante con ajuste de altura y profundidad, espejos y manijas en \u201cbody color\u201d, cierre el\u00e9ctrico de puertas, espejos con luz direccional y <strong>volante multifuncional<\/strong>.<\/p>\n<p style=\"text-align: center;\"><img decoding=\"async\" loading=\"lazy\" class=\"aligncenter size-full wp-image-80330 lazyload\" alt=\"volkswagen gol 2021, volkswagen voyage 2021, volkswagen gol nueva generacion, volkswagen voyage nueva generacion, volkswagen saveiro 2021\" width=\"1100\" height=\"760\" src=\"https:\/\/dimensionturistica.com\/es\/wp-content\/uploads\/2021\/03\/Asi-son-los-modelos-2022.jpg\"  data-\/><noscript><img decoding=\"async\" loading=\"lazy\" class=\"aligncenter size-full wp-image-80330\" src=\"https:\/\/dimensionturistica.com\/es\/wp-content\/uploads\/2021\/03\/Asi-son-los-modelos-2022.jpg\" alt=\"volkswagen gol 2021, volkswagen voyage 2021, volkswagen gol nueva generacion, volkswagen voyage nueva generacion, volkswagen saveiro 2021\" width=\"1100\" height=\"760\"  \/><\/noscript><\/p>\n<p style=\"text-align: center;\"><img decoding=\"async\" loading=\"lazy\" class=\"aligncenter size-full wp-image-80334 lazyload\" alt=\"volkswagen gol 2021, volkswagen voyage 2021, volkswagen gol nueva generacion, volkswagen voyage nueva generacion, volkswagen saveiro 2021\" width=\"1100\" height=\"760\" src=\"https:\/\/dimensionturistica.com\/es\/wp-content\/uploads\/2021\/03\/1614570944_220_Asi-son-los-modelos-2022.jpg\"  data-\/><noscript><img decoding=\"async\" loading=\"lazy\" class=\"aligncenter size-full wp-image-80334\" src=\"https:\/\/dimensionturistica.com\/es\/wp-content\/uploads\/2021\/03\/1614570944_220_Asi-son-los-modelos-2022.jpg\" alt=\"volkswagen gol 2021, volkswagen voyage 2021, volkswagen gol nueva generacion, volkswagen voyage nueva generacion, volkswagen saveiro 2021\" width=\"1100\" height=\"760\"  \/><\/noscript><\/p>\n<h3>Caracter\u00edsticas Generales<\/h3>\n<p>De resto, no hay cambios a nivel de dise\u00f1o, mec\u00e1nica y seguridad. Los Volkswagen Gol y Voyage 2022 contin\u00faan con el dise\u00f1o aplicado en 2019, a\u00fan con los motores de <strong>1.6 litros con ocho y 16 v\u00e1lvulas<\/strong>, que entregan <strong>99 hp \/ 143 Nm<\/strong> y <strong>110 hp \/ 155 Nm<\/strong>, respectivamente. En Brasil, las versiones de acceso tienen un motor de 1.0 litro y tres cilindros con 75 hp y 102 Nm.<\/p>\n<p>Tal y como ocurre actualmente, dichos motores podr\u00e1n unirse a una <strong>caja handbook de cinco velocidades<\/strong> o<strong> autom\u00e1tica de seis marchas<\/strong>, este \u00faltimo \u00fanicamente disponible con el motor 1.6 de 16 v\u00e1lvulas.<\/p>\n<p>Tampoco hay novedades en seguridad. Es decir, permanecen los dos airbags frontales, frenos ABS+EBD, anclajes ISOFIX para asientos infantiles, cinturones y apoyacabezas para los cinco ocupantes, y activaci\u00f3n de luces de freno en situaciones de emergencia. A\u00fan <strong>no hay controles de estabilidad y tracci\u00f3n<\/strong>.<\/p>\n<p style=\"text-align: center;\"><img decoding=\"async\" loading=\"lazy\" class=\"aligncenter size-full wp-image-30870 lazyload\" alt=\"volkswagen voyage 2019, volkswagen voyage 2019 colombia, volkswagen voyage 2019 precio colombia, volkswagen voyage comfortline 2019, volkswagen voyage trendline 2019, volkswagen voyage 2019 caracteristicas, volkswagen voyage 2019 equipamiento, volkswagen voyage 2019 versiones, volkswagen voyage 2019 dimensiones, volkswagen voyage 2019 imagenes\" width=\"1100\" height=\"760\" src=\"https:\/\/dimensionturistica.com\/es\/wp-content\/uploads\/2021\/03\/1614570944_656_Asi-son-los-modelos-2022.jpg\"  data-\/><noscript><img decoding=\"async\" loading=\"lazy\" class=\"aligncenter size-full wp-image-30870\" src=\"https:\/\/dimensionturistica.com\/es\/wp-content\/uploads\/2021\/03\/1614570944_656_Asi-son-los-modelos-2022.jpg\" alt=\"volkswagen voyage 2019, volkswagen voyage 2019 colombia, volkswagen voyage 2019 precio colombia, volkswagen voyage comfortline 2019, volkswagen voyage trendline 2019, volkswagen voyage 2019 caracteristicas, volkswagen voyage 2019 equipamiento, volkswagen voyage 2019 versiones, volkswagen voyage 2019 dimensiones, volkswagen voyage 2019 imagenes\" width=\"1100\" height=\"760\"  \/><\/noscript><\/p>\n<p style=\"text-align: center;\"><img decoding=\"async\" loading=\"lazy\" class=\"aligncenter size-full wp-image-30867 lazyload\" alt=\"volkswagen voyage 2019, volkswagen voyage 2019 colombia, volkswagen voyage 2019 precio colombia, volkswagen voyage comfortline 2019, volkswagen voyage trendline 2019, volkswagen voyage 2019 caracteristicas, volkswagen voyage 2019 equipamiento, volkswagen voyage 2019 versiones, volkswagen voyage 2019 dimensiones, volkswagen voyage 2019 imagenes\" width=\"1100\" height=\"760\" src=\"https:\/\/dimensionturistica.com\/es\/wp-content\/uploads\/2021\/03\/1614570944_406_Asi-son-los-modelos-2022.jpg\"  data-\/><noscript><img decoding=\"async\" loading=\"lazy\" class=\"aligncenter size-full wp-image-30867\" src=\"https:\/\/dimensionturistica.com\/es\/wp-content\/uploads\/2021\/03\/1614570944_406_Asi-son-los-modelos-2022.jpg\" alt=\"volkswagen voyage 2019, volkswagen voyage 2019 colombia, volkswagen voyage 2019 precio colombia, volkswagen voyage comfortline 2019, volkswagen voyage trendline 2019, volkswagen voyage 2019 caracteristicas, volkswagen voyage 2019 equipamiento, volkswagen voyage 2019 versiones, volkswagen voyage 2019 dimensiones, volkswagen voyage 2019 imagenes\" width=\"1100\" height=\"760\"  \/><\/noscript><\/p>\n<p>Algo curioso es que la nueva gama 2022 de los Volkswagen Gol y Voyage se vende en Brasil <strong>en un \u00fanico nivel de equipamiento base<\/strong>, que puede configurarse a gusto del comprador. De todas formas, los reemplazos de estos modelos ya est\u00e1n en desarrollo y seg\u00fan se conoce, por fin <strong>podremos conocerlos el pr\u00f3ximo a\u00f1o<\/strong>.<\/p>\n<p>Por lo pronto, la gama disponible en Colombia <strong>permanece sin cambios hasta nueva orden<\/strong>. No obstante, algunas de las nuevas opciones deber\u00e1n incorporarse en breve a la oferta nacional.<\/p>\n<p><strong><a rel=\"nofollow noopener\" target=\"_blank\" href=\"https:\/\/www.elcarrocolombiano.com\/pruebas\/volkswagen-nivus-a-prueba-lo-bueno-lo-malo-y-lo-feo-del-suv-coupe-video\/\">Lea tambi\u00e9n: Volkswagen Nivus a prueba \u2013 Lo bueno, lo malo y lo feo del SUV Coup\u00e9 (+VIDEO)<\/a><\/strong><\/p>\n<hr\/>\n<p>\u00d3scar Juli\u00e1n Restrepo Mantilla.<\/p>\n<h3>\u00bfTiene algo que decir? \u00c9ste es su espacio:<\/h3>\n<\/div>\n<p><script>(function(d, s, id) {\n  var js, fjs = d.getElementsByTagName(s)[0];\n  if (d.getElementById(id)) return;\n  js = d.createElement(s); js.id = id;\n  js.src = \"https:\/\/connect.facebook.net\/es_LA\/sdk.js#xfbml=1&version=v2.5&appId=367131213460172\";\n  fjs.parentNode.insertBefore(js, fjs);\n}(document, 'script', 'facebook-jssdk'));<\/script><script>(function(d, s, id) {\n  var js, fjs = d.getElementsByTagName(s)[0];\n  if (d.getElementById(id)) return;\n  js = d.createElement(s); js.id = id;\n  js.src = \"https:\/\/connect.facebook.net\/es_LA\/sdk.js#xfbml=1&appId=367131213460172&version=v2.3\";\n  fjs.parentNode.insertBefore(js, fjs);\n}(document, 'script', 'facebook-jssdk'));<\/script><br \/>\n<br \/><\/p>\n<p><em> &#8221; Fuentes www.elcarrocolombiano.com &#8221; <\/em><\/p>\n","protected":false},"excerpt":{"rendered":"<p>Ya est\u00e1n a la venta en Brasil los nuevos modelos 2022 de Volkswagen Gol y Voyage, hoy por hoy uno de los veh\u00edculos m\u00e1s populares y a la vez m\u00e1s veteranos del mercado, tanto en ese pa\u00eds como en Colombia. Pocos cambios, pero cabe rese\u00f1arlos. Aunque han pasado 13 a\u00f1os desde su estreno, los actuales [&hellip;]<\/p>\n","protected":false},"author":4,"featured_media":88442,"comment_status":"open","ping_status":"closed","sticky":false,"template":"","format":"standard","meta":{"om_disable_all_campaigns":false,"jnews-multi-image_gallery":[],"jnews_single_post":[],"jnews_primary_category":[],"jnews_social_meta":[],"footnotes":""},"categories":[41],"tags":[18573,18588,18576,18577,18575,18578,18586,18579,18585,18574,18587,18581,18582,18580,18583,18584],"class_list":["post-88441","post","type-post","status-publish","format-standard","has-post-thumbnail","hentry","category-cruceros","tag-volkswagen-gol-2022","tag-volkswagen-gol-2022-argentina","tag-volkswagen-gol-2022-brasil","tag-volkswagen-gol-2022-caracteristicas","tag-volkswagen-gol-2022-colombia","tag-volkswagen-gol-2022-ficha-tecnica","tag-volkswagen-gol-2022-mexico","tag-volkswagen-gol-2022-novedades","tag-volkswagen-gol-sedan-2022-mexico","tag-volkswagen-voyage-2022","tag-volkswagen-voyage-2022-argentina","tag-volkswagen-voyage-2022-brasil","tag-volkswagen-voyage-2022-caracteristicas","tag-volkswagen-voyage-2022-colombia","tag-volkswagen-voyage-2022-ficha-tecnica","tag-volkswagen-voyage-2022-novedades"],"_links":{"self":[{"href":"https:\/\/dimensionturistica.com\/es\/wp-json\/wp\/v2\/posts\/88441","targetHints":{"allow":["GET"]}}],"collection":[{"href":"https:\/\/dimensionturistica.com\/es\/wp-json\/wp\/v2\/posts"}],"about":[{"href":"https:\/\/dimensionturistica.com\/es\/wp-json\/wp\/v2\/types\/post"}],"author":[{"embeddable":true,"href":"https:\/\/dimensionturistica.com\/es\/wp-json\/wp\/v2\/users\/4"}],"replies":[{"embeddable":true,"href":"https:\/\/dimensionturistica.com\/es\/wp-json\/wp\/v2\/comments?post=88441"}],"version-history":[{"count":0,"href":"https:\/\/dimensionturistica.com\/es\/wp-json\/wp\/v2\/posts\/88441\/revisions"}],"wp:featuredmedia":[{"embeddable":true,"href":"https:\/\/dimensionturistica.com\/es\/wp-json\/wp\/v2\/media\/88442"}],"wp:attachment":[{"href":"https:\/\/dimensionturistica.com\/es\/wp-json\/wp\/v2\/media?parent=88441"}],"wp:term":[{"taxonomy":"category","embeddable":true,"href":"https:\/\/dimensionturistica.com\/es\/wp-json\/wp\/v2\/categories?post=88441"},{"taxonomy":"post_tag","embeddable":true,"href":"https:\/\/dimensionturistica.com\/es\/wp-json\/wp\/v2\/tags?post=88441"}],"curies":[{"name":"wp","href":"https:\/\/api.w.org\/{rel}","templated":true}]}}