{"id":88212,"date":"2021-02-28T11:31:24","date_gmt":"2021-02-28T11:31:24","guid":{"rendered":"https:\/\/dimensionturistica.com\/es\/?p=88212"},"modified":"2021-02-28T11:31:25","modified_gmt":"2021-02-28T11:31:25","slug":"costa-reinicia-cruceros-desde-el-27-de-marzo","status":"publish","type":"post","link":"https:\/\/dimensionturistica.com\/es\/costa-reinicia-cruceros-desde-el-27-de-marzo\/","title":{"rendered":"Costa reinicia cruceros desde el 27 de marzo"},"content":{"rendered":"<p> <br \/>\n<\/p>\n<div>\n<p class=\"text-align-justify\"><span><span><span><span><span><span><img decoding=\"async\" alt=\"\" class=\"img-responsive\" height=\"641\" src=\"https:\/\/dimensionturistica.com\/es\/wp-content\/uploads\/2021\/02\/Costa-reinicia-cruceros-desde-el-27-de-marzo.jpg\" width=\"1152\"\/>Los cruceros de Costa Cruceros, compa\u00f1\u00eda italiana de Carnival Company &amp; plc, est\u00e1n listos para zarpar de nuevo y ofrecer unas vacaciones de ocio y chill out, junto con unos protocolos de salud y seguridad mejorados.<\/span><\/span><\/span><\/span><\/span><\/span><\/p>\n<p class=\"text-align-justify\"><span><span><span><span><span><span>La reanudaci\u00f3n comienza con la salida del buque insignia Costa Smeralda, programada para el 27 de marzo con un itinerario sin cambios, llevando a los hu\u00e9spedes a hermosos lugares de Italia, con minicruceros de 3 y 4 d\u00edas o, alternativamente, un crucero de 7 d\u00edas, con escalas en Savona, La Spezia, Civitavecchia, N\u00e1poles, Messina y Cagliari. <\/span><\/span><\/span><\/span><\/span><\/span><\/p>\n<p class=\"text-align-justify\"><span><span><span><span><span><span>A partir del 1 de mayo, el Costa Smeralda volver\u00e1 a realizar cruceros de una semana por el Mediterr\u00e1neo occidental, con visitas a Italia (Savona, Civitavecchia y Palermo), Francia (Marsella) y posiblemente Espa\u00f1a (Barcelona y Palma de Mallorca).<\/span><\/span><\/span><\/span><\/span><\/span><\/p>\n<p class=\"text-align-justify\"><span><span><span><span><span><span>Un segundo barco, el Costa Luminosa, tambi\u00e9n volver\u00e1 a estar en servicio, partiendo de Trieste a partir del 2 de mayo, y al d\u00eda siguiente de Bari, confirmando su programa de cruceros de una semana por Grecia y Croacia. <\/span><\/span><\/span><\/span><\/span><\/span><\/p>\n<p class=\"text-align-justify\"><span><span><span><span><span><span><a rel=\"nofollow noopener\" target=\"_blank\" href=\"https:\/\/www.costacruceros.es\/\">Costa <\/a>est\u00e1 trabajando estrechamente con las autoridades nacionales y locales de los pa\u00edses incluidos en los itinerarios de sus buques fuera de Italia para definir y acordar los detalles de la reanudaci\u00f3n de las operaciones de crucero, con medidas de salud y seguridad reforzadas gracias a la aplicaci\u00f3n del Protocolo de Seguridad de Costa. <\/span><\/span><\/span><\/span><\/span><\/span><\/p>\n<p class=\"text-align-justify\"><span><span><span><span><span><span>El Protocolo contiene medidas operativas relacionadas con todos los aspectos de la experiencia del crucero, tanto a bordo como en tierra, que se han aplicado con \u00e9xito en Italia desde el pasado 6 de septiembre. <\/span><\/span><\/span><\/span><\/span><\/span><\/p>\n<p class=\"text-align-justify\"><span><span><span><span><span><span>Dichas medidas incluyen la limitaci\u00f3n de la capacidad, las pruebas de ant\u00edgeno para todos los hu\u00e9spedes y la tripulaci\u00f3n, los controles de temperatura al desembarcar y reembarcar en el barco, las excursiones en tierra protegidas, el distanciamiento f\u00edsico a bordo y en las terminales de cruceros, las nuevas formas de utilizar los servicios a bordo, la mejora de los servicios sanitarios y m\u00e9dicos, y el uso de m\u00e1scaras protectoras donde est\u00e9 establecido.<\/span><\/span><\/span><\/span><\/span><\/span><\/p>\n<p class=\"text-align-justify\"><span><span><span><span><span><span>Los detalles de los itinerarios, con las correspondientes opciones de reserva, estar\u00e1n pronto disponibles en el sitio net de la compa\u00f1\u00eda y en las agencias de viajes.<\/span><\/span><\/span><\/span><\/span><\/span><\/p>\n<p class=\"text-align-justify\"><span><span><span><span><span><span>Todos los dem\u00e1s cruceros previstos hasta finales de mayo, y no incluidos en el programa actualizado hoy, ser\u00e1n cancelados. Costa est\u00e1 informando a las agencias de viajes y a los clientes afectados por los cambios.<\/span><\/span><\/span><\/span><\/span><\/span><\/p>\n<p class=\"text-align-justify\"><span><span><span><span><em><span><span>Expreso. Redacci\u00f3n. A.F<\/span><\/span><\/em><\/span><\/span><\/span><\/span><\/p>\n<\/div>\n\n<p><em> &#8221; Fuentes www.expreso.info &#8221; <\/em><\/p>\n","protected":false},"excerpt":{"rendered":"<p>Los cruceros de Costa Cruceros, compa\u00f1\u00eda italiana de Carnival Company &amp; plc, est\u00e1n listos para zarpar de nuevo y ofrecer unas vacaciones de ocio y chill out, junto con unos protocolos de salud y seguridad mejorados. La reanudaci\u00f3n comienza con la salida del buque insignia Costa Smeralda, programada para el 27 de marzo con un [&hellip;]<\/p>\n","protected":false},"author":4,"featured_media":88213,"comment_status":"open","ping_status":"closed","sticky":false,"template":"","format":"standard","meta":{"om_disable_all_campaigns":false,"jnews-multi-image_gallery":[],"jnews_single_post":[],"jnews_primary_category":[],"jnews_social_meta":[],"footnotes":""},"categories":[41],"tags":[],"class_list":["post-88212","post","type-post","status-publish","format-standard","has-post-thumbnail","hentry","category-cruceros"],"_links":{"self":[{"href":"https:\/\/dimensionturistica.com\/es\/wp-json\/wp\/v2\/posts\/88212","targetHints":{"allow":["GET"]}}],"collection":[{"href":"https:\/\/dimensionturistica.com\/es\/wp-json\/wp\/v2\/posts"}],"about":[{"href":"https:\/\/dimensionturistica.com\/es\/wp-json\/wp\/v2\/types\/post"}],"author":[{"embeddable":true,"href":"https:\/\/dimensionturistica.com\/es\/wp-json\/wp\/v2\/users\/4"}],"replies":[{"embeddable":true,"href":"https:\/\/dimensionturistica.com\/es\/wp-json\/wp\/v2\/comments?post=88212"}],"version-history":[{"count":0,"href":"https:\/\/dimensionturistica.com\/es\/wp-json\/wp\/v2\/posts\/88212\/revisions"}],"wp:featuredmedia":[{"embeddable":true,"href":"https:\/\/dimensionturistica.com\/es\/wp-json\/wp\/v2\/media\/88213"}],"wp:attachment":[{"href":"https:\/\/dimensionturistica.com\/es\/wp-json\/wp\/v2\/media?parent=88212"}],"wp:term":[{"taxonomy":"category","embeddable":true,"href":"https:\/\/dimensionturistica.com\/es\/wp-json\/wp\/v2\/categories?post=88212"},{"taxonomy":"post_tag","embeddable":true,"href":"https:\/\/dimensionturistica.com\/es\/wp-json\/wp\/v2\/tags?post=88212"}],"curies":[{"name":"wp","href":"https:\/\/api.w.org\/{rel}","templated":true}]}}