{"id":88103,"date":"2021-02-27T23:20:50","date_gmt":"2021-02-27T23:20:50","guid":{"rendered":"https:\/\/dimensionturistica.com\/es\/?p=88103"},"modified":"2021-02-27T23:20:50","modified_gmt":"2021-02-27T23:20:50","slug":"encuentran-con-vida-a-la-menor-que-desaparecio-mientras-trabajaba-en-crucero-de-coacalco-la-cronica-de-hoy","status":"publish","type":"post","link":"https:\/\/dimensionturistica.com\/es\/encuentran-con-vida-a-la-menor-que-desaparecio-mientras-trabajaba-en-crucero-de-coacalco-la-cronica-de-hoy\/","title":{"rendered":"Encuentran con vida a la menor que desapareci\u00f3 mientras trabajaba en crucero de Coacalco &#8211; La Cr\u00f3nica de Hoy"},"content":{"rendered":"<p> <br \/>\n<\/p>\n<p><h5>Encuentran con vida a la menor que desapareci\u00f3 mientras trabajaba en crucero de Coacalco<\/h5>\n<\/p>\n<div align=\"left\">\n<p>Esmeralda Citlatlli desapareci\u00f3 el pasado 22 de septiembre en un crucero del municipio de Coacalco. Su padre, tragafuegos, la buscaba incansablemente <\/p>\n<\/div>\n<div align=\"left\">\n<p>El 22 de septiembre de 2020 se report\u00f3 la desaparici\u00f3n de una menor de 16 a\u00f1os, identificada como Esmeralda Citlalli,\u00a0en el municipio de Coacalco\u00a0mientras se encontraba trabajando con su pap\u00e1 en el crucero entre la avenida Mexiquense y la carretera Coacalco-Tultepec. El pap\u00e1 de Citlalli es tragafuegos y ella le ayudaba a recolectar las monedas.<\/p>\n<p>La Fiscal\u00eda Basic de Justicia del Estado de M\u00e9xico (FGJEM) inform\u00f3 el 25 de febrero que se retiraba la Alerta\u00a0Amber de la menor, puesto que hab\u00eda sido localizada con vida. Sin embargo, la mam\u00e1 de Citlalli no fue notificada y las autoridades no le daban informaci\u00f3n clara cuando se acerc\u00f3 a la Fiscal\u00eda para reconocer a su hija.<\/p>\n<p>La FGJEM tambi\u00e9n inform\u00f3 que Citlatlli no fue v\u00edctima de alg\u00fan delito, ya que ella misma refiri\u00f3 su ausencia fue voluntaria, por lo que continuar\u00e1 resguardada por private de la Fiscal\u00eda Especializada para la Investigaci\u00f3n de Delitos en Materia de Desaparici\u00f3n Forzada de Personas y la Desaparici\u00f3n cometida por Particulares.\u00a0<\/p>\n<p>Las autoridades afirmaron que realizar\u00e1n las investigaciones correspondientes para comprobar si la menor se encontraba en un ambiente acquainted nocivo en el que sufriera alg\u00fan tipo de violencia antes de determinar si ser\u00e1 reintegrada a su n\u00facleo acquainted.<\/p>\n<p>\u00a0<\/p>\n<p>\u00a0<\/p>\n<\/div>\n<p><script>\n  window.fbAsyncInit = function() {\n    FB.init({\n      appId      : '1412895065533521',\n      cookie     : true,\n      xfbml      : true,\n      version    : 'v5.0'\n    });\n    FB.AppEvents.logPageView();   \n  };\n  (function(d, s, id){\n     var js, fjs = d.getElementsByTagName(s)[0];\n     if (d.getElementById(id)) {return;}\n     js = d.createElement(s); js.id = id;\n     js.src = \"https:\/\/connect.facebook.net\/en_US\/sdk.js\";\n     fjs.parentNode.insertBefore(js, fjs);\n   }(document, 'script', 'facebook-jssdk'));\n<\/script><script async defer crossorigin=\"anonymous\" src=\"https:\/\/connect.facebook.net\/es_ES\/sdk.js#xfbml=1&#038;version=v4.0&#038;appId=2280688608634054&#038;autoLogAppEvents=1\"><\/script><br \/>\n<br \/><\/p>\n<p><em> &#8221; Fuentes www.cronica.com.mx &#8221; <\/em><\/p>\n","protected":false},"excerpt":{"rendered":"<p>Encuentran con vida a la menor que desapareci\u00f3 mientras trabajaba en crucero de Coacalco Esmeralda Citlatlli desapareci\u00f3 el pasado 22 de septiembre en un crucero del municipio de Coacalco. Su padre, tragafuegos, la buscaba incansablemente El 22 de septiembre de 2020 se report\u00f3 la desaparici\u00f3n de una menor de 16 a\u00f1os, identificada como Esmeralda Citlalli,\u00a0en [&hellip;]<\/p>\n","protected":false},"author":4,"featured_media":88104,"comment_status":"open","ping_status":"closed","sticky":false,"template":"","format":"standard","meta":{"om_disable_all_campaigns":false,"jnews-multi-image_gallery":[],"jnews_single_post":[],"jnews_primary_category":[],"jnews_social_meta":[],"footnotes":""},"categories":[41],"tags":[],"class_list":["post-88103","post","type-post","status-publish","format-standard","has-post-thumbnail","hentry","category-cruceros"],"_links":{"self":[{"href":"https:\/\/dimensionturistica.com\/es\/wp-json\/wp\/v2\/posts\/88103","targetHints":{"allow":["GET"]}}],"collection":[{"href":"https:\/\/dimensionturistica.com\/es\/wp-json\/wp\/v2\/posts"}],"about":[{"href":"https:\/\/dimensionturistica.com\/es\/wp-json\/wp\/v2\/types\/post"}],"author":[{"embeddable":true,"href":"https:\/\/dimensionturistica.com\/es\/wp-json\/wp\/v2\/users\/4"}],"replies":[{"embeddable":true,"href":"https:\/\/dimensionturistica.com\/es\/wp-json\/wp\/v2\/comments?post=88103"}],"version-history":[{"count":0,"href":"https:\/\/dimensionturistica.com\/es\/wp-json\/wp\/v2\/posts\/88103\/revisions"}],"wp:featuredmedia":[{"embeddable":true,"href":"https:\/\/dimensionturistica.com\/es\/wp-json\/wp\/v2\/media\/88104"}],"wp:attachment":[{"href":"https:\/\/dimensionturistica.com\/es\/wp-json\/wp\/v2\/media?parent=88103"}],"wp:term":[{"taxonomy":"category","embeddable":true,"href":"https:\/\/dimensionturistica.com\/es\/wp-json\/wp\/v2\/categories?post=88103"},{"taxonomy":"post_tag","embeddable":true,"href":"https:\/\/dimensionturistica.com\/es\/wp-json\/wp\/v2\/tags?post=88103"}],"curies":[{"name":"wp","href":"https:\/\/api.w.org\/{rel}","templated":true}]}}