{"id":88098,"date":"2021-02-27T23:12:34","date_gmt":"2021-02-27T23:12:34","guid":{"rendered":"https:\/\/dimensionturistica.com\/es\/?p=88098"},"modified":"2021-02-27T23:12:34","modified_gmt":"2021-02-27T23:12:34","slug":"la-basura-marina","status":"publish","type":"post","link":"https:\/\/dimensionturistica.com\/es\/la-basura-marina\/","title":{"rendered":"La basura marina"},"content":{"rendered":"<p> <br \/>\n<\/p>\n<div id=\"main-container\">\n<div class=\"main-article-container \">\n<article class=\"article-default\">\n<aside class=\"top-ad-board-container\">\n<aside class=\"top-ad-module \"><span class=\"content-ad visible-md mega-container \"><span class=\"ad-unit mega\"><\/p>\n<p>                <\/span><\/span><\/aside>\n<\/aside>\n<div class=\"container\" style=\"position:relative\">\n<div class=\"row\">\n<header class=\"article-top-header col-12\">\n<\/header>\n<div class=\"article-content col-12 col-md-8\">\n<div class=\"article-modules\">\n<p data-gtm-element-container=\"modulo-texto-link\" class=\"paragraph\">Algunos tripulantes de embar\u00adcaciones pesqueras, cargueros, cruceros o plataformas tendr\u00edan que ser un poco m\u00e1s responsables, minuciosos y sensatos para evitar tirar basura por la borda, porque los mares y los oc\u00e9anos no pueden seguir siendo estercoleros. Cada vez se hace m\u00e1s necesario concienciar y sensibilizar al sector mar\u00edtimo para que adquieran buenas pr\u00e1cticas. Hay que ir pensando en articular un mayor management y fuertes sanciones econ\u00f3micas, incluso con la paralizaci\u00f3n de la actividad. La basura marina ya es un problema world creciente, y el mar se ha convertido en un gran vertedero.<\/p>\n<p data-gtm-element-container=\"modulo-texto-link\" class=\"paragraph\">Los datos son estremecedores y as\u00ed la pesca genera toneladas de residuos a bordo de las embarcaciones y en los puertos que en su mayor parte no son tratados ni gestionados correctamente.<\/p>\n<p><span class=\"content-ad-module \"><\/p>\n<p><span class=\"content-ad visible-xs roba-container \"><span class=\"ad-unit roba\"><\/p>\n<p>                <\/span><\/span><span class=\"content-ad visible-md irr-container \"><span class=\"ad-unit irr\"><\/p>\n<p>                <\/span><\/span><span class=\"content-html\"><span class=\"intext-md hidden-xs hidden-md\"\/><\/span><\/span><\/p>\n<p data-gtm-element-container=\"modulo-texto-link\" class=\"paragraph\">Jos\u00e9 Manuel Pena <\/p>\n<p data-gtm-element-container=\"modulo-texto-link\" class=\"paragraph\">Ribeira (A Coru\u00f1a) <\/p>\n<\/div>\n<aside class=\"board-article-outbrain \" data-gtm-element-container=\"modulo-outbrain-paid\"\/>\n<\/div>\n<aside class=\"article-sidebar col-12 col-md-4\"\/>\n<\/div><\/div>\n<\/article>\n<\/div>\n<p>Cargando siguiente contenido&#8230;<\/p>\n<\/p><\/div>\n<p><script type=\"script\/gg\">\ngg.didomi.doWhenConsent(!window.didomiBypass, 'c:facebooka-frU9M5JY', function () {\n!function(f,b,e,v,n,t,s)\n{if(f.fbq)return;n=f.fbq=function(){n.callMethod?\nn.callMethod.apply(n,arguments):n.queue.push(arguments)};\nif(!f._fbq)f._fbq=n;n.push=n;n.loaded=!0;n.version='2.0';\nn.queue=[];t=b.createElement(e);t.async=!0;\nt.src=v;s=b.getElementsByTagName(e)[0];\ns.parentNode.insertBefore(t,s)}(window, document,'script',\n'https:\/\/connect.facebook.net\/en_US\/fbevents.js');\nfbq('init', '161843274362284');\nfbq('track', 'PageView');\n});\n<\/script><br \/>\n<br \/><\/p>\n<p><em> &#8221; Fuentes www.lavanguardia.com &#8221; <\/em><\/p>\n","protected":false},"excerpt":{"rendered":"<p>Algunos tripulantes de embar\u00adcaciones pesqueras, cargueros, cruceros o plataformas tendr\u00edan que ser un poco m\u00e1s responsables, minuciosos y sensatos para evitar tirar basura por la borda, porque los mares y los oc\u00e9anos no pueden seguir siendo estercoleros. Cada vez se hace m\u00e1s necesario concienciar y sensibilizar al sector mar\u00edtimo para que adquieran buenas pr\u00e1cticas. Hay [&hellip;]<\/p>\n","protected":false},"author":4,"featured_media":0,"comment_status":"open","ping_status":"closed","sticky":false,"template":"","format":"standard","meta":{"om_disable_all_campaigns":false,"jnews-multi-image_gallery":[],"jnews_single_post":[],"jnews_primary_category":[],"jnews_social_meta":[],"footnotes":""},"categories":[41],"tags":[],"class_list":["post-88098","post","type-post","status-publish","format-standard","hentry","category-cruceros"],"_links":{"self":[{"href":"https:\/\/dimensionturistica.com\/es\/wp-json\/wp\/v2\/posts\/88098","targetHints":{"allow":["GET"]}}],"collection":[{"href":"https:\/\/dimensionturistica.com\/es\/wp-json\/wp\/v2\/posts"}],"about":[{"href":"https:\/\/dimensionturistica.com\/es\/wp-json\/wp\/v2\/types\/post"}],"author":[{"embeddable":true,"href":"https:\/\/dimensionturistica.com\/es\/wp-json\/wp\/v2\/users\/4"}],"replies":[{"embeddable":true,"href":"https:\/\/dimensionturistica.com\/es\/wp-json\/wp\/v2\/comments?post=88098"}],"version-history":[{"count":0,"href":"https:\/\/dimensionturistica.com\/es\/wp-json\/wp\/v2\/posts\/88098\/revisions"}],"wp:attachment":[{"href":"https:\/\/dimensionturistica.com\/es\/wp-json\/wp\/v2\/media?parent=88098"}],"wp:term":[{"taxonomy":"category","embeddable":true,"href":"https:\/\/dimensionturistica.com\/es\/wp-json\/wp\/v2\/categories?post=88098"},{"taxonomy":"post_tag","embeddable":true,"href":"https:\/\/dimensionturistica.com\/es\/wp-json\/wp\/v2\/tags?post=88098"}],"curies":[{"name":"wp","href":"https:\/\/api.w.org\/{rel}","templated":true}]}}