{"id":88047,"date":"2021-02-27T20:33:21","date_gmt":"2021-02-27T20:33:21","guid":{"rendered":"https:\/\/dimensionturistica.com\/es\/?p=88047"},"modified":"2021-02-27T20:33:21","modified_gmt":"2021-02-27T20:33:21","slug":"crucero-espera-la-definicion-de-la-forma-de-disputa-del-federal-a","status":"publish","type":"post","link":"https:\/\/dimensionturistica.com\/es\/crucero-espera-la-definicion-de-la-forma-de-disputa-del-federal-a\/","title":{"rendered":"Crucero espera la definici\u00f3n de la forma de disputa del Federal &#8220;A&#8221;"},"content":{"rendered":"<p> <br \/>\n<\/p>\n<div id=\"mvp-content-main\">\n<p>El formato del pr\u00f3ximo torneo Federal \u201cA\u201d deber\u00e1 esperar, al menos unos d\u00edas m\u00e1s, ya que la reuni\u00f3n que iban a tener este viernes los representantes de la tercera categor\u00eda del f\u00fatbol argentino y el Consejo Federal qued\u00f3 suspendida para la pr\u00f3xima semana.<\/p>\n<p>La thought de aplazar la reuni\u00f3n en la cual se iba a comenzar a trabajar en el formato del Federal A es esperar a los cuatro equipos que se sumar\u00e1n del Regional Novice y que quedar\u00e1n definidos este fin de semana.<\/p>\n<p>As\u00ed, de este modo, tambi\u00e9n podr\u00e1n tener voz y voto en el c\u00f3nclave para decidir si finalmente se va a jugar en dos o cuatro zonas; sin descartar la posibilidad de que tambi\u00e9n puedan sean tres.<\/p>\n<p>Adem\u00e1s tambi\u00e9n habr\u00e1 que definir la situaci\u00f3n de San Mart\u00edn de Formosa, ya que desde dicha provincia cada vez suena m\u00e1s fuerte que el \u201cFranjeado\u201d no participar\u00e1 de la siguiente edici\u00f3n del torneo por lo cual podr\u00eda llegar a quedar una vacante m\u00e1s para equilibrar el n\u00famero de equipos participantes.<\/p>\n<p>Por esta raz\u00f3n habr\u00e1 que esperar a los equipos ascendidos del Regional Novice y m\u00e1s d\u00edas de reuniones para saber c\u00f3mo se jugar\u00e1 el torneo del Federal A, el cual en principio se decidi\u00f3 que comience el pr\u00f3ximo 28 de marzo.<\/p>\n<p>Fuente: Ascenso del Inside.<\/p>\n<p>Esta entrada no tiene ninguna etique<\/p>\n<\/p><\/div>\n\n<p><em> &#8221; Fuentes www.noticiasdel6.com &#8221; <\/em><\/p>\n","protected":false},"excerpt":{"rendered":"<p>El formato del pr\u00f3ximo torneo Federal \u201cA\u201d deber\u00e1 esperar, al menos unos d\u00edas m\u00e1s, ya que la reuni\u00f3n que iban a tener este viernes los representantes de la tercera categor\u00eda del f\u00fatbol argentino y el Consejo Federal qued\u00f3 suspendida para la pr\u00f3xima semana. La thought de aplazar la reuni\u00f3n en la cual se iba a [&hellip;]<\/p>\n","protected":false},"author":4,"featured_media":88048,"comment_status":"open","ping_status":"closed","sticky":false,"template":"","format":"standard","meta":{"om_disable_all_campaigns":false,"jnews-multi-image_gallery":[],"jnews_single_post":[],"jnews_primary_category":[],"jnews_social_meta":[],"footnotes":""},"categories":[41],"tags":[],"class_list":["post-88047","post","type-post","status-publish","format-standard","has-post-thumbnail","hentry","category-cruceros"],"_links":{"self":[{"href":"https:\/\/dimensionturistica.com\/es\/wp-json\/wp\/v2\/posts\/88047","targetHints":{"allow":["GET"]}}],"collection":[{"href":"https:\/\/dimensionturistica.com\/es\/wp-json\/wp\/v2\/posts"}],"about":[{"href":"https:\/\/dimensionturistica.com\/es\/wp-json\/wp\/v2\/types\/post"}],"author":[{"embeddable":true,"href":"https:\/\/dimensionturistica.com\/es\/wp-json\/wp\/v2\/users\/4"}],"replies":[{"embeddable":true,"href":"https:\/\/dimensionturistica.com\/es\/wp-json\/wp\/v2\/comments?post=88047"}],"version-history":[{"count":0,"href":"https:\/\/dimensionturistica.com\/es\/wp-json\/wp\/v2\/posts\/88047\/revisions"}],"wp:featuredmedia":[{"embeddable":true,"href":"https:\/\/dimensionturistica.com\/es\/wp-json\/wp\/v2\/media\/88048"}],"wp:attachment":[{"href":"https:\/\/dimensionturistica.com\/es\/wp-json\/wp\/v2\/media?parent=88047"}],"wp:term":[{"taxonomy":"category","embeddable":true,"href":"https:\/\/dimensionturistica.com\/es\/wp-json\/wp\/v2\/categories?post=88047"},{"taxonomy":"post_tag","embeddable":true,"href":"https:\/\/dimensionturistica.com\/es\/wp-json\/wp\/v2\/tags?post=88047"}],"curies":[{"name":"wp","href":"https:\/\/api.w.org\/{rel}","templated":true}]}}