{"id":88041,"date":"2021-02-27T20:16:47","date_gmt":"2021-02-27T20:16:47","guid":{"rendered":"https:\/\/dimensionturistica.com\/es\/?p=88041"},"modified":"2021-02-27T20:16:47","modified_gmt":"2021-02-27T20:16:47","slug":"contemplan-para-mayo-el-arribo-de-cruceros-a-mazatlan-turismo-noticias-tvp","status":"publish","type":"post","link":"https:\/\/dimensionturistica.com\/es\/contemplan-para-mayo-el-arribo-de-cruceros-a-mazatlan-turismo-noticias-tvp\/","title":{"rendered":"Contemplan para mayo el arribo de cruceros a Mazatl\u00e1n | Turismo | Noticias | TVP"},"content":{"rendered":"<p> <br \/>\n<\/p>\n<div>\n<p><span style=\"color: rgb(3, 3, 3); font-family: Roboto, Arial, sans-serif; white-space: pre-wrap; background-color: rgb(255, 255, 0);\">A partir del mes de mayo podr\u00eda reiniciar el arribo de cruceros tur\u00edsticos a Mazatl\u00e1n<\/span><span style=\"color: rgb(3, 3, 3); font-family: Roboto, Arial, sans-serif; white-space: pre-wrap; background-color: rgb(249, 249, 249);\">, se\u00f1al\u00f3 Rafael Rivera L\u00f3pez, Vicepresidente de la Asociaci\u00f3n Mexicana de Empresarios para la Atenci\u00f3n de Cruceros Tur\u00edsticos.<br \/>\nDijo que ser\u00eda la embarcaci\u00f3n<\/span><span style=\"color: rgb(3, 3, 3); font-family: Roboto, Arial, sans-serif; white-space: pre-wrap; background-color: rgb(255, 255, 0);\"> Panorama de la empresa naviera Carnival Cruise Traces<\/span><span style=\"color: rgb(3, 3, 3); font-family: Roboto, Arial, sans-serif; white-space: pre-wrap; background-color: rgb(249, 249, 249);\">, la que incluir\u00eda a Mazatl\u00e1n en su ruta por el pac\u00edfico mexicano, arribando como m\u00e1ximo con 4 mil pasajeros, lo que significa aproximadamente el 50 por ciento de su capacidad.<br \/>\nEl operador tur\u00edstico dijo que est\u00e1n a la espera de que en los siguientes d\u00edas, private de la compa\u00f1\u00eda naviera arribe a Mazatl\u00e1n para realizar las <\/span><span style=\"color: rgb(3, 3, 3); font-family: Roboto, Arial, sans-serif; white-space: pre-wrap; background-color: rgb(255, 255, 0);\">adecuaciones a los paseos y la atenci\u00f3n a turistas navieros debido a los protocolos sanitarios internacionales contra el COVID 19.<\/span><span style=\"color: rgb(3, 3, 3); font-family: Roboto, Arial, sans-serif; white-space: pre-wrap; background-color: rgb(249, 249, 249);\"><br \/>\nRivera L\u00f3pez detall\u00f3 que debido a la pandemia, la mayor\u00eda de las empresas recortaron al private e incluso vendieron equipos y unidades para poder subsistir, por lo que <\/span><span style=\"color: rgb(3, 3, 3); font-family: Roboto, Arial, sans-serif; white-space: pre-wrap; background-color: rgb(255, 255, 0);\">el anuncio en la reactivaci\u00f3n de cruceros trae un aliciente <\/span><span style=\"color: rgb(3, 3, 3); font-family: Roboto, Arial, sans-serif; white-space: pre-wrap; background-color: rgb(249, 249, 249);\">para quienes atienden a dicho segmento tur\u00edstico<\/span><\/p>\n<div class=\"jeg_video_container jeg_video_content\"><iframe loading=\"lazy\" title=\"En mayo reiniciar\u00eda el arribo de cruceros a Mazatl\u00e1n\" width=\"500\" height=\"281\" src=\"https:\/\/www.youtube.com\/embed\/f5WG9uLsBHo?feature=oembed\" frameborder=\"0\" allow=\"accelerometer; autoplay; clipboard-write; encrypted-media; gyroscope; picture-in-picture; web-share\" referrerpolicy=\"strict-origin-when-cross-origin\" allowfullscreen><\/iframe><\/div>\n<p><span style=\"color: rgb(3, 3, 3); font-family: Roboto, Arial, sans-serif; white-space: pre-wrap; background-color: rgb(249, 249, 249);\"><br \/><\/span><\/p>\n<p><span style=\"color: rgb(3, 3, 3); font-family: Roboto, Arial, sans-serif; white-space: pre-wrap; background-color: rgb(249, 249, 249);\">Tambi\u00e9n te puede interesar:<\/span><\/p>\n<p><span style=\"background-color: rgb(249, 249, 249);\"><span><span style=\"white-space: pre-wrap;\"><a rel=\"nofollow noopener\" target=\"_blank\" href=\"https:\/\/tvpacifico.mx\/noticias\/260541-estaran-abiertas-playas-de-mazatlan-durante-semana-santa\">Estar\u00e1n abiertas playas de Mazatl\u00e1n durante Semana Santa<\/a><\/span><\/span><\/span><\/p>\n<p><span style=\"background-color: rgb(249, 249, 249);\"><span><span style=\"white-space: pre-wrap;\"><a rel=\"nofollow noopener\" target=\"_blank\" href=\"https:\/\/tvpacifico.mx\/noticias\/260375-consolidaran-pueblos-magicos-y-senoriales-de-sinaloa\">Consolidar\u00e1n Pueblos M\u00e1gicos y Se\u00f1oriales de Sinaloa<\/a><\/span><br \/><\/span><\/span><\/p>\n<p><span style=\"background-color: rgb(249, 249, 249);\"><span><span style=\"white-space: pre-wrap;\"><a rel=\"nofollow noopener\" target=\"_blank\" href=\"https:\/\/tvpacifico.mx\/noticias\/260539-turnaran-al-organo-interno-de-control-anomalias-del-imdem\">Turnar\u00e1n al \u00d3rgano Interno de Control anomal\u00edas del IMDEM<\/a><\/span><\/span><\/span><\/p>\n<\/div>\n<p><script>(function(d, s, id) {\n        var js, fjs = d.getElementsByTagName(s)[0];\n        if (d.getElementById(id)) return;\n        js = d.createElement(s); js.id = id;\n        js.src=\"https:\/\/connect.facebook.net\/es_LA\/sdk.js#xfbml=1&version=v2.11&appId=962584037097229\";\n        fjs.parentNode.insertBefore(js, fjs);\n    }(document, 'script', 'facebook-jssdk'));<\/script><script>\n    !function(f,b,e,v,n,t,s)\n    {if(f.fbq)return;n=f.fbq=function(){n.callMethod?\n        n.callMethod.apply(n,arguments):n.queue.push(arguments)};\n        if(!f._fbq)f._fbq=n;n.push=n;n.loaded=!0;n.version='2.0';\n        n.queue=[];t=b.createElement(e);t.async=!0;\n        t.src=v;s=b.getElementsByTagName(e)[0];\n        s.parentNode.insertBefore(t,s)}(window, document,'script',\n        'https:\/\/connect.facebook.net\/en_US\/fbevents.js');\n    fbq('init', '2289834817919919');\n    fbq('track', 'PageView');\n    fbq('track', 'CompleteRegistration');\n    fbq('track', 'Contact');\n    fbq('track', 'Search');\n    fbq('track', 'Subscribe', {value: '0.00', currency: 'USD', predicted_ltv: '0.00'});\n    fbq('track', 'ViewContent');\n<\/script><br \/>\n<br \/><\/p>\n<p><em> &#8221; Fuentes tvpacifico.mx &#8221; <\/em><\/p>\n","protected":false},"excerpt":{"rendered":"<p>A partir del mes de mayo podr\u00eda reiniciar el arribo de cruceros tur\u00edsticos a Mazatl\u00e1n, se\u00f1al\u00f3 Rafael Rivera L\u00f3pez, Vicepresidente de la Asociaci\u00f3n Mexicana de Empresarios para la Atenci\u00f3n de Cruceros Tur\u00edsticos. Dijo que ser\u00eda la embarcaci\u00f3n Panorama de la empresa naviera Carnival Cruise Traces, la que incluir\u00eda a Mazatl\u00e1n en su ruta por el [&hellip;]<\/p>\n","protected":false},"author":4,"featured_media":88042,"comment_status":"open","ping_status":"closed","sticky":false,"template":"","format":"standard","meta":{"om_disable_all_campaigns":false,"jnews-multi-image_gallery":[],"jnews_single_post":[],"jnews_primary_category":[],"jnews_social_meta":[],"footnotes":""},"categories":[41],"tags":[],"class_list":["post-88041","post","type-post","status-publish","format-standard","has-post-thumbnail","hentry","category-cruceros"],"_links":{"self":[{"href":"https:\/\/dimensionturistica.com\/es\/wp-json\/wp\/v2\/posts\/88041","targetHints":{"allow":["GET"]}}],"collection":[{"href":"https:\/\/dimensionturistica.com\/es\/wp-json\/wp\/v2\/posts"}],"about":[{"href":"https:\/\/dimensionturistica.com\/es\/wp-json\/wp\/v2\/types\/post"}],"author":[{"embeddable":true,"href":"https:\/\/dimensionturistica.com\/es\/wp-json\/wp\/v2\/users\/4"}],"replies":[{"embeddable":true,"href":"https:\/\/dimensionturistica.com\/es\/wp-json\/wp\/v2\/comments?post=88041"}],"version-history":[{"count":0,"href":"https:\/\/dimensionturistica.com\/es\/wp-json\/wp\/v2\/posts\/88041\/revisions"}],"wp:featuredmedia":[{"embeddable":true,"href":"https:\/\/dimensionturistica.com\/es\/wp-json\/wp\/v2\/media\/88042"}],"wp:attachment":[{"href":"https:\/\/dimensionturistica.com\/es\/wp-json\/wp\/v2\/media?parent=88041"}],"wp:term":[{"taxonomy":"category","embeddable":true,"href":"https:\/\/dimensionturistica.com\/es\/wp-json\/wp\/v2\/categories?post=88041"},{"taxonomy":"post_tag","embeddable":true,"href":"https:\/\/dimensionturistica.com\/es\/wp-json\/wp\/v2\/tags?post=88041"}],"curies":[{"name":"wp","href":"https:\/\/api.w.org\/{rel}","templated":true}]}}