{"id":87920,"date":"2021-02-27T14:58:19","date_gmt":"2021-02-27T14:58:19","guid":{"rendered":"https:\/\/dimensionturistica.com\/es\/?p=87920"},"modified":"2021-02-27T14:58:19","modified_gmt":"2021-02-27T14:58:19","slug":"este-bmw-serie-7-se-ha-depreciado-mas-de-13-000-euros-ano","status":"publish","type":"post","link":"https:\/\/dimensionturistica.com\/es\/este-bmw-serie-7-se-ha-depreciado-mas-de-13-000-euros-ano\/","title":{"rendered":"Este BMW Serie 7 se ha depreciado m\u00e1s de 13.000 euros\/a\u00f1o"},"content":{"rendered":"<p> <br \/>\n<\/p>\n<div>\n<p data-p-index=\"1\">Por todos es sabido que <strong>los coches de lujo se deprecian a ritmos alarmantes<\/strong>. Esto es especialmente patente en SUV y berlinas de lujo, que pueden adquirirse pocos a\u00f1os despu\u00e9s a precios que son una rid\u00edcula fracci\u00f3n de su precio authentic. Su complejidad, su <strong>alto coste de mantenimiento y lo cara que puede ser una aver\u00eda<\/strong> son los principales motivos de su depreciaci\u00f3n. Hace tiempo os presentamos un <a rel=\"nofollow noopener\" target=\"_blank\" href=\"https:\/\/www.diariomotor.com\/noticia\/mercedes-clase-s-depreciacion\/\">Mercedes Clase S depreciado a raz\u00f3n de 666 euros por kil\u00f3metro<\/a>, y hoy os presentamos un <a rel=\"nofollow noopener\" target=\"_blank\" href=\"https:\/\/www.diariomotor.com\/coche\/bmw-serie-7\">BMW Serie 7<\/a> que ha perdido m\u00e1s de 13.000 euros\/a\u00f1o, y m\u00e1s de 12 euros\/km. <\/p>\n<p data-p-index=\"2\">El coche que os presentamos period en su momento casi el tope de gama de los BMW Serie 7. Aunque hab\u00eda versiones V12 por encima, el BMW 750Li xDrive, con tracci\u00f3n whole, batalla larga y el motor V8 m\u00e1s potente period un oscuro objeto de deseo. <strong>Su motor 4.4 V8 biturbo desarrollaba 408 CV<\/strong>, permiti\u00e9ndole acelerar hasta los 100 km\/h en solo 4,6 segundos, adem\u00e1s de mantener relajados cruceros de 250 km\/h por la pink alemana de Autobahn. Su cambio autom\u00e1tico de ocho relaciones se asociaba a un <strong>sistema xDrive de tracci\u00f3n integral permanente<\/strong> de &#8211; entonces &#8211; \u00faltima hornada.<\/p>\n<blockquote class=\"textoDestacado css-ri216z e1t5eg0f0\"><p>Batalla larga, motor V8 biturbo, full-equip&#8230; esta unidad super\u00f3 los 150.000 euros cuando fue adquirida en 2012.<\/p><\/blockquote>\n<aside><a rel=\"nofollow noopener\" target=\"_blank\" href=\"https:\/\/www.diariomotor.com\/noticia\/mercedes-clase-s-depreciacion\/\" class=\"css-46d28n e1hoz5i84\" style=\"color:var(--paragraphs-color);text-decoration:none\"><img decoding=\"async\" src=\"https:\/\/dimensionturistica.com\/es\/wp-content\/uploads\/2021\/02\/Este-BMW-Serie-7-se-ha-depreciado-mas-de-13000.jpg\" class=\"css-8aw0jw e1hoz5i83\"\/><\/p>\n<div class=\"css-0 e1hoz5i82\"><span class=\"css-1atyulc e1hoz5i81\">Este Mercedes Clase S se ha depreciado a raz\u00f3n de 666 euros\/kil\u00f3metro<\/span><\/p>\n<p>La depreciaci\u00f3n es una fuerza imparable, especialmente en coches premium de alta factura inicial. &#8230;<\/p>\n<\/div>\n<p><\/a><\/aside>\n<p data-p-index=\"3\"><a rel=\"nofollow noopener\" target=\"_blank\" href=\"https:\/\/www.diariomotor.com\/?attachment_id=747114\"><span class=\"no-class css-1wrwbu3 e1k9pyy43\"><noscript><img decoding=\"async\" alt=\"Depreciacion Bmw Serie 7 3\" title=\"Depreciacion Bmw Serie 7 3\" class=\"frontity-lazy-image no-class css-dgjycb e1k9pyy42\" src=\"https:\/\/dimensionturistica.com\/es\/wp-content\/uploads\/2021\/02\/1614437898_699_Este-BMW-Serie-7-se-ha-depreciado-mas-de-13000.jpg\"\/><\/noscript><img decoding=\"async\" alt=\"Depreciacion Bmw Serie 7 3\" title=\"Depreciacion Bmw Serie 7 3\" src=\"https:\/\/dimensionturistica.com\/es\/wp-content\/uploads\/2021\/02\/1614437898_699_Este-BMW-Serie-7-se-ha-depreciado-mas-de-13000.jpg\" class=\"frontity-lazy-image no-class css-dgjycb e1k9pyy42\" style=\"visibility:hidden\"\/><\/span><\/a><\/p>\n<p data-p-index=\"4\">Period<strong> un coche cuyo precio base en Espa\u00f1a period de 135.200 euros<\/strong>. Esta unidad en concreto est\u00e1 cargada de extras. Cuenta con asientos traseros el\u00e9ctricos, sistema de infotainment en las plazas traseras con mando iDrive, televisi\u00f3n y radio digitales, c\u00e1maras en 360 grados, llantas deportivas de 19 pulgadas, cristales dobles o faros adaptativos. El coche, al parecer, fue adquirido en Alemania por un ciudadano canadiense, que hasta el a\u00f1o 2020 &#8211; cuando lo vendi\u00f3 a un concesionario &#8211; solo recorri\u00f3 8.700 kil\u00f3metros a sus mandos. <\/p>\n<p data-p-index=\"5\">Lo m\u00e1s llamativo es que esta unidad ha tenido un <strong>impecable mantenimiento anual<\/strong>. Tiene el libro de revisiones sellado y se han reemplazado todos los males end\u00e9micos del motor: sus cadenas de distribuci\u00f3n han sido comprobadas, se han reemplazado los inyectores y se ha sustituido la bomba de gasolina de alta presi\u00f3n. Por si fuera poco, se entrega con bater\u00eda y neum\u00e1ticos reci\u00e9n puestos. Lo incre\u00edble es que este buque insignia cuesta s\u00f3lamente 34.900 euros. Es el precio de un <a rel=\"nofollow noopener\" target=\"_blank\" href=\"https:\/\/www.diariomotor.com\/coche\/audi-a3\">Audi A3<\/a> con un equipamiento modesto y un motor de apenas 150 CV. <\/p>\n<p data-p-index=\"6\"><a rel=\"nofollow noopener\" target=\"_blank\" href=\"https:\/\/www.diariomotor.com\/?attachment_id=747115\"><span class=\"no-class css-13fxu0d e1k9pyy43\"><noscript><img decoding=\"async\" alt=\"Depreciacion Bmw Serie 7 4\" title=\"Depreciacion Bmw Serie 7 4\" class=\"frontity-lazy-image no-class css-dgjycb e1k9pyy42\" src=\"https:\/\/dimensionturistica.com\/es\/wp-content\/uploads\/2021\/02\/1614437898_123_Este-BMW-Serie-7-se-ha-depreciado-mas-de-13000.jpg\"\/><\/noscript><img decoding=\"async\" alt=\"Depreciacion Bmw Serie 7 4\" title=\"Depreciacion Bmw Serie 7 4\" src=\"https:\/\/dimensionturistica.com\/es\/wp-content\/uploads\/2021\/02\/1614437898_123_Este-BMW-Serie-7-se-ha-depreciado-mas-de-13000.jpg\" class=\"frontity-lazy-image no-class css-dgjycb e1k9pyy42\" style=\"visibility:hidden\"\/><\/span><\/a><\/p>\n<blockquote class=\"textoDestacado css-ri216z e1t5eg0f0\"><p>Su precio puede ser el de un compacto, pero su mantenimiento sigue siendo el de una berlina de representaci\u00f3n.<\/p><\/blockquote>\n<p data-p-index=\"7\">Este BMW 750Li xDrive <strong>tiene solamente 9.400 kil\u00f3metros en su od\u00f3metro.<\/strong> Con todos sus elementos opcionales, su precio de tarifa &#8211; matriculado en diciembre de 2012 &#8211; rondar\u00eda o superar\u00eda los 150.000 euros. En menos de nueve a\u00f1os, <strong>ha perdido pr\u00e1cticamente 120.000 euros de valor. Estamos hablando de m\u00e1s de 13.000 euros al a\u00f1o,<\/strong> o m\u00e1s de 12 euros por cada kil\u00f3metro recorrido. La depreciaci\u00f3n de este tipo de veh\u00edculos evidencia lo acaudalados que deben ser sus primeros propietarios. Solo alguien verdaderamente afluente est\u00e1 dispuesto a asumir su depreciaci\u00f3n. <\/p>\n<p data-p-index=\"8\">El resto de mortales, har\u00edan bien en comprarlo de segunda mano. Eso s\u00ed, teniendo en cuenta que su mantenimiento y reparaciones no ser\u00e1n las de un coche de 34.900 euros&#8230; ser\u00e1n las de un coche de 150.000 euros. <\/p>\n<p data-p-index=\"11\">Fuente: <a rel=\"nofollow noopener\" target=\"_blank\" href=\"https:\/\/www.autoforum.cz\/zajimavosti\/vrcholny-luxus-za-cenu-octavie-k-mani-je-skoro-nejete-bmw-rady-7-naslapane-vybavou\/\">autoforum<\/a> | <a rel=\"nofollow noopener\" target=\"_blank\" href=\"https:\/\/suchen.mobile.de\/fahrzeuge\/details.html?id=309530771\">mobile<\/a><br \/>En Diariomotor: <\/p>\n<\/div>\n\n<p><em> &#8221; Fuentes www.diariomotor.com &#8221; <\/em><\/p>\n","protected":false},"excerpt":{"rendered":"<p>Por todos es sabido que los coches de lujo se deprecian a ritmos alarmantes. Esto es especialmente patente en SUV y berlinas de lujo, que pueden adquirirse pocos a\u00f1os despu\u00e9s a precios que son una rid\u00edcula fracci\u00f3n de su precio authentic. Su complejidad, su alto coste de mantenimiento y lo cara que puede ser una [&hellip;]<\/p>\n","protected":false},"author":4,"featured_media":87921,"comment_status":"open","ping_status":"closed","sticky":false,"template":"","format":"standard","meta":{"om_disable_all_campaigns":false,"jnews-multi-image_gallery":[],"jnews_single_post":[],"jnews_primary_category":[],"jnews_social_meta":[],"footnotes":""},"categories":[41],"tags":[],"class_list":["post-87920","post","type-post","status-publish","format-standard","has-post-thumbnail","hentry","category-cruceros"],"_links":{"self":[{"href":"https:\/\/dimensionturistica.com\/es\/wp-json\/wp\/v2\/posts\/87920","targetHints":{"allow":["GET"]}}],"collection":[{"href":"https:\/\/dimensionturistica.com\/es\/wp-json\/wp\/v2\/posts"}],"about":[{"href":"https:\/\/dimensionturistica.com\/es\/wp-json\/wp\/v2\/types\/post"}],"author":[{"embeddable":true,"href":"https:\/\/dimensionturistica.com\/es\/wp-json\/wp\/v2\/users\/4"}],"replies":[{"embeddable":true,"href":"https:\/\/dimensionturistica.com\/es\/wp-json\/wp\/v2\/comments?post=87920"}],"version-history":[{"count":0,"href":"https:\/\/dimensionturistica.com\/es\/wp-json\/wp\/v2\/posts\/87920\/revisions"}],"wp:featuredmedia":[{"embeddable":true,"href":"https:\/\/dimensionturistica.com\/es\/wp-json\/wp\/v2\/media\/87921"}],"wp:attachment":[{"href":"https:\/\/dimensionturistica.com\/es\/wp-json\/wp\/v2\/media?parent=87920"}],"wp:term":[{"taxonomy":"category","embeddable":true,"href":"https:\/\/dimensionturistica.com\/es\/wp-json\/wp\/v2\/categories?post=87920"},{"taxonomy":"post_tag","embeddable":true,"href":"https:\/\/dimensionturistica.com\/es\/wp-json\/wp\/v2\/tags?post=87920"}],"curies":[{"name":"wp","href":"https:\/\/api.w.org\/{rel}","templated":true}]}}