{"id":87870,"date":"2021-02-27T11:35:19","date_gmt":"2021-02-27T11:35:19","guid":{"rendered":"https:\/\/dimensionturistica.com\/es\/?p=87870"},"modified":"2021-02-27T11:35:19","modified_gmt":"2021-02-27T11:35:19","slug":"tenemos-jugadores-de-potrero-atrevidos","status":"publish","type":"post","link":"https:\/\/dimensionturistica.com\/es\/tenemos-jugadores-de-potrero-atrevidos\/","title":{"rendered":"\u201cTenemos jugadores de potrero, atrevidos\u201d"},"content":{"rendered":"<p> <br \/>\n<\/p>\n<p>\n<span class=\"fecha\">s\u00e1bado 27 de febrero de 2021 | 4:00hs.<\/span>\n<\/p>\n<div>\n<p>Crucero contin\u00faa en plena pretemporada, acomodando las piezas de un rompecabezas que bastante tiene que ver con la temporada anterior. Y es que el equipo que afrontar\u00e1 el pr\u00f3ximo torneo Federal A, a finales de marzo, tendr\u00e1 la continuidad de varios experimentados.<\/p>\n<p>En principio la concept del cuerpo t\u00e9cnico, con Carlos Marczuk a la cabeza, es utilizar las semanas venideras para aumentar la intensidad de trabajo y moldear un plantel que ser\u00e1 relativamente joven. El DT cuenta para ello con la sabidur\u00eda de cuatro \u2018l\u00edderes\u2019 en cada sector del campo de juego, quienes aportar\u00e1n sus conocimientos a la base canterana para hacer menos traum\u00e1tica la adaptaci\u00f3n a la categor\u00eda.<\/p>\n<p>En la l\u00ednea defensiva es Alejandro P\u00e9rez el que portar\u00e1 con esa responsabilidad. Con 34 a\u00f1os, el chaque\u00f1o se desempe\u00f1a como lateral y sin dudas es un hombre clave por lo que representa como uno de los hist\u00f3ricos del Colectivero.<\/p>\n<p>Tarrito peg\u00f3 la vuelta despu\u00e9s de un largo tiempo de inactividad producto de la cuarentena. \u201cFue dif\u00edcil y hab\u00eda que mantener ocupada la cabeza. Siempre digo que por algo pasan las cosas, hay que tratar de ver lo positivo dentro de lo malo y aprovech\u00e9 el tiempo para disfrutar de la familia en Las Bre\u00f1as (Chaco), de mis hijas, mi se\u00f1ora, de mis padres&#8230;disfrutar de cosas m\u00ednimas para recargar energ\u00edas\u201d, remarc\u00f3 en di\u00e1logo con El Territorio.<\/p>\n<p>\u201cContacto nunca dej\u00e9 de tener con Crucero, de hecho cuando decidi\u00f3 no participar el a\u00f1o pasado me llamaron desde la dirigencia para comunicarme el contratiempo. Hoy estoy ac\u00e1 porque me manifestaron sus ganas de que vuelva; se puede decir que Crucero siempre estuvo presente y estoy agradecido de que vuelvan a confiar en m\u00ed\u201d, agreg\u00f3.<\/p>\n<p>\u201cLas expectativas son altas y estamos trabajando para pelear cosas importantes. Hay muchos chicos, hay buen material con canteranos que estuvieron ganando rodaje en otros lugares\u201d, presagi\u00f3.<\/p>\n<p><strong>La voz de la experiencia<\/strong><\/p>\n<p>P\u00e9rez se une a Pablo Motta (mediocampista), Abel M\u00e9ndez (mediocampista) y Cristian Campozano (delantero) como los referentes del plantel, los que estar\u00e1n al frente de las responsabilidades. Detr\u00e1s de ellos H\u00e9ctor Mill\u00e1n (defensor), Guillermo Bachke (arquero), Rodrigo Cerdan (volante) y Axel Vallejos (delantero) ser\u00e1n otros soportes en la base.<\/p>\n<p>\u201cNosotros vamos a aportar con nuestro granito de arena desde el lugar que nos toque, potenciando y ayudando a los chicos para que sigan creciendo\u201d, dijo P\u00e9rez. \u201cHay jugadores con buen potencial. Muchos de ellos no tuvieron inferiores, son de potrero, atrevidos&#8230;eso es bueno, interesante\u201d.<\/p>\n<p>\u201cEl nuestro es un grupo joven, con muchas ganas de progresar y apuntar alto. Estamos por el buen camino con los trabajos duros de pretemporada, fortaleci\u00e9ndonos en todo los aspectos\u201d.<\/p>\n<p>\u201cLa situaci\u00f3n que no hay descensos posibilita armar planteles j\u00f3venes, como va a pasar en todos los clubes. En lo personal lo conozco a Carlos (Marczuk), la manera que tiene de jugar con un equipo agresivo, de presi\u00f3n y de manejo de pelota. Seguramente buscar\u00e1 ser protagonista\u201d, cerr\u00f3 Tarrito.<\/p>\n<p>El Colectivero realizar\u00e1 hoy una pr\u00e1ctica de f\u00fatbol formal. Esta vez no habr\u00e1 amistoso a puertas cerradas, pero la novedad es que desde este lunes comenzar\u00e1 la parte m\u00e1s exigente de la pretemporada.<\/p>\n<p>Respecto a los refuerzos, desde la dirigencia confirmaron la b\u00fasqueda de tres nombres (dos defensores y un arquero) y en ese marco ya est\u00e1n en tratativas con el zaguero central paraguayo Rodrigo Acosta Ferreira.\u00a0<\/p>\n<\/div>\n<p><script async type=\"53d15c30847eec1106ff6b62-text\/javascript\">\n   function toogleSeachBar() {\n      if ($('#searchBar').is(\":visible\")) {\n         hideSearchBar();\n      } else {\n         showSearchBar();\n      }\n   }\n   function showSearchBar() {\n      $('#searchBar').show();\n      $('#menu, .header-scrolled-container, .header-scrolled-container2').hide();\n   }\n   function hideSearchBar() {\n      $('#searchBar').hide();\n      $('#menu, .header-scrolled-container, .header-scrolled-container2').show();\n   }\n      $(document).ready(function () {\n         setTimeout(() => {\n            window.fbAsyncInit = function () {\n               FB.init({\n                  appId: '345424459172777',\n                  autoLogAppEvents: true,\n                  xfbml: true,\n                  version: 'v8.0'\n               });\n            };\n            (function (d, s, id) {\n               var js, fjs = d.getElementsByTagName(s)[0];\n               if (d.getElementById(id)) { return; }\n               js = d.createElement(s); js.id = id;\n               js.src = \"https:\/\/connect.facebook.net\/es_LA\/sdk.js\";\n               fjs.parentNode.insertBefore(js, fjs);\n            }(document, 'script', 'facebook-jssdk'));\n         }, 3000);\n      });\n<\/script><br \/>\n<br \/><\/p>\n<p><em> &#8221; Fuentes www.elterritorio.com.ar &#8221; <\/em><\/p>\n","protected":false},"excerpt":{"rendered":"<p>s\u00e1bado 27 de febrero de 2021 | 4:00hs. Crucero contin\u00faa en plena pretemporada, acomodando las piezas de un rompecabezas que bastante tiene que ver con la temporada anterior. Y es que el equipo que afrontar\u00e1 el pr\u00f3ximo torneo Federal A, a finales de marzo, tendr\u00e1 la continuidad de varios experimentados. En principio la concept del [&hellip;]<\/p>\n","protected":false},"author":4,"featured_media":87871,"comment_status":"open","ping_status":"closed","sticky":false,"template":"","format":"standard","meta":{"om_disable_all_campaigns":false,"jnews-multi-image_gallery":[],"jnews_single_post":[],"jnews_primary_category":[],"jnews_social_meta":[],"footnotes":""},"categories":[41],"tags":[],"class_list":["post-87870","post","type-post","status-publish","format-standard","has-post-thumbnail","hentry","category-cruceros"],"_links":{"self":[{"href":"https:\/\/dimensionturistica.com\/es\/wp-json\/wp\/v2\/posts\/87870","targetHints":{"allow":["GET"]}}],"collection":[{"href":"https:\/\/dimensionturistica.com\/es\/wp-json\/wp\/v2\/posts"}],"about":[{"href":"https:\/\/dimensionturistica.com\/es\/wp-json\/wp\/v2\/types\/post"}],"author":[{"embeddable":true,"href":"https:\/\/dimensionturistica.com\/es\/wp-json\/wp\/v2\/users\/4"}],"replies":[{"embeddable":true,"href":"https:\/\/dimensionturistica.com\/es\/wp-json\/wp\/v2\/comments?post=87870"}],"version-history":[{"count":0,"href":"https:\/\/dimensionturistica.com\/es\/wp-json\/wp\/v2\/posts\/87870\/revisions"}],"wp:featuredmedia":[{"embeddable":true,"href":"https:\/\/dimensionturistica.com\/es\/wp-json\/wp\/v2\/media\/87871"}],"wp:attachment":[{"href":"https:\/\/dimensionturistica.com\/es\/wp-json\/wp\/v2\/media?parent=87870"}],"wp:term":[{"taxonomy":"category","embeddable":true,"href":"https:\/\/dimensionturistica.com\/es\/wp-json\/wp\/v2\/categories?post=87870"},{"taxonomy":"post_tag","embeddable":true,"href":"https:\/\/dimensionturistica.com\/es\/wp-json\/wp\/v2\/tags?post=87870"}],"curies":[{"name":"wp","href":"https:\/\/api.w.org\/{rel}","templated":true}]}}