{"id":87864,"date":"2021-02-27T11:26:45","date_gmt":"2021-02-27T11:26:45","guid":{"rendered":"https:\/\/dimensionturistica.com\/es\/?p=87864"},"modified":"2021-02-27T11:26:45","modified_gmt":"2021-02-27T11:26:45","slug":"dfsk-seres-3-2021-el-c-suv-electrico-de-bajo-coste","status":"publish","type":"post","link":"https:\/\/dimensionturistica.com\/es\/dfsk-seres-3-2021-el-c-suv-electrico-de-bajo-coste\/","title":{"rendered":"DFSK Seres 3 2021: el C-SUV el\u00e9ctrico de bajo coste"},"content":{"rendered":"<p> <br \/>\n<\/p>\n<div>\n<p data-p-index=\"1\">La china <a rel=\"nofollow noopener\" target=\"_blank\" href=\"https:\/\/www.diariomotor.com\/marcas\/dfsk\/\">DFSK<\/a> ha anunciado la llegada a Espa\u00f1a de su <strong>SUV compacto el\u00e9ctrico<\/strong>, el <strong>Seres 3<\/strong>, un modelo de poco menos de 4,40 metros de longitud que aspira a convertirse en la gran alternativa del <a rel=\"nofollow noopener\" target=\"_blank\" href=\"https:\/\/www.diariomotor.com\/coche\/kia-niro\/\">Kia e-Niro<\/a>, y en menor medida del <a rel=\"nofollow noopener\" target=\"_blank\" href=\"https:\/\/www.diariomotor.com\/coche\/peugeot-2008\/\">Peugeot e-2008<\/a>, jugando la baza de un equipamiento m\u00e1s abundante y una mayor potencia.<\/p>\n<h2>El Seres 3 se sit\u00faa entre el segmento B y C<\/h2>\n<p data-p-index=\"2\"><a rel=\"nofollow noopener\" target=\"_blank\" href=\"\"><span class=\"no-class css-51lh8h e1k9pyy43\"><noscript><img decoding=\"async\" alt=\"Dfsk Seres 3 2021 0221 04\" title=\"Dfsk Seres 3 2021 0221 04\" class=\"frontity-lazy-image no-class css-dgjycb e1k9pyy42\" src=\"https:\/\/dimensionturistica.com\/es\/wp-content\/uploads\/2021\/02\/DFSK-Seres-3-2021-el-C-SUV-electrico-de-bajo-coste.jpg\"\/><\/noscript><img decoding=\"async\" alt=\"Dfsk Seres 3 2021 0221 04\" title=\"Dfsk Seres 3 2021 0221 04\" src=\"https:\/\/dimensionturistica.com\/es\/wp-content\/uploads\/2021\/02\/DFSK-Seres-3-2021-el-C-SUV-electrico-de-bajo-coste.jpg\" class=\"frontity-lazy-image no-class css-dgjycb e1k9pyy42\" style=\"visibility:hidden\"\/><\/span><\/a><\/p>\n<p data-p-index=\"5\">El DFSK Seres 3 se presenta con un dise\u00f1o muy comparable a <a rel=\"nofollow noopener\" target=\"_blank\" href=\"https:\/\/www.diariomotor.com\/coche\/dfsk-580\/\">DFSK 580<\/a> que ya <a rel=\"nofollow noopener\" target=\"_blank\" href=\"https:\/\/www.diariomotor.com\/noticia\/dfsk-580-vs-volkswagen-tiguan-comparativa-video-comprar-coche-chino\/\">hemos probado en Diariomotor<\/a>, con unas l\u00edneas que lucen modernas y agradables a la vista, pero sin el carisma propio de otros modelos. Asimismo, su carrocer\u00eda de <strong>4,39 metros de longitud<\/strong> lo emplaza en la parte baja del segmento C, contando con una distancia entre ejes de 2.655 mm y un maletero de 310 litros. Dichas cotas lo sit\u00faan por espacio en una posici\u00f3n intermedia entre el Kia e-Niro y propuestas B-SUV como el Peugeot e-2008 o el Hyundai Kona EV.<\/p>\n<p data-p-index=\"6\">En cuanto al inside, nos encontramos con una <strong>presentaci\u00f3n sencilla pero muy correcta<\/strong>, en la cual destacan los detalles en colour azul en alusi\u00f3n a su motor el\u00e9ctrico y las pantallas de 10,25&#8243; para la instrumentaci\u00f3n y el sistema multimedia. As\u00ed pues, el uso de <strong>mandos f\u00edsicos<\/strong> para el climatizador o incluso para los diferentes modos de conducci\u00f3n es un punto favorable, pero a pesar de que la marca promete unas buenas calidades interiores, lo cierto es que este ser\u00e1 uno de sus mayores h\u00e1ndicaps.<\/p>\n<p data-p-index=\"7\"><a rel=\"nofollow noopener\" target=\"_blank\" href=\"\"><span class=\"no-class css-13fxu0d e1k9pyy43\"><noscript><img decoding=\"async\" alt=\"Dfsk Seres 3 2021 0221 10\" title=\"Dfsk Seres 3 2021 0221 10\" class=\"frontity-lazy-image no-class css-dgjycb e1k9pyy42\" src=\"https:\/\/dimensionturistica.com\/es\/wp-content\/uploads\/2021\/02\/1614425204_628_DFSK-Seres-3-2021-el-C-SUV-electrico-de-bajo-coste.jpg\"\/><\/noscript><img decoding=\"async\" alt=\"Dfsk Seres 3 2021 0221 10\" title=\"Dfsk Seres 3 2021 0221 10\" src=\"https:\/\/dimensionturistica.com\/es\/wp-content\/uploads\/2021\/02\/1614425204_628_DFSK-Seres-3-2021-el-C-SUV-electrico-de-bajo-coste.jpg\" class=\"frontity-lazy-image no-class css-dgjycb e1k9pyy42\" style=\"visibility:hidden\"\/><\/span><\/a><\/p>\n<p data-p-index=\"8\">No obstante, <strong>dispone de un equipamiento interesante<\/strong>, en el que destacan elementos como una c\u00e1mara de conducci\u00f3n que graba todo lo que sucede (<em>dashcam<\/em>), asistente de aparcamiento con c\u00e1mara 360\u00b0, control de descenso, control de crucero o ayudas como el aviso de colisi\u00f3n frontal o la alerta de cambio involuntario de carril.<\/p>\n<h2>Cuenta con 163 CV y una autonom\u00eda de 329 km<\/h2>\n<p data-p-index=\"9\"><a rel=\"nofollow noopener\" target=\"_blank\" href=\"\"><span class=\"no-class css-tvrzly e1k9pyy43\"><noscript><img decoding=\"async\" alt=\"Dfsk Seres 3 2021 0221 07\" title=\"Dfsk Seres 3 2021 0221 07\" class=\"frontity-lazy-image no-class css-dgjycb e1k9pyy42\" src=\"https:\/\/dimensionturistica.com\/es\/wp-content\/uploads\/2021\/02\/1614425204_683_DFSK-Seres-3-2021-el-C-SUV-electrico-de-bajo-coste.jpg\"\/><\/noscript><img decoding=\"async\" alt=\"Dfsk Seres 3 2021 0221 07\" title=\"Dfsk Seres 3 2021 0221 07\" src=\"https:\/\/dimensionturistica.com\/es\/wp-content\/uploads\/2021\/02\/1614425204_683_DFSK-Seres-3-2021-el-C-SUV-electrico-de-bajo-coste.jpg\" class=\"frontity-lazy-image no-class css-dgjycb e1k9pyy42\" style=\"visibility:hidden\"\/><\/span><\/a><\/p>\n<p data-p-index=\"10\">El apartado mec\u00e1nico lo integra un motor el\u00e9ctrico s\u00edncrono de imanes permanentes que entrega <strong>163 CV de potencia y 300 Nm de par<\/strong>, el cual es alimentado por una bater\u00eda de litio-ferrofosfato de <strong>53,6 kWh de capacidad<\/strong>, la cual puede cargarse en 8 horas usando el cargador de a bordo de 6,6 kW o pasar del 20 % al 80 % en 30 minutos en carga r\u00e1pida, lo que nos dejar\u00eda una potencia de carga de unos 65 kW. Con todo ello el DFSK Seres 3 es capaz de hacer un <strong>0 a 100 km\/h en 8,9 segundos<\/strong> y alcanzar una velocidad m\u00e1xima de 155 km\/h limitada electr\u00f3nicamente, consiguiendo una <strong>autonom\u00eda de 329 km<\/strong> seg\u00fan el <a rel=\"nofollow noopener\" target=\"_blank\" href=\"https:\/\/www.diariomotor.com\/que-es\/tecnologia\/ciclos-homologacion-wltp-nedc\/\">ciclo WLTP<\/a>.<\/p>\n<blockquote class=\"textoDestacado css-ri216z e1t5eg0f0\"><p>En <a rel=\"nofollow noopener\" target=\"_blank\" href=\"https:\/\/www.quecochemecompro.com\/\">Qu\u00e9cochemecompro<\/a> puedes encontrar nuestra <a rel=\"nofollow noopener\" target=\"_blank\" href=\"https:\/\/www.quecochemecompro.com\/blog\/comparativa-coches-electricos-guia-de-compra\/\">gu\u00eda de compra con los mejores coches el\u00e9ctricos del mercado<\/a>.<\/p><\/blockquote>\n<p data-p-index=\"11\">As\u00ed pues, en breve el DSFK estar\u00e1 disponible en los concesionarios, con un <a rel=\"nofollow noopener\" target=\"_blank\" href=\"https:\/\/www.quecochemecompro.com\/precios\/dfsk-seres-3\/\" data-qm=\"lead_popup\" data-qm-tag=\"panel-widgets-dfsk-seres-3\" class=\"css-0 efccgo40\">precio oficial que arranca en 35.075 \u20ac<\/a>, si bien es previsible que ofrezca tentadores descuentos, pues el <a rel=\"nofollow noopener\" target=\"_blank\" href=\"https:\/\/www.quecochemecompro.com\/precios\/kia-e-niro\/\" data-qm=\"lead_popup\" data-qm-tag=\"panel-widgets-kia-e-niro\" class=\"css-0 efccgo40\">Kia e-Niro parte en 28.750 \u20ac<\/a>. Adem\u00e1s, tanto la bater\u00eda como los componentes el\u00e9ctricos cuentan con una garant\u00eda de 8 a\u00f1os o 120.000.<\/p>\n<p data-p-index=\"12\"><a rel=\"nofollow noopener\" target=\"_blank\" href=\"\"><span class=\"no-class css-1mb6gue e1k9pyy43\"><noscript><img decoding=\"async\" alt=\"Dfsk Seres 3 2021 0221 03\" title=\"Dfsk Seres 3 2021 0221 03\" class=\"frontity-lazy-image no-class css-dgjycb e1k9pyy42\" src=\"https:\/\/dimensionturistica.com\/es\/wp-content\/uploads\/2021\/02\/1614425204_850_DFSK-Seres-3-2021-el-C-SUV-electrico-de-bajo-coste.jpg\"\/><\/noscript><img decoding=\"async\" alt=\"Dfsk Seres 3 2021 0221 03\" title=\"Dfsk Seres 3 2021 0221 03\" src=\"https:\/\/dimensionturistica.com\/es\/wp-content\/uploads\/2021\/02\/1614425204_850_DFSK-Seres-3-2021-el-C-SUV-electrico-de-bajo-coste.jpg\" class=\"frontity-lazy-image no-class css-dgjycb e1k9pyy42\" style=\"visibility:hidden\"\/><\/span><\/a><\/p>\n<\/div>\n\n<p><em> &#8221; Fuentes www.diariomotor.com &#8221; <\/em><\/p>\n","protected":false},"excerpt":{"rendered":"<p>La china DFSK ha anunciado la llegada a Espa\u00f1a de su SUV compacto el\u00e9ctrico, el Seres 3, un modelo de poco menos de 4,40 metros de longitud que aspira a convertirse en la gran alternativa del Kia e-Niro, y en menor medida del Peugeot e-2008, jugando la baza de un equipamiento m\u00e1s abundante y una [&hellip;]<\/p>\n","protected":false},"author":4,"featured_media":87865,"comment_status":"open","ping_status":"closed","sticky":false,"template":"","format":"standard","meta":{"om_disable_all_campaigns":false,"jnews-multi-image_gallery":[],"jnews_single_post":[],"jnews_primary_category":[],"jnews_social_meta":[],"footnotes":""},"categories":[41],"tags":[],"class_list":["post-87864","post","type-post","status-publish","format-standard","has-post-thumbnail","hentry","category-cruceros"],"_links":{"self":[{"href":"https:\/\/dimensionturistica.com\/es\/wp-json\/wp\/v2\/posts\/87864","targetHints":{"allow":["GET"]}}],"collection":[{"href":"https:\/\/dimensionturistica.com\/es\/wp-json\/wp\/v2\/posts"}],"about":[{"href":"https:\/\/dimensionturistica.com\/es\/wp-json\/wp\/v2\/types\/post"}],"author":[{"embeddable":true,"href":"https:\/\/dimensionturistica.com\/es\/wp-json\/wp\/v2\/users\/4"}],"replies":[{"embeddable":true,"href":"https:\/\/dimensionturistica.com\/es\/wp-json\/wp\/v2\/comments?post=87864"}],"version-history":[{"count":0,"href":"https:\/\/dimensionturistica.com\/es\/wp-json\/wp\/v2\/posts\/87864\/revisions"}],"wp:featuredmedia":[{"embeddable":true,"href":"https:\/\/dimensionturistica.com\/es\/wp-json\/wp\/v2\/media\/87865"}],"wp:attachment":[{"href":"https:\/\/dimensionturistica.com\/es\/wp-json\/wp\/v2\/media?parent=87864"}],"wp:term":[{"taxonomy":"category","embeddable":true,"href":"https:\/\/dimensionturistica.com\/es\/wp-json\/wp\/v2\/categories?post=87864"},{"taxonomy":"post_tag","embeddable":true,"href":"https:\/\/dimensionturistica.com\/es\/wp-json\/wp\/v2\/tags?post=87864"}],"curies":[{"name":"wp","href":"https:\/\/api.w.org\/{rel}","templated":true}]}}