{"id":87836,"date":"2021-02-27T09:18:48","date_gmt":"2021-02-27T09:18:48","guid":{"rendered":"https:\/\/dimensionturistica.com\/es\/?p=87836"},"modified":"2021-02-27T09:18:48","modified_gmt":"2021-02-27T09:18:48","slug":"carlos-costa-mostraba-devocion-por-el-rescate-de-balseros","status":"publish","type":"post","link":"https:\/\/dimensionturistica.com\/es\/carlos-costa-mostraba-devocion-por-el-rescate-de-balseros\/","title":{"rendered":"Carlos Costa mostraba devoci\u00f3n por el rescate de balseros"},"content":{"rendered":"<p> <br \/>\n<\/p>\n<div data-twitter-link=\"https:\/\/twitter.com\/intent\/tweet?url=https:\/\/www.diariolasamericas.com\/c4217441&amp;via=DLasAmericas&amp;related=Las Am\u00e9ricas&amp;text=\">\n<p>Ocurri\u00f3 una tarde, cuenta Mirta. En el barco, que har\u00eda paradas en Playa del Carmen, Cozumel, Grand Cayman y Ocho R\u00edos, antes de regresar a Miami, viajaban Mirta, sus padres, su esposo, los tres hijos de la pareja, su hermano Carlos y otras personas cercanas al n\u00facleo acquainted.<\/p>\n<p>\u201cEso fue un lunes, el primer d\u00eda del crucero\u201d, explica Mirta, quien se emociona al narrar la actitud que vio en su hermano cuando \u00e9ste pudo detectar una peque\u00f1a embarcaci\u00f3n rudimentaria en la que se transportaban al menos ocho balseros rumbo a La Florida.<\/p>\n<p>Carlos, al advertir la presencia del peque\u00f1o bote, corri\u00f3 hacia un tel\u00e9fono contiguo al \u00e1rea de la piscina del crucero para hablar con el capit\u00e1n. \u201cMi esposo y yo vimos que sali\u00f3 muy apresurado hacia el tel\u00e9fono, parec\u00eda un loco, y no sab\u00edamos qu\u00e9 estaba pasando\u201d, cont\u00f3.<\/p>\n<p>La acci\u00f3n de Carlos permiti\u00f3 que el crucero detuviera su marcha y subieran a bordo los migrantes cubanos. \u201cTodo el mundo quer\u00eda saber la historia de los balseros, Carlos hizo todo lo que pudo para ayudarlos y entre los que \u00edbamos en el barco hicimos una colecta para darles ayuda\u201d, indic\u00f3.<\/p>\n<p>Una fotograf\u00eda compartida exclusivamente con DIARIO LAS AM\u00c9RICAS muestra la embarcaci\u00f3n rudimentaria con los \u201cbalseros\u201d a bordo, muy cerca del crucero, y en otra aparece Carlos junto a uno de los emigrantes rescatados.<\/p>\n<div contenteditable=\"false\" class=\"embed_cont type_imagen\" id=\"6128985-Libre-2076950480_wrap\">\n<p>balseros carlos costa <span onclick=\"parent.parent.TinyMCETdcuerpo.preview_embed('6128985-Libre-2076950480')\" class=\"embed_colapse less\" id=\"6128985-Libre-2076950480_colapse\"><\/span>  <span onclick=\"parent.parent.TinyMCETdcuerpo.delete_embed('6128985-Libre-2076950480')\" class=\"embed_delete less\" id=\"6128985-Libre-2076950480_delete\"><\/span><\/p>\n<div id=\"6128985-Libre-2076950480_content\" class=\"embed_content\"><img decoding=\"async\" src=\"https:\/\/dimensionturistica.com\/es\/wp-content\/uploads\/2021\/02\/Carlos-Costa-mostraba-devocion-por-el-rescate-de-balseros.svg.svg+xml\" longdesc=\"https:\/\/media.diariolasamericas.com\/p\/7156f8c6094341aa982ecd799951f91c\/adjuntos\/216\/imagenes\/002\/217\/0002217457\/balseros-carlos-costa.jpg?0000-00-00-00-00-00\" alt=\"Balseros cubanos rescatados en 1994 cuando Carlos Costa viajaba en un crucero.\" id=\"6128985-Libre-2076950480_embed\" \/><\/div>\n<div id=\"6128985-Libre-2076950480_epigrafe\" class=\"embed_epigrafe\">\n<p> Balseros cubanos rescatados en 1994 cuando Carlos Costa viajaba en un crucero.<\/p>\n<\/div>\n<p>CORTES\u00cdA: \u00c1LBUM FAMILIAR<\/p>\n<\/div>\n<p>\u201cGracias a Carlos, esas personas pudieron quedarse en Estados Unidos. Mi hermano era un gran hombre\u201d, dijo Mirta, con voz entrecortada por un sentimiento que, asegura, \u201cjam\u00e1s podr\u00e1 desvanecerse\u201d.<\/p>\n<p><strong>Una pasi\u00f3n<\/strong><\/p>\n<p>Carlos Costa naci\u00f3 en Estados Unidos en 1966, y resid\u00eda junto a sus padres en Miami Lakes. Desde muy ni\u00f1o estuvo interesado por la aviaci\u00f3n, pero ser\u00eda m\u00e1s tarde cuando surgi\u00f3 en el joven lo que su hermana denomina una \u201cgran pasi\u00f3n\u201d por la \u201cpol\u00edtica en Cuba\u201d.<\/p>\n<p>En casa, rememora Mirta, \u201cpoco se hablaba de las cosas de Cuba\u201d. Sin embargo, cuando Carlos se integra a Hermanos al Rescate, \u201cporque ten\u00eda que hacer horas de vuelo y por lo bonito que hac\u00eda la organizaci\u00f3n\u201d, su vida dio un giro radical.<\/p>\n<p>Rescatar emigrantes cubanos o auxiliarlos con alimentos en la compleja traves\u00eda de varios d\u00edas o semanas en el mar, se le convirti\u00f3 en una \u201cobsesi\u00f3n\u201d. Si hab\u00eda ni\u00f1os en las balsas, narra Mirta, su deseo de ayuda period mayor.<\/p>\n<p>\u201cEsa era su alegr\u00eda m\u00e1s grande, cuando hab\u00eda ni\u00f1os que hab\u00edan rescatado\u201d, agreg\u00f3.<\/p>\n<p><strong>Un d\u00eda horroroso<\/strong><\/p>\n<p>Como en otros casos, la familia de Carlos Costa se enter\u00f3 de la masacre de las avionetas a trav\u00e9s de la televisi\u00f3n.<\/p>\n<p>No hubo ninguna informaci\u00f3n oficial en un principio. Todo eran especulaciones. Cuando Mirta vio la noticia, cuenta, \u201ccasi me vuelvo loca\u201d.<\/p>\n<p>Mirta esperaba que Carlos no estuviera volando ese d\u00eda. Lo llam\u00f3 muchas veces y tambi\u00e9n le fue imposible comunicarse en ese momento con sus padres.<\/p>\n<p>\u201cYa yo viv\u00eda con mi esposo y ten\u00eda a mis tres hijos. Nos fuimos directo para el hangar [en el aeropuerto de Opa-locka], pero no nos dec\u00edan mucho porque ellos mismos no sab\u00edan\u201d, recuerda.<\/p>\n<p>En el hangar de Hermanos al Rescate, se encontr\u00f3 con sus padres. \u201cFue una noche muy mala. Eso fue muy horroroso para todos. Mi madre nunca m\u00e1s fue la misma persona despu\u00e9s de eso\u201d, afirm\u00f3.<\/p>\n<p><strong>La orden de disparar<\/strong><\/p>\n<p>Con el paso del tiempo, sali\u00f3 a la luz un audio en el que se escucha a militares del r\u00e9gimen cubano que daban la orden de derribar a las dos avionetas en las que volaban Carlos Costa, Mario de la Pe\u00f1a, Armando Alejandre, Jr. y Pablo Morales. Una tercera aeronave logr\u00f3 ponerse a salvo.<\/p>\n<p>Expresiones de soeces y con voz de j\u00fabilo como \u201c\u00a1Le dimos, cojone!\u201d o incluso \u201cPatria o muerte\u201d, en boca de los tripulantes de los cazabombarderos que pulverizaron en el aire los peque\u00f1os Cessna de Hermanos al Rescate, todav\u00eda resuenan en la memoria de Mirta.<\/p>\n<p>La hermana de Carlos considera que \u201cfue algo sucio\u201d escuchar la forma \u201ctan alegre c\u00f3mo esta gente hablaba cuando derribaron las avionetas\u201d.<\/p>\n<p>A su juicio, causarle la muerte a otro ser humano no debe causarle alegr\u00eda a nadie. \u201cEso se estila en tiempos de guerra, pero no est\u00e1bamos en guerra\u201d, apunt\u00f3<\/p>\n<p>Despu\u00e9s de escuchar el audio que sirvi\u00f3 como acervo probatorio de una resoluci\u00f3n condenatoria de la Comisi\u00f3n Interamericana de Derechos Humanos, \u201cmi padre no fue el mismo\u201d. Muri\u00f3 en 2011.<\/p>\n<p><strong>Justicia<\/strong><\/p>\n<p>Al cumplirse 25 a\u00f1os de ese hecho que diferentes organismos internacionales han catalogado como un delito de lesa humanidad, Mirta todav\u00eda piensa en su hermano y le parece incre\u00edble que el crimen contin\u00fae impune.<\/p>\n<p>\u201cYo le dir\u00eda al r\u00e9gimen de <a rel=\"nofollow noopener\" target=\"_blank\" href=\"https:\/\/www.diariolasamericas.com\/cuba-a7465\" class=\"agrupador\"><strong>Cuba<\/strong><\/a> que la muerte de mi hermano y de los dem\u00e1s pilotos a\u00fan no se ha olvidado y jam\u00e1s se olvidar\u00e1\u201d, subray\u00f3.<\/p>\n<p>Y cree, asimismo, que los responsables del derribo de las avionetas y de las p\u00e9rdidas humanas pagar\u00e1n alg\u00fan d\u00eda \u201cde una u otra forma\u201d.<\/p>\n<p><em>dcastrope@diariolasamericas.com<\/em><br \/><em>@danielcastrope<\/em><\/p>\n<\/p><\/div>\n<p><script async src=\"\/\/platform.twitter.com\/widgets.js\" charset=\"utf-8\"><\/script><script xmlns:deferer=\"no\">\n!function(f,b,e,v,n,t,s){if(f.fbq)return;n=f.fbq=function(){n.callMethod?\nn.callMethod.apply(n,arguments):n.queue.push(arguments)};if(!f._fbq)f._fbq=n;\nn.push=n;n.loaded=!0;n.version='2.0';n.queue=[];t=b.createElement(e);t.async=!0;\nt.src=v;s=b.getElementsByTagName(e)[0];s.parentNode.insertBefore(t,s)}(window,\ndocument,'script','https:\/\/connect.facebook.net\/en_US\/fbevents.js');\nfbq('init', '365455823800903'); \/\/ Insert your pixel ID here.\nfbq('track', 'PageView');\n<\/script><script async defer crossorigin=\"anonymous\" src=\"https:\/\/connect.facebook.net\/es_ES\/sdk.js\"><\/script><br \/>\n<br \/><\/p>\n<p><em> &#8221; Fuentes www.diariolasamericas.com &#8221; <\/em><\/p>\n","protected":false},"excerpt":{"rendered":"<p>Ocurri\u00f3 una tarde, cuenta Mirta. En el barco, que har\u00eda paradas en Playa del Carmen, Cozumel, Grand Cayman y Ocho R\u00edos, antes de regresar a Miami, viajaban Mirta, sus padres, su esposo, los tres hijos de la pareja, su hermano Carlos y otras personas cercanas al n\u00facleo acquainted. \u201cEso fue un lunes, el primer d\u00eda [&hellip;]<\/p>\n","protected":false},"author":4,"featured_media":87837,"comment_status":"open","ping_status":"closed","sticky":false,"template":"","format":"standard","meta":{"om_disable_all_campaigns":false,"jnews-multi-image_gallery":[],"jnews_single_post":[],"jnews_primary_category":[],"jnews_social_meta":[],"footnotes":""},"categories":[41],"tags":[],"class_list":["post-87836","post","type-post","status-publish","format-standard","has-post-thumbnail","hentry","category-cruceros"],"_links":{"self":[{"href":"https:\/\/dimensionturistica.com\/es\/wp-json\/wp\/v2\/posts\/87836","targetHints":{"allow":["GET"]}}],"collection":[{"href":"https:\/\/dimensionturistica.com\/es\/wp-json\/wp\/v2\/posts"}],"about":[{"href":"https:\/\/dimensionturistica.com\/es\/wp-json\/wp\/v2\/types\/post"}],"author":[{"embeddable":true,"href":"https:\/\/dimensionturistica.com\/es\/wp-json\/wp\/v2\/users\/4"}],"replies":[{"embeddable":true,"href":"https:\/\/dimensionturistica.com\/es\/wp-json\/wp\/v2\/comments?post=87836"}],"version-history":[{"count":0,"href":"https:\/\/dimensionturistica.com\/es\/wp-json\/wp\/v2\/posts\/87836\/revisions"}],"wp:featuredmedia":[{"embeddable":true,"href":"https:\/\/dimensionturistica.com\/es\/wp-json\/wp\/v2\/media\/87837"}],"wp:attachment":[{"href":"https:\/\/dimensionturistica.com\/es\/wp-json\/wp\/v2\/media?parent=87836"}],"wp:term":[{"taxonomy":"category","embeddable":true,"href":"https:\/\/dimensionturistica.com\/es\/wp-json\/wp\/v2\/categories?post=87836"},{"taxonomy":"post_tag","embeddable":true,"href":"https:\/\/dimensionturistica.com\/es\/wp-json\/wp\/v2\/tags?post=87836"}],"curies":[{"name":"wp","href":"https:\/\/api.w.org\/{rel}","templated":true}]}}