{"id":878286,"date":"2024-11-22T06:36:00","date_gmt":"2024-11-22T06:36:00","guid":{"rendered":"https:\/\/dimensionturistica.com\/es\/?p=878286"},"modified":"2024-11-22T06:36:00","modified_gmt":"2024-11-22T06:36:00","slug":"la-encantadora-belleza-de-la-araucania-atrae-a-operadores-turisticos-y-medios-internacionales","status":"publish","type":"post","link":"https:\/\/dimensionturistica.com\/es\/la-encantadora-belleza-de-la-araucania-atrae-a-operadores-turisticos-y-medios-internacionales\/","title":{"rendered":"La encantadora belleza de La Araucan\u00eda atrae a operadores tur\u00edsticos y medios internacionales"},"content":{"rendered":"<p><strong>La Araucan\u00eda Travel Fest: Un Viaje a la Magia de la Araucan\u00eda<\/strong><\/p>\n<p>En la intersecci\u00f3n de la cultura ind\u00edgena y el esplendor natural, la Araucan\u00eda se presenta como un destino tur\u00edstico cautivador que atrae tanto a los viajeros como a la industria tur\u00edstica internacional. Recentemente, tuvo lugar el Araucan\u00eda Travel Fest, un evento que no solo celebr\u00f3 la riqueza cultural y la belleza esc\u00e9nica de esta regi\u00f3n chilena, sino que tambi\u00e9n se convirti\u00f3 en un punto de encuentro para operadoras tur\u00edsticas y medios de comunicaci\u00f3n de todo el mundo.<\/p>\n<p>La Araucan\u00eda, conocida por su conexi\u00f3n con el pueblo mapuche y sus paisajes sobrecogedores, fue el escenario ideal para este festival, que reuni\u00f3 a una diversidad de actores del sector tur\u00edstico. Durante varias jornadas, se llevaron a cabo actividades que permitieron a los participantes sumergirse en la historia y las tradiciones de la zona. Desde talleres de gastronom\u00eda t\u00edpica hasta exhibiciones de danzas folcl\u00f3ricas, el evento ofreci\u00f3 una visi\u00f3n integral de lo que hace \u00fanica a esta regi\u00f3n.<\/p>\n<p>Uno de los momentos m\u00e1s destacados del festival fue la posibilidad de realizar rutas de exploraci\u00f3n en entornos naturales impresionantes, como los imponentes volcanes, los lagos cristalinos y los bosques milenarios que caracterizan a la Araucan\u00eda. Estos recorridos no solo sorprendieron a los asistentes, sino que tambi\u00e9n resaltaron la importancia de la sostenibilidad y la conservaci\u00f3n en el turismo. La rica biodiversidad y el vasto patrimonio cultural son recursos que deben ser preservados para las futuras generaciones.<\/p>\n<p>Asimismo, la conexi\u00f3n con las comunidades locales fue un aspecto central del festival. Los operadores tur\u00edsticos internacionales tuvieron la oportunidad de entablar relaciones directas con comunidades mapuches, quienes compartieron su cosmovisi\u00f3n y tradiciones. Esta interacci\u00f3n resalta la importancia de un turismo responsable, en el que los visitantes no solo disfrutan de la experiencia, sino que tambi\u00e9n contribuyen al bienestar de las comunidades que los reciben.<\/p>\n<p>El Araucan\u00eda Travel Fest no solo mostr\u00f3 el potencial de la regi\u00f3n como un destino tur\u00edstico, sino que tambi\u00e9n se posicion\u00f3 como una plataforma para fomentar el di\u00e1logo y la colaboraci\u00f3n entre operadores tur\u00edsticos y entidades gubernamentales. A trav\u00e9s de paneles de discusi\u00f3n y mesas redondas, se abordaron los desaf\u00edos y oportunidades que enfrenta la industria, as\u00ed como el papel fundamental de la Araucan\u00eda en el panorama tur\u00edstico de Chile.<\/p>\n<p>A medida que los visitantes regresaban a casa, las impresiones reflejaban una profunda admiraci\u00f3n por la diversidad cultural y la belleza natural de la Araucan\u00eda. La regi\u00f3n no solo dej\u00f3 una huella imborrable en quienes tuvieron la suerte de vivir esta experiencia, sino que tambi\u00e9n se perfila como un destino emergente que atraer\u00e1 a un n\u00famero creciente de turistas en los pr\u00f3ximos a\u00f1os.<\/p>\n<p>En un mundo donde el turismo busca cada vez m\u00e1s conexiones aut\u00e9nticas y experiencias significativas, la Araucan\u00eda se erige como un faro de esperanza, mostrando que es posible explorar y disfrutar sin dejar de lado el respeto por el entorno y sus culturas. Al final del festival, la magia de la Araucan\u00eda no solo cautiv\u00f3 a los asistentes; tambi\u00e9n sembr\u00f3 la semilla para un futuro en el que el turismo sostenible y responsable sea la norma, y no la excepci\u00f3n.<\/p>\n<p><em> &#8221; Sources temucodiario.cl &#8221; <\/em><\/p>\n<p><em> &#8221; Sources temucodiario.cl &#8221; <\/em><\/p>\n","protected":false},"excerpt":{"rendered":"<p>La Araucan\u00eda Travel Fest: Un Viaje a la Magia de la Araucan\u00eda En la intersecci\u00f3n de la cultura ind\u00edgena y el esplendor natural, la Araucan\u00eda se presenta como un destino tur\u00edstico cautivador que atrae tanto a los viajeros como a la industria tur\u00edstica internacional. Recentemente, tuvo lugar el Araucan\u00eda Travel Fest, un evento que no [&hellip;]<\/p>\n","protected":false},"author":4,"featured_media":0,"comment_status":"open","ping_status":"closed","sticky":false,"template":"","format":"standard","meta":{"om_disable_all_campaigns":false,"jnews-multi-image_gallery":[],"jnews_single_post":[],"jnews_primary_category":[],"jnews_social_meta":[],"footnotes":""},"categories":[40],"tags":[33321,766,662,54491,4300,2189,32814,194946,18014,544],"class_list":["post-878286","post","type-post","status-publish","format-standard","hentry","category-industria","tag-atractivo-turistico","tag-chile","tag-cultura","tag-la-araucania","tag-magia","tag-naturaleza","tag-operadores-turisticos","tag-prensa-mundial","tag-temuco","tag-turismo"],"_links":{"self":[{"href":"https:\/\/dimensionturistica.com\/es\/wp-json\/wp\/v2\/posts\/878286","targetHints":{"allow":["GET"]}}],"collection":[{"href":"https:\/\/dimensionturistica.com\/es\/wp-json\/wp\/v2\/posts"}],"about":[{"href":"https:\/\/dimensionturistica.com\/es\/wp-json\/wp\/v2\/types\/post"}],"author":[{"embeddable":true,"href":"https:\/\/dimensionturistica.com\/es\/wp-json\/wp\/v2\/users\/4"}],"replies":[{"embeddable":true,"href":"https:\/\/dimensionturistica.com\/es\/wp-json\/wp\/v2\/comments?post=878286"}],"version-history":[{"count":0,"href":"https:\/\/dimensionturistica.com\/es\/wp-json\/wp\/v2\/posts\/878286\/revisions"}],"wp:attachment":[{"href":"https:\/\/dimensionturistica.com\/es\/wp-json\/wp\/v2\/media?parent=878286"}],"wp:term":[{"taxonomy":"category","embeddable":true,"href":"https:\/\/dimensionturistica.com\/es\/wp-json\/wp\/v2\/categories?post=878286"},{"taxonomy":"post_tag","embeddable":true,"href":"https:\/\/dimensionturistica.com\/es\/wp-json\/wp\/v2\/tags?post=878286"}],"curies":[{"name":"wp","href":"https:\/\/api.w.org\/{rel}","templated":true}]}}