{"id":87796,"date":"2021-02-27T06:57:52","date_gmt":"2021-02-27T06:57:52","guid":{"rendered":"https:\/\/dimensionturistica.com\/es\/?p=87796"},"modified":"2021-02-27T06:57:52","modified_gmt":"2021-02-27T06:57:52","slug":"el-hyundai-ioniq-5-ya-tiene-precio-en-francia-interesante","status":"publish","type":"post","link":"https:\/\/dimensionturistica.com\/es\/el-hyundai-ioniq-5-ya-tiene-precio-en-francia-interesante\/","title":{"rendered":"El Hyundai Ioniq 5 ya tiene precio en Francia: Interesante"},"content":{"rendered":"<p> <br \/>\n<\/p>\n<div>\n<p><strong>El nuevo <a rel=\"nofollow noopener\" target=\"_blank\" title=\"Hyundai\" href=\"https:\/\/www.autonocion.com\/coches-nuevos\/hyundai\/\">Hyundai<\/a> Ioniq 5 tardar\u00e1 todav\u00eda un poco en llegar<\/strong> a las manos de sus propietarios dado que no est\u00e1n previstas la primeras entregas hasta el oto\u00f1o pero <strong>nuestros vecinos franceses han abierto ya la recepci\u00f3n de pedidos<\/strong> para ir analizando los gustos de los clientes con el fin de adaptar la producci\u00f3n.<\/p>\n<p>Por ahora los usuarios solo pueden adquirir la serie especial de lanzamiento Undertaking 45 que ir\u00e1 asociada a <strong>la motorizaci\u00f3n de 360 CV<\/strong> de potencia en combinaci\u00f3n con la bater\u00eda de mayor capacidad anunciada, es decir, <strong>la que posee 72,6 kWh<\/strong> y le otorga una autonom\u00eda de unos 460 km seg\u00fan el ciclo WLTP.<\/p>\n<p><a rel=\"nofollow noopener\" target=\"_blank\" href=\"https:\/\/www.autonocion.com\/?attachment_id=506229\"><img decoding=\"async\" class=\"alignnone size-full wp-image-506229\" src=\"data:image\/svg+xml,%3Csvg%20xmlns=\" http:=\"\" alt=\"\" width=\"1480\" height=\"728\" data-lazy- data-lazy- data-lazy-src=\"https:\/\/dimensionturistica.com\/es\/wp-content\/uploads\/2021\/02\/El-Hyundai-Ioniq-5-ya-tiene-precio-en-Francia-Interesante.jpg\"\/><noscript><img decoding=\"async\" class=\"alignnone size-full wp-image-506229\" src=\"https:\/\/dimensionturistica.com\/es\/wp-content\/uploads\/2021\/02\/El-Hyundai-Ioniq-5-ya-tiene-precio-en-Francia-Interesante.jpg\" alt=\"\" width=\"1480\" height=\"728\"  \/><\/noscript><\/a><\/p>\n<p><strong>La edici\u00f3n especial se podr\u00e1 solicitar en cuatro colores diferentes<\/strong> y dos ambientes de inside pero llega con el equipamiento totalmente cerrado, algo en cierto modo l\u00f3gico viendo que lleva pr\u00e1cticamente de todo. Una vez se agoten estas unidades de la edici\u00f3n especial saldr\u00e1n a la venta los acabados convencionales.<\/p>\n<p><a rel=\"nofollow noopener\" target=\"_blank\" href=\"https:\/\/www.autonocion.com\/?attachment_id=506230\"><img decoding=\"async\" class=\"alignnone size-full wp-image-506230\" src=\"data:image\/svg+xml,%3Csvg%20xmlns=\" http:=\"\" alt=\"\" width=\"1416\" height=\"688\" data-lazy- data-lazy- data-lazy-src=\"https:\/\/dimensionturistica.com\/es\/wp-content\/uploads\/2021\/02\/1614409070_627_El-Hyundai-Ioniq-5-ya-tiene-precio-en-Francia-Interesante.jpg\"\/><noscript><img decoding=\"async\" class=\"alignnone size-full wp-image-506230\" src=\"https:\/\/dimensionturistica.com\/es\/wp-content\/uploads\/2021\/02\/1614409070_627_El-Hyundai-Ioniq-5-ya-tiene-precio-en-Francia-Interesante.jpg\" alt=\"\" width=\"1416\" height=\"688\"  \/><\/noscript><\/a><\/p>\n<p>El detalle completo de equipamiento no lo tenemos pero s\u00ed podemos comentar que incluyen <strong>faros y pilotos con tecnolog\u00eda LED, management de crucero adaptativo<\/strong>, instrumentaci\u00f3n digital, aviso pre-colisi\u00f3n, frenada autom\u00e1tica en ciudad, alerta y asistente de cambio de carril, tapizado en piel, climatizador autom\u00e1tico, and so on. <strong>El precio se ha fijado en los 55.900 \u20ac sin incluir ayudas<\/strong> y se puede reservar realizando un pago de 1.000 \u20ac por Paypal.<\/p>\n<\/div>\n\n<p><em> &#8221; Fuentes www.autonocion.com &#8221; <\/em><\/p>\n","protected":false},"excerpt":{"rendered":"<p>El nuevo Hyundai Ioniq 5 tardar\u00e1 todav\u00eda un poco en llegar a las manos de sus propietarios dado que no est\u00e1n previstas la primeras entregas hasta el oto\u00f1o pero nuestros vecinos franceses han abierto ya la recepci\u00f3n de pedidos para ir analizando los gustos de los clientes con el fin de adaptar la producci\u00f3n. Por [&hellip;]<\/p>\n","protected":false},"author":4,"featured_media":87797,"comment_status":"open","ping_status":"closed","sticky":false,"template":"","format":"standard","meta":{"om_disable_all_campaigns":false,"jnews-multi-image_gallery":[],"jnews_single_post":[],"jnews_primary_category":[],"jnews_social_meta":[],"footnotes":""},"categories":[41],"tags":[],"class_list":["post-87796","post","type-post","status-publish","format-standard","has-post-thumbnail","hentry","category-cruceros"],"_links":{"self":[{"href":"https:\/\/dimensionturistica.com\/es\/wp-json\/wp\/v2\/posts\/87796","targetHints":{"allow":["GET"]}}],"collection":[{"href":"https:\/\/dimensionturistica.com\/es\/wp-json\/wp\/v2\/posts"}],"about":[{"href":"https:\/\/dimensionturistica.com\/es\/wp-json\/wp\/v2\/types\/post"}],"author":[{"embeddable":true,"href":"https:\/\/dimensionturistica.com\/es\/wp-json\/wp\/v2\/users\/4"}],"replies":[{"embeddable":true,"href":"https:\/\/dimensionturistica.com\/es\/wp-json\/wp\/v2\/comments?post=87796"}],"version-history":[{"count":0,"href":"https:\/\/dimensionturistica.com\/es\/wp-json\/wp\/v2\/posts\/87796\/revisions"}],"wp:featuredmedia":[{"embeddable":true,"href":"https:\/\/dimensionturistica.com\/es\/wp-json\/wp\/v2\/media\/87797"}],"wp:attachment":[{"href":"https:\/\/dimensionturistica.com\/es\/wp-json\/wp\/v2\/media?parent=87796"}],"wp:term":[{"taxonomy":"category","embeddable":true,"href":"https:\/\/dimensionturistica.com\/es\/wp-json\/wp\/v2\/categories?post=87796"},{"taxonomy":"post_tag","embeddable":true,"href":"https:\/\/dimensionturistica.com\/es\/wp-json\/wp\/v2\/tags?post=87796"}],"curies":[{"name":"wp","href":"https:\/\/api.w.org\/{rel}","templated":true}]}}