{"id":87788,"date":"2021-02-27T06:41:42","date_gmt":"2021-02-27T06:41:42","guid":{"rendered":"https:\/\/dimensionturistica.com\/es\/?p=87788"},"modified":"2021-02-27T06:41:42","modified_gmt":"2021-02-27T06:41:42","slug":"urge-semaforo-en-crucero-peligroso","status":"publish","type":"post","link":"https:\/\/dimensionturistica.com\/es\/urge-semaforo-en-crucero-peligroso\/","title":{"rendered":"Urge sem\u00e1foro en crucero peligroso"},"content":{"rendered":"<p> <br \/>\n<\/p>\n<div>\n<p>Tihuatl\u00e1n, Ver. \u2013 Luego de los buenos resultados que ha arrojado la instalaci\u00f3n del sem\u00e1foro en la zona conurbada Plan de Ayala-Totolapa, se pretende instalar otro aparato de management de tr\u00e1fico, en este caso en la cabecera municipal.<\/p>\n<p>El ayuntamiento inform\u00f3 que el nuevo sem\u00e1foro quedar\u00eda instalado en la esquina de Bulevar Bicentenario y avenida 16 de Septiembre, para lo cual se realizar\u00e1n los estudios correspondientes de vialidad.<\/p>\n<p>Por el momento el tema se encuentra bajo an\u00e1lisis de professionals y contras, pero casi es un hecho, ya que el objetivo es la prevenci\u00f3n de accidentes, y en el punto de referencia se han registrado varios percances.<\/p>\n<p>Las autoridades toman tambi\u00e9n en cuenta que, con el otro sem\u00e1foro instalado a principios de a\u00f1o en el bulevar de acceso al Puente Cazones 2, desde esa fecha ya no han ocurrido accidentes en ese punto.<\/p>\n<hr class=\"wp-block-separator is-style-wide\"\/>\n<figure class=\"wp-block-image size-large\"><img decoding=\"async\" loading=\"lazy\" width=\"1024\" height=\"51\" src=\"https:\/\/dimensionturistica.com\/es\/wp-content\/uploads\/2020\/12\/Aparatoso-choque-en-crucero-peligroso-de-Poza-Rica.png\" alt=\"\" class=\"wp-image-442207\"  \/><figcaption><strong>Twitter \u2013 <a rel=\"nofollow noopener\" target=\"_blank\" href=\"https:\/\/twitter.com\/laopinionpr\">@laopinionpr<\/a><\/strong><br \/><strong>Fb \u2013 <a rel=\"nofollow noopener\" target=\"_blank\" href=\"https:\/\/www.facebook.com\/pg\/laopinionpr\/\">@LaOpini\u00f3nPozaRica<\/a><\/strong><br \/><strong>Youtube \u2013 <a rel=\"nofollow noopener\" target=\"_blank\" href=\"https:\/\/www.youtube.com\/channel\/UCBNhcxvhU_RU0tKOwPKylHg?view_as=subscriber\">La Opini\u00f3n Poza Rica<\/a><\/strong><br \/><strong>\u00bfReporte y denuncia?<\/strong><br \/>Si cuentas con im\u00e1genes o video que exhiban maltrato, abuso de autoridad, corrupci\u00f3n o cualquier acci\u00f3n inhumana. \u00a1Por favor, h\u00e1znoslo saber!<br \/>\u2013 WhatsApp: <a rel=\"nofollow noopener\" target=\"_blank\" href=\"https:\/\/api.whatsapp.com\/send?phone=527822199402&amp;text=&amp;source=&amp;data=&amp;app_absent=\">(782) 219-94-02<\/a> &lt;&lt;&lt; <a rel=\"nofollow noopener\" target=\"_blank\" href=\"https:\/\/api.whatsapp.com\/send?phone=527822199402&amp;text=&amp;source=&amp;data=&amp;app_absent=\">\u00a1cl\u00edck aqu\u00ed!<\/a><br \/>\u2013 Por e-mail: <a rel=\"nofollow noopener\" target=\"_blank\" href=\"https:\/\/www.laopinion.net\/urge-semaforo-en-crucero-peligroso\/mailto:denuncias@laopinion.net\">denuncias@laopinion.net<\/a> &lt;&lt;&lt; <a rel=\"nofollow noopener\" target=\"_blank\" href=\"https:\/\/api.whatsapp.com\/send?phone=527822199402&amp;text=&amp;source=&amp;data=&amp;app_absent=\">\u00a1cl\u00edck aqu\u00ed!<\/a><\/figcaption><\/figure>\n<hr class=\"wp-block-separator is-style-wide\"\/>\n<figure class=\"wp-block-image is-resized\"><img decoding=\"async\" loading=\"lazy\" src=\"https:\/\/dimensionturistica.com\/es\/wp-content\/uploads\/2021\/02\/Urge-semaforo-en-crucero-peligroso.png\" alt=\"La imagen tiene un atributo ALT vac\u00edo; su nombre de archivo es Digital.png\" width=\"1140\" height=\"222\"\/><\/figure>\n<figure class=\"wp-block-image\"><img decoding=\"async\" src=\"https:\/\/dimensionturistica.com\/es\/wp-content\/uploads\/2020\/11\/Cada-vez-mas-caotico-centrico-crucero.png\" alt=\"La imagen tiene un atributo ALT vac\u00edo; su nombre de archivo es Coronavirus-Ok2.png\"\/><\/figure>\n<hr class=\"wp-block-separator is-style-wide\"\/>\n\t\t<\/div>\n<p><script async src=\"\/\/platform.twitter.com\/widgets.js\" charset=\"utf-8\"><\/script><script>\n        window.fbAsyncInit = function() {\n          FB.init({\n            xfbml            : true,\n            version          : 'v7.0'\n          });\n        };\n        (function(d, s, id) {\n        var js, fjs = d.getElementsByTagName(s)[0];\n        if (d.getElementById(id)) return;\n        js = d.createElement(s); js.id = id;\n        js.src=\"https:\/\/connect.facebook.net\/es_LA\/sdk\/xfbml.customerchat.js\";\n        fjs.parentNode.insertBefore(js, fjs);\n      }(document, 'script', 'facebook-jssdk'));<\/script><br \/>\n<br \/><\/p>\n<p><em> &#8221; Fuentes www.laopinion.net &#8221; <\/em><\/p>\n","protected":false},"excerpt":{"rendered":"<p>Tihuatl\u00e1n, Ver. \u2013 Luego de los buenos resultados que ha arrojado la instalaci\u00f3n del sem\u00e1foro en la zona conurbada Plan de Ayala-Totolapa, se pretende instalar otro aparato de management de tr\u00e1fico, en este caso en la cabecera municipal. El ayuntamiento inform\u00f3 que el nuevo sem\u00e1foro quedar\u00eda instalado en la esquina de Bulevar Bicentenario y avenida [&hellip;]<\/p>\n","protected":false},"author":4,"featured_media":0,"comment_status":"open","ping_status":"closed","sticky":false,"template":"","format":"standard","meta":{"om_disable_all_campaigns":false,"jnews-multi-image_gallery":[],"jnews_single_post":[],"jnews_primary_category":[],"jnews_social_meta":[],"footnotes":""},"categories":[41],"tags":[],"class_list":["post-87788","post","type-post","status-publish","format-standard","hentry","category-cruceros"],"_links":{"self":[{"href":"https:\/\/dimensionturistica.com\/es\/wp-json\/wp\/v2\/posts\/87788","targetHints":{"allow":["GET"]}}],"collection":[{"href":"https:\/\/dimensionturistica.com\/es\/wp-json\/wp\/v2\/posts"}],"about":[{"href":"https:\/\/dimensionturistica.com\/es\/wp-json\/wp\/v2\/types\/post"}],"author":[{"embeddable":true,"href":"https:\/\/dimensionturistica.com\/es\/wp-json\/wp\/v2\/users\/4"}],"replies":[{"embeddable":true,"href":"https:\/\/dimensionturistica.com\/es\/wp-json\/wp\/v2\/comments?post=87788"}],"version-history":[{"count":0,"href":"https:\/\/dimensionturistica.com\/es\/wp-json\/wp\/v2\/posts\/87788\/revisions"}],"wp:attachment":[{"href":"https:\/\/dimensionturistica.com\/es\/wp-json\/wp\/v2\/media?parent=87788"}],"wp:term":[{"taxonomy":"category","embeddable":true,"href":"https:\/\/dimensionturistica.com\/es\/wp-json\/wp\/v2\/categories?post=87788"},{"taxonomy":"post_tag","embeddable":true,"href":"https:\/\/dimensionturistica.com\/es\/wp-json\/wp\/v2\/tags?post=87788"}],"curies":[{"name":"wp","href":"https:\/\/api.w.org\/{rel}","templated":true}]}}