{"id":87742,"date":"2021-02-27T03:31:57","date_gmt":"2021-02-27T03:31:57","guid":{"rendered":"https:\/\/dimensionturistica.com\/es\/?p=87742"},"modified":"2021-02-27T03:31:57","modified_gmt":"2021-02-27T03:31:57","slug":"suspende-viajero-servicio-de-reintegro-de-pasajes","status":"publish","type":"post","link":"https:\/\/dimensionturistica.com\/es\/suspende-viajero-servicio-de-reintegro-de-pasajes\/","title":{"rendered":"Suspende Viajero servicio de reintegro de pasajes"},"content":{"rendered":"<p> <br \/>\n<\/p>\n<div id=\"\">\n\t\t\t\t\t\t\t\t&#13;<\/p>\n<p><img decoding=\"async\" style=\"float: left;\" src=\"http:\/\/www.acn.cu\/images\/2020\/OCTUBRE\/1014-viajero.jpg\" alt=\"1014-viajero.jpg\"\/>La Habana, 26 feb (ACN) La Empresa Viajero anunci\u00f3 hoy la suspensi\u00f3n a partir del pr\u00f3ximo lunes 1 de marzo en todas las Agencias de reservaciones de pasaje del pa\u00eds, de la gesti\u00f3n de reintegro de los pasajes correspondientes a los viajes cancelados debido a las restricciones impuestas por la COVID-19.<\/p>\n<p>&#13;<\/p>\n<p>En su perfil oficial en Fb, la instituci\u00f3n inform\u00f3 que los pasajeros que aun poseen boletos de viajes programados entre el 13 de enero y el 7 de febrero, podr\u00e1n adquirir una nueva capacidad de viaje al reanudarse las operaciones de transporte, de acuerdo a la disponibilidad existente o reintegrar la reservaci\u00f3n.<\/p>\n<p>&#13;<\/p>\n<p>A causa del rebrote de la pandemia, Cuba suspendi\u00f3 la transportaci\u00f3n nacional, con el objetivo de frenar el avance de la enfermedad, que hasta el parte informativo de este jueves ha costado la vida a 314 cubanos.<\/p>\n<\/p><\/div>\n\n<p><em> &#8221; Fuentes www.acn.cu &#8221; <\/em><\/p>\n","protected":false},"excerpt":{"rendered":"<p>&#13; La Habana, 26 feb (ACN) La Empresa Viajero anunci\u00f3 hoy la suspensi\u00f3n a partir del pr\u00f3ximo lunes 1 de marzo en todas las Agencias de reservaciones de pasaje del pa\u00eds, de la gesti\u00f3n de reintegro de los pasajes correspondientes a los viajes cancelados debido a las restricciones impuestas por la COVID-19. &#13; En su [&hellip;]<\/p>\n","protected":false},"author":4,"featured_media":0,"comment_status":"open","ping_status":"closed","sticky":false,"template":"","format":"standard","meta":{"om_disable_all_campaigns":false,"jnews-multi-image_gallery":[],"jnews_single_post":[],"jnews_primary_category":[],"jnews_social_meta":[],"footnotes":""},"categories":[40],"tags":[510,18432],"class_list":["post-87742","post","type-post","status-publish","format-standard","hentry","category-industria","tag-covid-19","tag-empresa-viajero"],"_links":{"self":[{"href":"https:\/\/dimensionturistica.com\/es\/wp-json\/wp\/v2\/posts\/87742","targetHints":{"allow":["GET"]}}],"collection":[{"href":"https:\/\/dimensionturistica.com\/es\/wp-json\/wp\/v2\/posts"}],"about":[{"href":"https:\/\/dimensionturistica.com\/es\/wp-json\/wp\/v2\/types\/post"}],"author":[{"embeddable":true,"href":"https:\/\/dimensionturistica.com\/es\/wp-json\/wp\/v2\/users\/4"}],"replies":[{"embeddable":true,"href":"https:\/\/dimensionturistica.com\/es\/wp-json\/wp\/v2\/comments?post=87742"}],"version-history":[{"count":0,"href":"https:\/\/dimensionturistica.com\/es\/wp-json\/wp\/v2\/posts\/87742\/revisions"}],"wp:attachment":[{"href":"https:\/\/dimensionturistica.com\/es\/wp-json\/wp\/v2\/media?parent=87742"}],"wp:term":[{"taxonomy":"category","embeddable":true,"href":"https:\/\/dimensionturistica.com\/es\/wp-json\/wp\/v2\/categories?post=87742"},{"taxonomy":"post_tag","embeddable":true,"href":"https:\/\/dimensionturistica.com\/es\/wp-json\/wp\/v2\/tags?post=87742"}],"curies":[{"name":"wp","href":"https:\/\/api.w.org\/{rel}","templated":true}]}}