{"id":87673,"date":"2021-02-26T23:37:58","date_gmt":"2021-02-26T23:37:58","guid":{"rendered":"https:\/\/dimensionturistica.com\/es\/?p=87673"},"modified":"2021-02-26T23:37:58","modified_gmt":"2021-02-26T23:37:58","slug":"bill-gates-predice-cuando-se-volvera-a-viajar-con-normalidad","status":"publish","type":"post","link":"https:\/\/dimensionturistica.com\/es\/bill-gates-predice-cuando-se-volvera-a-viajar-con-normalidad\/","title":{"rendered":"Bill Gates predice cu\u00e1ndo se volver\u00e1 a viajar con normalidad"},"content":{"rendered":"<p> <br \/>\n<\/p>\n<div>\n<p id=\"m12-11-13\">Ya casi se cumple un a\u00f1o desde que el pasado 11 de marzo la <b>Organizaci\u00f3n Mundial de la Salud<\/b> (OMS) declar\u00f3 <b>pandemia <\/b>al brote de<b> covid-19<\/b>. Hasta la fecha ya se han registrado m\u00e1s de 113 millones de <b>contagios <\/b>y m\u00e1s de 2.5 millones de personas han fallecido a causa de la enfermedad.<\/p>\n<p id=\"m61-1-62\">Debido a la <b>disaster sanitaria <\/b>declarada a nivel world, el sector <b>turismo <\/b>se ha visto seriamente afectado y los vuelos internacionales se han reducido de manera dr\u00e1stica. De acuerdo con datos de Statista, en la semana del 22 de febrero de 2021, el n\u00famero de vuelos programados en todo el mundo baj\u00f3 un 44% con respecto a la misma semana de 2020.<\/p>\n<p>Al respecto de este tema, el fil\u00e1ntropo y creador de Microsoft, <b>Invoice Gates,<\/b> habl\u00f3 el pasado mi\u00e9rcoles 24 de febrero en una entrevista con la aplicaci\u00f3n Clubhouse, sobre sus <b>predicciones <\/b>de cu\u00e1ndo se podr\u00e1 volver a <b>viajar <\/b>con <b>normalidad<\/b>.<\/p>\n<p>Gates ha estado muy involucrado en la <b><a rel=\"nofollow noopener\" target=\"_blank\" href=\"https:\/\/www.elcomercio.com\/tag\/pandemia\" title=\"Ver m\u00e1s sobre pandemia\">pandemia<\/a><\/b>. En primer lugar, <b>don\u00f3 <\/b>USD<b>\u00a0<\/b>125 millones para la <b>investigaci\u00f3n <\/b>de <b>vacunas <\/b>contra el <b>covid-19.<\/b> Adem\u00e1s le han llamado \u201cel or\u00e1culo del coronavirus\u201d debido a que hace m\u00e1s de cinco a\u00f1os advirti\u00f3 sobre un &#8220;brote s\u00faper contagioso y mortal de la gripe&#8221;.<\/p>\n<p>Ahora dijo que, a pesar de que en varios pa\u00edses del mundo ya comenz\u00f3 la <b>campa\u00f1a <\/b>de <b>vacunaci\u00f3n<\/b>, no ser\u00e1 hasta el 2022 cuando los <b>vuelos<\/b> <b>internacionales <\/b>se retomar\u00e1n con normalidad.<\/p>\n<p>Esto se debe a que, a pesar de que algunos pa\u00edses como Estados Unidos ya han vacunado a gran parte de la poblaci\u00f3n, en otros el proceso es a\u00fan m\u00e1s lento.<\/p>\n<p>&#8220;En viajes globales, se tendr\u00e1 que tener cuidado hasta alg\u00fan momento en 2022. Esto se debe a la <b>inequidad <\/b>en la <b>distribuci\u00f3n <\/b>de las <b><a rel=\"nofollow noopener\" target=\"_blank\" href=\"http\/\/www.elcomercio.com\/tag\/vacunas\" title=\"Ver m\u00e1s sobre vacunas\">vacunas<\/a><\/b>. Mientras tanto, en los EE.UU., la situaci\u00f3n del suministro est\u00e1 mejorando&#8221;, indic\u00f3 el multimillonario.<br \/><b><br \/><\/b>De acuerdo con Gates y otros <b>expertos<\/b>, la \u00fanica manera de dar por terminada la pandemia es a trav\u00e9s de la vacunaci\u00f3n, por eso es importante que<b> todos los pa\u00edses <\/b>del mundo puedan <b>acceder <\/b>a las <b>dosis<\/b>.<\/p>\n<p>\u201cUn tema importante es llevar la vacuna no solo a los pa\u00edses ricos, sino a todos los pa\u00edses. Ese es un papel enorme en el que han estado involucradas las <b>inversiones <\/b>y los esfuerzos de la <b>Fundaci\u00f3n Gates<\/b>. Hemos iniciado f\u00e1bricas en India que tienen un volumen muy alto\u201d, a\u00f1adi\u00f3 Gates, cuyo patrimonio neto es de casi 121 mil millones de d\u00f3lares seg\u00fan \u2018Forbes\u2019.<\/p>\n<p>Recientemente y en la misma l\u00ednea, el inmun\u00f3logo irland\u00e9s<b> Luke O\u2019Neill<\/b>, profesor en la Escuela de Bioqu\u00edmica e Inmunolog\u00eda del Trinity School de Dubl\u00edn, revel\u00f3 que el mundo podr\u00e1 volver a la <b>normalidad <\/b>en seis o nueve meses, siempre y cuando los pa\u00edses desarrollados con excedente de vacunas regalen dosis al resto de naciones que no han logrado vacunar con rapidez a su poblaci\u00f3n.<\/p>\n<p>\u201cDar el exceso de vacunas a pa\u00edses que las necesitan es imprescindible, ya que permitir\u00e1 que el mundo logre antes altos niveles de vacunaci\u00f3n. Le estamos pidiendo a cada pa\u00eds del mundo desarrollado que se preparen para regalar vacunas, por extra\u00f1o que parezca\u201d, indic\u00f3, se\u00f1alando que naciones como <b>Canad\u00e1<\/b>, <b>Estados Unidos<\/b>, Reino Unido y la Uni\u00f3n Europea cuentan con un <b>suministro <\/b>de 9,7,6 y 5 dosis por persona, respectivamente.<\/p>\n<p>Por eso, aunque predice que la pandemia est\u00e1 llegando a su fin, indica que habr\u00e1 <b>restricciones<\/b>, sobre todo en <b>viajes internacionales<\/b>, hasta que todos los pa\u00edses del mundo hayan vacunado a gran parte de su poblaci\u00f3n y se alcance la inmunidad de reba\u00f1o.<\/p>\n<p>&#8220;Una vez que la vacunaci\u00f3n est\u00e9 extendida, a\u00fan tendremos que restringir los viajes entre los diferentes pa\u00edses (&#8230;) Si obtenemos <b>protecci\u00f3n <\/b>en nuestros propios pa\u00edses, no vamos a querer nuevas cepas del virus irrumpiendo en el escenario native, mientras otros pa\u00edses son vacunados, y este punto es essential\u201d, asegur\u00f3 el irland\u00e9s.<\/p>\n<\/div>\n\n<p><em> &#8221; Fuentes www.elcomercio.com &#8221; <\/em><\/p>\n","protected":false},"excerpt":{"rendered":"<p>Ya casi se cumple un a\u00f1o desde que el pasado 11 de marzo la Organizaci\u00f3n Mundial de la Salud (OMS) declar\u00f3 pandemia al brote de covid-19. Hasta la fecha ya se han registrado m\u00e1s de 113 millones de contagios y m\u00e1s de 2.5 millones de personas han fallecido a causa de la enfermedad. Debido a [&hellip;]<\/p>\n","protected":false},"author":4,"featured_media":87674,"comment_status":"open","ping_status":"closed","sticky":false,"template":"","format":"standard","meta":{"om_disable_all_campaigns":false,"jnews-multi-image_gallery":[],"jnews_single_post":[],"jnews_primary_category":[],"jnews_social_meta":[],"footnotes":""},"categories":[39],"tags":[8641,8642,4165,626,8992,4962,545],"class_list":["post-87673","post","type-post","status-publish","format-standard","has-post-thumbnail","hentry","category-viajes","tag-bill","tag-gates","tag-normalidad","tag-pandemia","tag-predice","tag-vacunas","tag-viajes"],"_links":{"self":[{"href":"https:\/\/dimensionturistica.com\/es\/wp-json\/wp\/v2\/posts\/87673","targetHints":{"allow":["GET"]}}],"collection":[{"href":"https:\/\/dimensionturistica.com\/es\/wp-json\/wp\/v2\/posts"}],"about":[{"href":"https:\/\/dimensionturistica.com\/es\/wp-json\/wp\/v2\/types\/post"}],"author":[{"embeddable":true,"href":"https:\/\/dimensionturistica.com\/es\/wp-json\/wp\/v2\/users\/4"}],"replies":[{"embeddable":true,"href":"https:\/\/dimensionturistica.com\/es\/wp-json\/wp\/v2\/comments?post=87673"}],"version-history":[{"count":0,"href":"https:\/\/dimensionturistica.com\/es\/wp-json\/wp\/v2\/posts\/87673\/revisions"}],"wp:featuredmedia":[{"embeddable":true,"href":"https:\/\/dimensionturistica.com\/es\/wp-json\/wp\/v2\/media\/87674"}],"wp:attachment":[{"href":"https:\/\/dimensionturistica.com\/es\/wp-json\/wp\/v2\/media?parent=87673"}],"wp:term":[{"taxonomy":"category","embeddable":true,"href":"https:\/\/dimensionturistica.com\/es\/wp-json\/wp\/v2\/categories?post=87673"},{"taxonomy":"post_tag","embeddable":true,"href":"https:\/\/dimensionturistica.com\/es\/wp-json\/wp\/v2\/tags?post=87673"}],"curies":[{"name":"wp","href":"https:\/\/api.w.org\/{rel}","templated":true}]}}