{"id":87642,"date":"2021-02-26T22:39:39","date_gmt":"2021-02-26T22:39:39","guid":{"rendered":"https:\/\/dimensionturistica.com\/es\/?p=87642"},"modified":"2021-02-26T22:39:39","modified_gmt":"2021-02-26T22:39:39","slug":"%c2%93el-madrileno%c2%94-la-bitacora-de-viajes-que-c-tangana-convirtio-en-album","status":"publish","type":"post","link":"https:\/\/dimensionturistica.com\/es\/%c2%93el-madrileno%c2%94-la-bitacora-de-viajes-que-c-tangana-convirtio-en-album\/","title":{"rendered":"\u0093El Madrile\u00f1o\u0094: la bit\u00e1cora de viajes que C. Tangana convirti\u00f3 en \u00e1lbum"},"content":{"rendered":"<p> <br \/>\n<\/p>\n<div id=\"cuerpo-nota\">\n<p>\u0093El Madrile\u00f1o\u0094 ya es una realidad. Desde este viernes, el nuevo disco de <strong><a rel=\"nofollow noopener\" target=\"_blank\" href=\"https:\/\/www.instagram.com\/c.tangana\/\">C. Tangana<\/a><\/strong> est\u00e1 disponible en todas las plataformas digitales. Un trabajo que es definido como\u00a0un disco de viajes, en el que el cantante ha querido dialogar con los sonidos de los diferentes pa\u00edses que ha visitado.<\/p>\n<aside class=\"htmlinline\"\/>\n<p>Un \u00e1lbum ambiciosos,\u00a0que muestra la\u00a0madurez creativa de C. Tangana y su trabajo\u00a0como productor. <strong>En &#8220;El Madrile\u00f1o&#8221; se\u00a0suma elementos aparentemente dispares pero terminan siendo\u00a0una emulsi\u00f3n sonora pure. <\/strong>Para este disco, el artista volvi\u00f3 a tener\u00a0como colaboradores de cabecera a Alizzz, en la producci\u00f3n, y V\u00edctor Mart\u00ednez en\u00a0instrumento que haga falta.\u00a0<\/p>\n<p>Esta semana, C. Tangana estren\u00f3\u00a0\u0093Nominao\u0094\u00a0y\u00a0\u0093Hong Kong\u0094, dos singles que contaron con\u00a0colaboraciones que nacieron por separado, pero que se fusionaron en dos videoclips. Un registro que forma una especie de miniserie con dos cap\u00edtulos, en donde Pucho viaja junto\u00a0Jorge Drexler, Andr\u00e9s Calamaro\u00a0y otros.\u00a0<\/p>\n<aside class=\"htmlinline\"\/>\n<h2><strong>Escucha el nuevo disco de C. Tangana, &#8220;El Madrile\u00f1o&#8221;<\/strong><\/h2>\n<h2><iframe loading=\"lazy\" allow=\"encrypted-media\" allowtransparency=\"true\" frameborder=\"0\" height=\"380\" src=\"https:\/\/open.spotify.com\/embed\/album\/52QyC9nSbgtHFXyQRHsXJ9\" width=\"300\"><\/iframe><\/h2>\n<\/div>\n<p><script async defer src=\"https:\/\/platform.instagram.com\/en_US\/embeds.js\"><\/script><br \/>\n<br \/><\/p>\n<p><em> &#8221; Fuentes www.encancha.cl &#8221; <\/em><\/p>\n","protected":false},"excerpt":{"rendered":"<p>\u0093El Madrile\u00f1o\u0094 ya es una realidad. Desde este viernes, el nuevo disco de C. Tangana est\u00e1 disponible en todas las plataformas digitales. Un trabajo que es definido como\u00a0un disco de viajes, en el que el cantante ha querido dialogar con los sonidos de los diferentes pa\u00edses que ha visitado. Un \u00e1lbum ambiciosos,\u00a0que muestra la\u00a0madurez creativa [&hellip;]<\/p>\n","protected":false},"author":4,"featured_media":87643,"comment_status":"open","ping_status":"closed","sticky":false,"template":"","format":"standard","meta":{"om_disable_all_campaigns":false,"jnews-multi-image_gallery":[],"jnews_single_post":[],"jnews_primary_category":[],"jnews_social_meta":[],"footnotes":""},"categories":[39],"tags":[18423],"class_list":["post-87642","post","type-post","status-publish","format-standard","has-post-thumbnail","hentry","category-viajes","tag-c-tangana"],"_links":{"self":[{"href":"https:\/\/dimensionturistica.com\/es\/wp-json\/wp\/v2\/posts\/87642","targetHints":{"allow":["GET"]}}],"collection":[{"href":"https:\/\/dimensionturistica.com\/es\/wp-json\/wp\/v2\/posts"}],"about":[{"href":"https:\/\/dimensionturistica.com\/es\/wp-json\/wp\/v2\/types\/post"}],"author":[{"embeddable":true,"href":"https:\/\/dimensionturistica.com\/es\/wp-json\/wp\/v2\/users\/4"}],"replies":[{"embeddable":true,"href":"https:\/\/dimensionturistica.com\/es\/wp-json\/wp\/v2\/comments?post=87642"}],"version-history":[{"count":0,"href":"https:\/\/dimensionturistica.com\/es\/wp-json\/wp\/v2\/posts\/87642\/revisions"}],"wp:featuredmedia":[{"embeddable":true,"href":"https:\/\/dimensionturistica.com\/es\/wp-json\/wp\/v2\/media\/87643"}],"wp:attachment":[{"href":"https:\/\/dimensionturistica.com\/es\/wp-json\/wp\/v2\/media?parent=87642"}],"wp:term":[{"taxonomy":"category","embeddable":true,"href":"https:\/\/dimensionturistica.com\/es\/wp-json\/wp\/v2\/categories?post=87642"},{"taxonomy":"post_tag","embeddable":true,"href":"https:\/\/dimensionturistica.com\/es\/wp-json\/wp\/v2\/tags?post=87642"}],"curies":[{"name":"wp","href":"https:\/\/api.w.org\/{rel}","templated":true}]}}