{"id":87636,"date":"2021-02-26T22:31:05","date_gmt":"2021-02-26T22:31:05","guid":{"rendered":"https:\/\/dimensionturistica.com\/es\/?p=87636"},"modified":"2021-02-26T22:31:05","modified_gmt":"2021-02-26T22:31:05","slug":"bill-gates-fundador-de-microsoft-predice-cuando-viajar-con-normalidad-gente-cultura","status":"publish","type":"post","link":"https:\/\/dimensionturistica.com\/es\/bill-gates-fundador-de-microsoft-predice-cuando-viajar-con-normalidad-gente-cultura\/","title":{"rendered":"Bill Gates, fundador de Microsoft, predice cu\u00e1ndo viajar con normalidad &#8211; Gente &#8211; Cultura"},"content":{"rendered":"<p> <br \/>\n<\/p>\n<div itemprop=\"articleBody\">\n<!--INICIO SABOR AUDIO--><br \/>\n<!--FIN SABOR AUDIO--><\/p>\n<p class=\"contenido\" id=\"p569732-m1123-1122-1124\">Ya casi se cumple un a\u00f1o desde que el pasado 11 de marzo la Organizaci\u00f3n Mundial de la Salud (OMS) declar\u00f3 pandemia al brote de covid-19. Hasta la fecha ya se han registrado m\u00e1s de 113 millones de contagios y m\u00e1s de 2.5 millones de personas han fallecido a causa de la enfermedad.<\/p>\n<p>Debido a la disaster sanitaria declarada a nivel international, el sector turismo se ha visto seriamente afectado y los vuelos internacionales se han reducido de manera dr\u00e1stica. De acuerdo con datos de Statista<b>, en la semana del 22 de febrero de 2021, el n\u00famero de vuelos programados en todo el mundo baj\u00f3 un 44% con respecto a la misma semana de 2020.\u00a0<\/b><\/p>\n<p>(Le puede interesar:\u00a0<a rel=\"nofollow noopener\" target=\"_blank\" href=\"https:\/\/www.eltiempo.com\/vida\/medio-ambiente\/que-une-a-jeff-bezos-director-de-amazon-con-bill-gates-fundador-de-microsoft-569357\">Gates busca una alianza con Bezos para combatir el cambio clim\u00e1tico<\/a>).<\/p>\n<p class=\"contenido\" id=\"p569732-m1167-2-1168\">Al respecto de este tema,<b> el fil\u00e1ntropo y creador de Microsoft, Invoice Gates, habl\u00f3 el pasado mi\u00e9rcoles 24 de febrero en una entrevista con la aplicaci\u00f3n Clubhouse, sobre sus predicciones de cu\u00e1ndo se podr\u00e1 volver a viajar con normalidad.<br \/><\/b> <br \/>Invoice Gates ha estado muy involucrado en la pandemia. En primer lugar, don\u00f3 125 millones de d\u00f3lares para la investigaci\u00f3n de vacunas contra el covid-19. Adem\u00e1s le han llamado \u201cel or\u00e1culo del coronavirus\u201d debido a que hace m\u00e1s de cinco a\u00f1os advirti\u00f3 sobre un &#8220;brote s\u00faper contagioso y mortal de la gripe&#8221;.<\/p>\n<p>Ahora dijo que, a pesar de que en varios pa\u00edses del mundo ya comenz\u00f3 la campa\u00f1a de vacunaci\u00f3n, <b>no ser\u00e1 hasta el 2022 cuando los vuelos internacionales se retomar\u00e1n con normalidad.<\/b><\/p>\n<p>Esto se debe a que, a pesar de que algunos pa\u00edses como Estados Unidos ya han vacunado a gran parte de la poblaci\u00f3n, en otros el proceso es a\u00fan m\u00e1s lento.<br \/><b><br \/>&#8220;En viajes globales, se tendr\u00e1 que tener cuidado hasta alg\u00fan momento en 2022. Esto se debe a la inequidad en la distribuci\u00f3n de las vacunas.<\/b> Mientras tanto, en los EE. UU., la situaci\u00f3n del suministro est\u00e1 mejorando&#8221;, indic\u00f3 el multimillonario.<\/p>\n<p>(Le puede interesar:\u00a0<a rel=\"nofollow noopener\" target=\"_blank\" href=\"https:\/\/www.eltiempo.com\/tecnosfera\/bill-gates-critica-la-tendencia-del-bitcoin-analiza-la-criptomoneda-569136\">Bill Gates critica a los compradores de bitc\u00f3in<\/a>).\u00a0<\/p>\n<div class=\"fotografia\" id=\"p569732-m1173-3-1174\">\n<div class=\"imagen-cuerpo-bk\">\n<figure itemscope=\"\" itemtype=\"https:\/\/schema.org\/ImageObject\" itemprop=\"image\" id=\"m1178-1177-1179\" class=\"foto-galeria-articulo\"><img decoding=\"async\" alt=\"Cient\u00edfico irland\u00e9s predice fin de pandemia, pero si regalan vacunas\" src=\"data:image\/png;base64,iVBORw0KGgoAAAANSUhEUgAAAAIAAAABCAQAAABeK7cBAAAAC0lEQVR42mNkAAIAAAoAAv\/lxKUAAAAASUVORK5CYII=\" style=\" display: inline;\" width=\"600px\" height=\"450px\" data-original=\"\/files\/article_content\/uploads\/2021\/02\/22\/603420084730b.png\"\/><meta itemprop=\"width\" content=\"600\"\/><meta itemprop=\"height\" content=\"450\"\/><meta itemprop=\"url\" content=\"https:\/\/www.eltiempo.com\/files\/article_content\/uploads\/2021\/02\/22\/603420084730b.png\"\/><\/figure>\n<\/div>\n<div class=\"figcaption-cuerpo-bk credito-image-bk\"><figcaption class=\"foto-info\">\n<div class=\"titulo-foto-bk\">\n<p id=\"m1185-1-1186\" class=\"titulo\">Los vuelos internacionales no van a volver a la normalidad hasta que gran parte del mundo est\u00e9 vacunada, seg\u00fan Gates.<\/p>\n<\/div>\n<\/figcaption><\/div>\n<\/div>\n<p class=\"contenido\" id=\"p569732-m1199-4-1200\">De acuerdo con Gates y otros expertos<b>, la \u00fanica manera de dar por terminada la pandemia es a trav\u00e9s de la vacunaci\u00f3n<\/b>, por eso<b> es importante que todos los pa\u00edses del mundo puedan acceder a las dosis.<\/b><\/p>\n<p>\u201c<b>Un tema importante es llevar la vacuna no solo a los pa\u00edses ricos, sino a todos los pa\u00edses.<\/b> Ese es un papel enorme en el que han estado involucradas las inversiones y los esfuerzos de la Fundaci\u00f3n Gates. Hemos iniciado f\u00e1bricas en India que tienen un volumen muy alto\u201d, a\u00f1adi\u00f3 Gates, cuyo patrimonio neto es de casi 121 mil millones de d\u00f3lares seg\u00fan \u2018Forbes\u2019.<\/p>\n<p>Recientemente y en la misma l\u00ednea, el inmun\u00f3logo irland\u00e9s Luke O\u2019Neill, profesor en la Escuela de Bioqu\u00edmica e Inmunolog\u00eda del Trinity School de Dubl\u00edn, revel\u00f3 que el mundo podr\u00e1 volver a la normalidad en seis o nueve meses, <b>siempre y cuando los pa\u00edses desarrollados con excedente de vacunas regalen dosis al resto de naciones que no han logrado vacunar con rapidez a su poblaci\u00f3n.\u00a0<\/b><\/p>\n<p>(Le recomendamos leer:\u00a0<a rel=\"nofollow noopener\" target=\"_blank\" href=\"https:\/\/www.eltiempo.com\/cultura\/gente\/bill-gates-fundador-de-microsoft-propone-a-paises-ricos-comer-carne-sintetica-567388\">Bill Gates pide que los pa\u00edses ricos solo coman carne sint\u00e9tica<\/a>).\u00a0<\/p>\n<div class=\"video-cuerpo\" id=\"p569732-m1205-5-1206\">\n<div class=\"video video-player inline\" itemprop=\"video\" itemscope=\"\" itemtype=\"https:\/\/schema.org\/VideoObject\">\n<span itemprop=\"name\">Cient\u00edfico irland\u00e9s predice fin de pandemia, pero si regalan vacunas<\/span><span itemprop=\"description\">Cient\u00edfico irland\u00e9s predice fin de pandemia, pero si regalan vacunas<\/span><meta itemprop=\"uploadDate\" content=\"2021-02-22\"\/><\/p>\n<div class=\"imagen-enlace-video-cuerpo-bk\">\n<figure id=\"m1210-1209-1211\" class=\"foto-video-articulo\"><img decoding=\"async\" alt=\"Cient\u00edfico irland\u00e9s predice fin de pandemia, pero si regalan vacunas\" itemprop=\"thumbnailUrl\" src=\"data:image\/png;base64,iVBORw0KGgoAAAANSUhEUgAAAAIAAAABCAQAAABeK7cBAAAAC0lEQVR42mNkAAIAAAoAAv\/lxKUAAAAASUVORK5CYII=\" style=\" display: inline;\" width=\"600px\" height=\"400px\" data-original=\"\/files\/main_video_image\/uploads\/2021\/02\/22\/60341f7b5da78.png\"\/><\/figure>\n<p><a rel=\"nofollow noopener\" target=\"_blank\" id=\"m1217-1-1218\" class=\"btn_player tiempo\"><a rel=\"nofollow noopener\" target=\"_blank\" class=\"video-play\" href=\"https:\/\/www.eltiempo.com\/cultura\/gente\/-6nAZshnEOQ\" data-source=\"youtube_v3\" data-media-id=\"https:\/\/www.eltiempo.com\/cultura\/gente\/-6nAZshnEOQ\"><a rel=\"nofollow noopener\" target=\"_blank\" class=\"video-play\" href=\"https:\/\/www.eltiempo.com\/cultura\/gente\/-6nAZshnEOQ\" data-source=\"youtube_v3\" data-media-id=\"https:\/\/www.eltiempo.com\/cultura\/gente\/-6nAZshnEOQ\"><\/div>\n<\/div>\n<\/div>\n<p class=\"contenido\" id=\"p569732-m1231-6-1232\">\u201cDar el exceso de vacunas a pa\u00edses que las necesitan es imprescindible, ya que permitir\u00e1 que el mundo logre antes altos niveles de vacunaci\u00f3n. Le estamos pidiendo a cada pa\u00eds del mundo desarrollado que se preparen para regalar vacunas, por extra\u00f1o que parezca\u201d, indic\u00f3, se\u00f1alando que naciones como Canad\u00e1, Estados Unidos, Reino Unido y la Uni\u00f3n Europea cuentan con un suministro de 9,7,6 y 5 dosis por persona, respectivamente.<\/p>\n<p>Por eso, aunque predice que la pandemia est\u00e1 llegando a su fin, indica que <b>habr\u00e1 restricciones, sobre todo en viajes internacionales<\/b>, hasta que todos los pa\u00edses del mundo hayan vacunado a gran parte de su poblaci\u00f3n y se alcance la inmunidad de reba\u00f1o.<\/p>\n<p>&#8220;Una vez que la vacunaci\u00f3n est\u00e9 extendida, a\u00fan tendremos que restringir los viajes entre los diferentes pa\u00edses (&#8230;) Si obtenemos protecci\u00f3n en nuestros propios pa\u00edses, no vamos a querer nuevas cepas del virus irrumpiendo en el escenario local, mientras otros pa\u00edses son vacunados, y este punto es crucial\u201d, asegur\u00f3 el irland\u00e9s.<\/p>\n<p>(Siga leyendo:\u00a0<a rel=\"nofollow noopener\" target=\"_blank\" href=\"https:\/\/www.eltiempo.com\/mundo\/bill-gates-sugiere-tercera-dosis-para-aumentar-efectividad-vacunas-contra-covid-19-567795\">Bill Gates dice que podr\u00edan necesitarse 3 dosis de vacuna contra covid<\/a>).\u00a0<\/p>\n<p>Tendencias EL TIEMPO<\/p>\n<\/div>\n\n<p><em> &#8221; Fuentes www.eltiempo.com &#8221; <\/em><\/p>\n","protected":false},"excerpt":{"rendered":"<p>Ya casi se cumple un a\u00f1o desde que el pasado 11 de marzo la Organizaci\u00f3n Mundial de la Salud (OMS) declar\u00f3 pandemia al brote de covid-19. Hasta la fecha ya se han registrado m\u00e1s de 113 millones de contagios y m\u00e1s de 2.5 millones de personas han fallecido a causa de la enfermedad. Debido a [&hellip;]<\/p>\n","protected":false},"author":4,"featured_media":87637,"comment_status":"open","ping_status":"closed","sticky":false,"template":"","format":"standard","meta":{"om_disable_all_campaigns":false,"jnews-multi-image_gallery":[],"jnews_single_post":[],"jnews_primary_category":[],"jnews_social_meta":[],"footnotes":""},"categories":[39],"tags":[4060,4165,8992,790,18422],"class_list":["post-87636","post","type-post","status-publish","format-standard","has-post-thumbnail","hentry","category-viajes","tag-cuando","tag-normalidad","tag-predice","tag-viajar","tag-volvera"],"_links":{"self":[{"href":"https:\/\/dimensionturistica.com\/es\/wp-json\/wp\/v2\/posts\/87636","targetHints":{"allow":["GET"]}}],"collection":[{"href":"https:\/\/dimensionturistica.com\/es\/wp-json\/wp\/v2\/posts"}],"about":[{"href":"https:\/\/dimensionturistica.com\/es\/wp-json\/wp\/v2\/types\/post"}],"author":[{"embeddable":true,"href":"https:\/\/dimensionturistica.com\/es\/wp-json\/wp\/v2\/users\/4"}],"replies":[{"embeddable":true,"href":"https:\/\/dimensionturistica.com\/es\/wp-json\/wp\/v2\/comments?post=87636"}],"version-history":[{"count":0,"href":"https:\/\/dimensionturistica.com\/es\/wp-json\/wp\/v2\/posts\/87636\/revisions"}],"wp:featuredmedia":[{"embeddable":true,"href":"https:\/\/dimensionturistica.com\/es\/wp-json\/wp\/v2\/media\/87637"}],"wp:attachment":[{"href":"https:\/\/dimensionturistica.com\/es\/wp-json\/wp\/v2\/media?parent=87636"}],"wp:term":[{"taxonomy":"category","embeddable":true,"href":"https:\/\/dimensionturistica.com\/es\/wp-json\/wp\/v2\/categories?post=87636"},{"taxonomy":"post_tag","embeddable":true,"href":"https:\/\/dimensionturistica.com\/es\/wp-json\/wp\/v2\/tags?post=87636"}],"curies":[{"name":"wp","href":"https:\/\/api.w.org\/{rel}","templated":true}]}}