{"id":87612,"date":"2021-02-26T21:16:49","date_gmt":"2021-02-26T21:16:49","guid":{"rendered":"https:\/\/dimensionturistica.com\/es\/?p=87612"},"modified":"2021-02-26T21:16:49","modified_gmt":"2021-02-26T21:16:49","slug":"cancelacion-de-cruceros-ha-afectado-a-los-sectores-turisticos-y-a-productores-en-colima-iniguez-mendez","status":"publish","type":"post","link":"https:\/\/dimensionturistica.com\/es\/cancelacion-de-cruceros-ha-afectado-a-los-sectores-turisticos-y-a-productores-en-colima-iniguez-mendez\/","title":{"rendered":"Cancelaci\u00f3n de cruceros ha afectado a los sectores tur\u00edsticos y a productores en Colima: \u00cd\u00f1iguez M\u00e9ndez"},"content":{"rendered":"<p> <br \/>\n<\/p>\n<div>\n<div class=\"td-post-featured-image\"><a rel=\"nofollow noopener\" target=\"_blank\" href=\"https:\/\/www.colimanoticias.com\/wp-content\/uploads\/2021\/02\/Mara-Luisa-del-Carmen-In\u0303iguez.jpg?v=1614371376\" data-caption=\"\"><img decoding=\"async\" width=\"696\" height=\"522\" class=\"entry-thumb td-modal-image\" src=\"https:\/\/dimensionturistica.com\/es\/wp-content\/uploads\/2021\/02\/Cancelacion-de-cruceros-ha-afectado-a-los-sectores-turisticos-y.jpg\"   alt=\"\" title=\"Mara Luisa del Carmen In\u0303iguez\"\/><\/a><\/div>\n<p><strong>Edgardo Zamora|CN COLIMANOTICIAS<\/strong><\/p>\n<p>Colima, Col.-\u00a0\u00a0La cancelaci\u00f3n de cruceros por la pandemia mundial de Covid 19 afecta gravemente al sector tur\u00edstico, ya que se ha tenido una p\u00e9rdida de hasta un 70 por ciento.<\/p>\n<p>La secretaria de Turismo en Colima, Mara Luisa del Carmen I\u00f1iguez M\u00e9ndez, expres\u00f3 que anteriormente se recib\u00eda a 70 mil cruceristas en Manzanillo, quienes viv\u00edan la experiencia con tour operadores o contratando gu\u00edas que recorr\u00edan el pueblo m\u00e1gico de Comala, Villa de \u00c1lvarez, Colima, conoc\u00edan la historia de Manzanillo y compraban DayPast en la hoteler\u00eda.<\/p>\n<p>\u201cEntonces es un tema complicado que est\u00e1 afectando a productores y artesanos, todos los que compraban se llevaban su ponche, caf\u00e9, la sal; iban al Museo de la sal, al Tortugario, etc. Ahora todas esas entradas est\u00e1n en ceros\u201d.<\/p>\n<p>Explic\u00f3 que no hay fecha para el arribo de cruceros, a pesar de que los empresarios \u201cempujan\u201d el tema para la reactivaci\u00f3n, pero hasta el momento no hay ninguna definici\u00f3n.<\/p>\n<p>En 2016 llegaron al puerto de Manzanillo 18 cruceros, en 2019 fueron 26 embarcaciones tur\u00edsticas mientras que en 2020 la cifra baj\u00f3 a 7 cruceros, y para 2021 no se contempla que lleguen.<\/p>\n<div id=\"gallery-1\" class=\"gallery galleryid-465925 gallery-columns-3 gallery-size-thumbnail\">\n<figure class=\"gallery-item\">\n<div class=\"gallery-icon landscape\">\n<a rel=\"nofollow noopener\" target=\"_blank\" href=\"https:\/\/www.colimanoticias.com\/wp-content\/uploads\/2021\/02\/Mara-Luisa-del-Carmen-In\u0303iguez.jpg\"><img decoding=\"async\" width=\"150\" height=\"150\" src=\"https:\/\/dimensionturistica.com\/es\/wp-content\/uploads\/2021\/02\/1614374209_145_Cancelacion-de-cruceros-ha-afectado-a-los-sectores-turisticos-y.jpg\" class=\"attachment-thumbnail size-thumbnail\" alt=\"\" loading=\"lazy\"\/><\/a>\n<\/div>\n<\/figure>\n<\/div>\n<\/div>\n\n<p><em> &#8221; Fuentes www.colimanoticias.com &#8221; <\/em><\/p>\n","protected":false},"excerpt":{"rendered":"<p>Edgardo Zamora|CN COLIMANOTICIAS Colima, Col.-\u00a0\u00a0La cancelaci\u00f3n de cruceros por la pandemia mundial de Covid 19 afecta gravemente al sector tur\u00edstico, ya que se ha tenido una p\u00e9rdida de hasta un 70 por ciento. La secretaria de Turismo en Colima, Mara Luisa del Carmen I\u00f1iguez M\u00e9ndez, expres\u00f3 que anteriormente se recib\u00eda a 70 mil cruceristas en [&hellip;]<\/p>\n","protected":false},"author":4,"featured_media":87613,"comment_status":"open","ping_status":"closed","sticky":false,"template":"","format":"standard","meta":{"om_disable_all_campaigns":false,"jnews-multi-image_gallery":[],"jnews_single_post":[],"jnews_primary_category":[],"jnews_social_meta":[],"footnotes":""},"categories":[41],"tags":[],"class_list":["post-87612","post","type-post","status-publish","format-standard","has-post-thumbnail","hentry","category-cruceros"],"_links":{"self":[{"href":"https:\/\/dimensionturistica.com\/es\/wp-json\/wp\/v2\/posts\/87612","targetHints":{"allow":["GET"]}}],"collection":[{"href":"https:\/\/dimensionturistica.com\/es\/wp-json\/wp\/v2\/posts"}],"about":[{"href":"https:\/\/dimensionturistica.com\/es\/wp-json\/wp\/v2\/types\/post"}],"author":[{"embeddable":true,"href":"https:\/\/dimensionturistica.com\/es\/wp-json\/wp\/v2\/users\/4"}],"replies":[{"embeddable":true,"href":"https:\/\/dimensionturistica.com\/es\/wp-json\/wp\/v2\/comments?post=87612"}],"version-history":[{"count":0,"href":"https:\/\/dimensionturistica.com\/es\/wp-json\/wp\/v2\/posts\/87612\/revisions"}],"wp:featuredmedia":[{"embeddable":true,"href":"https:\/\/dimensionturistica.com\/es\/wp-json\/wp\/v2\/media\/87613"}],"wp:attachment":[{"href":"https:\/\/dimensionturistica.com\/es\/wp-json\/wp\/v2\/media?parent=87612"}],"wp:term":[{"taxonomy":"category","embeddable":true,"href":"https:\/\/dimensionturistica.com\/es\/wp-json\/wp\/v2\/categories?post=87612"},{"taxonomy":"post_tag","embeddable":true,"href":"https:\/\/dimensionturistica.com\/es\/wp-json\/wp\/v2\/tags?post=87612"}],"curies":[{"name":"wp","href":"https:\/\/api.w.org\/{rel}","templated":true}]}}