{"id":87520,"date":"2021-02-26T18:12:28","date_gmt":"2021-02-26T18:12:28","guid":{"rendered":"https:\/\/dimensionturistica.com\/es\/?p=87520"},"modified":"2021-02-26T18:12:28","modified_gmt":"2021-02-26T18:12:28","slug":"embajada-de-ee-uu-en-haiti-restringe-viajes-de-su-personal-al-pais-caribeno-por-disturbios","status":"publish","type":"post","link":"https:\/\/dimensionturistica.com\/es\/embajada-de-ee-uu-en-haiti-restringe-viajes-de-su-personal-al-pais-caribeno-por-disturbios\/","title":{"rendered":"Embajada de EE.UU. en Hait\u00ed restringe viajes de su personal al pa\u00eds caribe\u00f1o por disturbios"},"content":{"rendered":"<p> <br \/>\n<\/p>\n<div>\n<div class=\"paragraph\" mlnid=\"idcon=15861468;order=7.0\">\n<p>La Embajada de Estados Unidos en Hait\u00ed informo que ante los informes de que se planifican disturbios este fin de semana en el pa\u00eds caribe\u00f1o, restringi\u00f3 los viajes no oficiales de sus empleados de contrataci\u00f3n directa, entre ellos estadounidenses y ciudadanos haitianos<\/p>\n<p>Las restricciones de viajes ser\u00e1n a partir de las 10:00 de la ma\u00f1ana del domingo e inst\u00f3 a los ciudadanos de Estados Unidos a tener cuidado al viajar a Puerto Pr\u00edncipe .<\/p>\n<p>Cit\u00f3 a la \u201corganizaci\u00f3n deshonesta conocida como &#8220;Fantom 509&#8221; que tambi\u00e9n puede estar activa el viernes 26 de febrero y el s\u00e1bado 27 de febrero.<\/p>\n<p>\u201cEste grupo es conocido por sus acciones violentas e impredecibles y ha demostrado la capacidad de aparecer r\u00e1pidamente en un \u00e1rea, y desaparecen r\u00e1pidamente y resurgen en otro. Si planea viajar el s\u00e1bado, considere salir temprano y regresar temprano\u201d, cube el comunicado.<\/p>\n<p>El pasado s\u00e1bado dos dominicanos y un ciudadano hatiano fueron secuestrados y todav\u00eda se desconoce de su paradero.<\/p>\n<\/p><\/div>\n<div class=\"paragraph\" mlnid=\"idcon=15861550;order=9.0\">\n<p>Las \u00e1reas que, seg\u00fan la Embajada de Estados Unidos, pueden ser peligrosos mas de seguridad son:<\/p>\n<p>Rue Capois<\/p>\n<p>Avenue John Brown<\/p>\n<p>Avenida Martin Luther King (Nazon)<\/p>\n<p>Aeropuerto Carrefour<\/p>\n<p>Delmas<\/p>\n<p>Rue Marcadieu<\/p>\n<p>Bourdon \/ P\u00e9tionville<\/p>\n<p>Calle Panamericana<\/p>\n<p>Juventud (Oficinas de la ONU)<\/p>\n<p>Coloque Canap\u00e9-Vert<\/p>\n<\/p><\/div><\/div>\n\n<p><em> &#8221; Fuentes www.diariolibre.com &#8221; <\/em><\/p>\n","protected":false},"excerpt":{"rendered":"<p>La Embajada de Estados Unidos en Hait\u00ed informo que ante los informes de que se planifican disturbios este fin de semana en el pa\u00eds caribe\u00f1o, restringi\u00f3 los viajes no oficiales de sus empleados de contrataci\u00f3n directa, entre ellos estadounidenses y ciudadanos haitianos Las restricciones de viajes ser\u00e1n a partir de las 10:00 de la ma\u00f1ana [&hellip;]<\/p>\n","protected":false},"author":4,"featured_media":87521,"comment_status":"open","ping_status":"closed","sticky":false,"template":"","format":"standard","meta":{"om_disable_all_campaigns":false,"jnews-multi-image_gallery":[],"jnews_single_post":[],"jnews_primary_category":[],"jnews_social_meta":[],"footnotes":""},"categories":[39],"tags":[1429],"class_list":["post-87520","post","type-post","status-publish","format-standard","has-post-thumbnail","hentry","category-viajes","tag-santo-domingo"],"_links":{"self":[{"href":"https:\/\/dimensionturistica.com\/es\/wp-json\/wp\/v2\/posts\/87520","targetHints":{"allow":["GET"]}}],"collection":[{"href":"https:\/\/dimensionturistica.com\/es\/wp-json\/wp\/v2\/posts"}],"about":[{"href":"https:\/\/dimensionturistica.com\/es\/wp-json\/wp\/v2\/types\/post"}],"author":[{"embeddable":true,"href":"https:\/\/dimensionturistica.com\/es\/wp-json\/wp\/v2\/users\/4"}],"replies":[{"embeddable":true,"href":"https:\/\/dimensionturistica.com\/es\/wp-json\/wp\/v2\/comments?post=87520"}],"version-history":[{"count":0,"href":"https:\/\/dimensionturistica.com\/es\/wp-json\/wp\/v2\/posts\/87520\/revisions"}],"wp:featuredmedia":[{"embeddable":true,"href":"https:\/\/dimensionturistica.com\/es\/wp-json\/wp\/v2\/media\/87521"}],"wp:attachment":[{"href":"https:\/\/dimensionturistica.com\/es\/wp-json\/wp\/v2\/media?parent=87520"}],"wp:term":[{"taxonomy":"category","embeddable":true,"href":"https:\/\/dimensionturistica.com\/es\/wp-json\/wp\/v2\/categories?post=87520"},{"taxonomy":"post_tag","embeddable":true,"href":"https:\/\/dimensionturistica.com\/es\/wp-json\/wp\/v2\/tags?post=87520"}],"curies":[{"name":"wp","href":"https:\/\/api.w.org\/{rel}","templated":true}]}}