{"id":87483,"date":"2021-02-26T17:17:32","date_gmt":"2021-02-26T17:17:32","guid":{"rendered":"https:\/\/dimensionturistica.com\/es\/?p=87483"},"modified":"2021-02-26T17:17:32","modified_gmt":"2021-02-26T17:17:32","slug":"el-hondajet-fue-el-avion-de-su-clase-con-mayor-numero-de-entregas-en-2020","status":"publish","type":"post","link":"https:\/\/dimensionturistica.com\/es\/el-hondajet-fue-el-avion-de-su-clase-con-mayor-numero-de-entregas-en-2020\/","title":{"rendered":"El HondaJet fue el avi\u00f3n de su clase con mayor n\u00famero de entregas en 2020"},"content":{"rendered":"<p> <br \/>\n<\/p>\n<div>\n<p>Por cuarto a\u00f1o consecutivo el HondaJet ha logrado ser el avi\u00f3n ejecutivo de categor\u00eda \u00abVery Mild Jets\u00bb con mayor n\u00famero de entregas, alcanzando la cifra de 31 unidades a clientes alrededor del mundo (otras aeronaves de esa clase son el Eclipse 500 y el Phenom 100).<\/p>\n<p>Michimasa Fujino, presidente y director ejecutivo de Honda Plane Firm, afirm\u00f3 que a pesar de la ca\u00edda en cantidad de aeronaves entregadas por la pandemia del COVID-19, se ha observado una aceleraci\u00f3n en el cambio hacia modos de transporte m\u00e1s seguros y sostenibles.<\/p>\n<p>\u201cLas entregas del HondaJet se recuperaron r\u00e1pidamente a niveles anteriores a la aparici\u00f3n del COVID para fin de a\u00f1o, lo que demuestra que los clientes de todo el mundo contin\u00faan eligiendo el modelo. Esto incluye a muchos propietarios de aviones de negocios por primera vez, que se han dado cuenta de las ventajas de viajar en privado. Creemos que el HondaJet seguir\u00e1 contribuyendo a la recuperaci\u00f3n del mercado mundial de la aviaci\u00f3n ejecutiva\u201d.<\/p>\n<p><figure id=\"attachment_74603\" aria-describedby=\"caption-attachment-74603\" style=\"width: 1199px\" class=\"wp-caption aligncenter\"><a rel=\"nofollow noopener\" target=\"_blank\" href=\"https:\/\/i0.wp.com\/www.aviacionline.com\/wp-content\/uploads\/2021\/02\/HondaJet_Ryabtsev.jpg?ssl=1\"><img decoding=\"async\" class=\"wp-image-74603 size-full jetpack-lazy-image\" src=\"https:\/\/dimensionturistica.com\/es\/wp-content\/uploads\/2021\/02\/1614359851_380_El-HondaJet-fue-el-avion-de-su-clase-con-mayor.jpg\" alt=\"\" width=\"696\" height=\"463\" data-recalc-dims=\"1\" data-lazy- data-lazy- data-lazy-src=\"https:\/\/dimensionturistica.com\/es\/wp-content\/uploads\/2021\/02\/El-HondaJet-fue-el-avion-de-su-clase-con-mayor.jpg\" \/><noscript><img decoding=\"async\" class=\"wp-image-74603 size-full\" src=\"https:\/\/dimensionturistica.com\/es\/wp-content\/uploads\/2021\/02\/1614359851_380_El-HondaJet-fue-el-avion-de-su-clase-con-mayor.jpg\" alt=\"\" width=\"696\" height=\"463\"   data-recalc-dims=\"1\"\/><\/noscript><\/a><figcaption id=\"caption-attachment-74603\" class=\"wp-caption-text\">Cr\u00e9ditos a Sergey Ryabtsev para Wikimedia Commons<\/figcaption><\/figure>\n<\/p>\n<p>Desde la empresa tambi\u00e9n anunciaron que HondaJet Japan ha comenzado servicios ch\u00e1rter con la aeronave bajo una regulaci\u00f3n de la ley de aeron\u00e1utica japonesa related a la operaci\u00f3n FAR Parte 135 de los Estados Unidos, lo que hace que el avi\u00f3n sea a\u00fan m\u00e1s accesible para los viajeros en ese pa\u00eds asi\u00e1tico.<\/p>\n<p>Durante el a\u00f1o pasado, la empresa consigui\u00f3 los certificados tipo para poder volar en Pakist\u00e1n y Rusia.<\/p>\n<p>La presencia de Honda Plane Firm incluye ahora Am\u00e9rica del Norte, Europa, Am\u00e9rica Latina, el sudeste de Asia, China, Oriente Medio, India, Jap\u00f3n y Rusia. Se estima que actualmente hay en operaci\u00f3n m\u00e1s de 170 HondaJet alrededor del mundo.<\/p>\n<p>El HondaJet Elite es el avi\u00f3n m\u00e1s r\u00e1pido (velocidad de crucero de 682 km\/h y velocidad m\u00e1xima de 777 km\/h), con mayor autonom\u00eda (2.661 km) y con mayor techo de su clase.<\/p>\n<p><a rel=\"nofollow noopener\" target=\"_blank\" href=\"https:\/\/i0.wp.com\/www.aviacionline.com\/wp-content\/uploads\/2021\/02\/HondaJet-04.jpg?ssl=1\"><img decoding=\"async\" class=\"aligncenter size-full wp-image-74751 jetpack-lazy-image\" src=\"https:\/\/dimensionturistica.com\/es\/wp-content\/uploads\/2021\/02\/1614359851_81_El-HondaJet-fue-el-avion-de-su-clase-con-mayor.jpg\" alt=\"\" width=\"696\" height=\"463\" data-recalc-dims=\"1\" data-lazy- data-lazy- data-lazy-src=\"https:\/\/dimensionturistica.com\/es\/wp-content\/uploads\/2021\/02\/1614359851_284_El-HondaJet-fue-el-avion-de-su-clase-con-mayor.jpg\" \/><noscript><img decoding=\"async\" class=\"aligncenter size-full wp-image-74751\" src=\"https:\/\/dimensionturistica.com\/es\/wp-content\/uploads\/2021\/02\/1614359851_81_El-HondaJet-fue-el-avion-de-su-clase-con-mayor.jpg\" alt=\"\" width=\"696\" height=\"463\"   data-recalc-dims=\"1\"\/><\/noscript><\/a><\/p>\n<p>La aeronave incorpora las muchas innovaciones tecnol\u00f3gicas de Honda Plane, incluida la configuraci\u00f3n \u00fanica de montaje del motor sobre el ala (OTWEM), la nariz y el ala de flujo laminar pure (NLF) y el fuselaje de materiales compuestos.<\/p>\n<p><a rel=\"nofollow noopener\" target=\"_blank\" href=\"https:\/\/i1.wp.com\/www.aviacionline.com\/wp-content\/uploads\/2021\/02\/HondaJet03.jpg?ssl=1\"><img decoding=\"async\" class=\"aligncenter size-full wp-image-74750 jetpack-lazy-image\" src=\"https:\/\/dimensionturistica.com\/es\/wp-content\/uploads\/2021\/02\/1614359851_928_El-HondaJet-fue-el-avion-de-su-clase-con-mayor.jpg\" alt=\"\" width=\"696\" height=\"463\" data-recalc-dims=\"1\" data-lazy- data-lazy- data-lazy-src=\"https:\/\/dimensionturistica.com\/es\/wp-content\/uploads\/2021\/02\/1614359851_983_El-HondaJet-fue-el-avion-de-su-clase-con-mayor.jpg\" \/><noscript><img decoding=\"async\" class=\"aligncenter size-full wp-image-74750\" src=\"https:\/\/dimensionturistica.com\/es\/wp-content\/uploads\/2021\/02\/1614359851_928_El-HondaJet-fue-el-avion-de-su-clase-con-mayor.jpg\" alt=\"\" width=\"696\" height=\"463\"   data-recalc-dims=\"1\"\/><\/noscript><\/a><\/p>\n<p>El avi\u00f3n es propulsado por motores GE Honda Aero Engines HF120. Cabe recordar que la cabina tiene un altura de 1.46 metros y una capacidad de hasta cinco pasajeros.<\/p>\n<\/div>\n\n<p><em> &#8221; Fuentes www.aviacionline.com &#8221; <\/em><\/p>\n","protected":false},"excerpt":{"rendered":"<p>Por cuarto a\u00f1o consecutivo el HondaJet ha logrado ser el avi\u00f3n ejecutivo de categor\u00eda \u00abVery Mild Jets\u00bb con mayor n\u00famero de entregas, alcanzando la cifra de 31 unidades a clientes alrededor del mundo (otras aeronaves de esa clase son el Eclipse 500 y el Phenom 100). Michimasa Fujino, presidente y director ejecutivo de Honda Plane [&hellip;]<\/p>\n","protected":false},"author":4,"featured_media":87484,"comment_status":"open","ping_status":"closed","sticky":false,"template":"","format":"standard","meta":{"om_disable_all_campaigns":false,"jnews-multi-image_gallery":[],"jnews_single_post":[],"jnews_primary_category":[],"jnews_social_meta":[],"footnotes":""},"categories":[41],"tags":[],"class_list":["post-87483","post","type-post","status-publish","format-standard","has-post-thumbnail","hentry","category-cruceros"],"_links":{"self":[{"href":"https:\/\/dimensionturistica.com\/es\/wp-json\/wp\/v2\/posts\/87483","targetHints":{"allow":["GET"]}}],"collection":[{"href":"https:\/\/dimensionturistica.com\/es\/wp-json\/wp\/v2\/posts"}],"about":[{"href":"https:\/\/dimensionturistica.com\/es\/wp-json\/wp\/v2\/types\/post"}],"author":[{"embeddable":true,"href":"https:\/\/dimensionturistica.com\/es\/wp-json\/wp\/v2\/users\/4"}],"replies":[{"embeddable":true,"href":"https:\/\/dimensionturistica.com\/es\/wp-json\/wp\/v2\/comments?post=87483"}],"version-history":[{"count":0,"href":"https:\/\/dimensionturistica.com\/es\/wp-json\/wp\/v2\/posts\/87483\/revisions"}],"wp:featuredmedia":[{"embeddable":true,"href":"https:\/\/dimensionturistica.com\/es\/wp-json\/wp\/v2\/media\/87484"}],"wp:attachment":[{"href":"https:\/\/dimensionturistica.com\/es\/wp-json\/wp\/v2\/media?parent=87483"}],"wp:term":[{"taxonomy":"category","embeddable":true,"href":"https:\/\/dimensionturistica.com\/es\/wp-json\/wp\/v2\/categories?post=87483"},{"taxonomy":"post_tag","embeddable":true,"href":"https:\/\/dimensionturistica.com\/es\/wp-json\/wp\/v2\/tags?post=87483"}],"curies":[{"name":"wp","href":"https:\/\/api.w.org\/{rel}","templated":true}]}}