{"id":873551,"date":"2024-11-13T04:07:43","date_gmt":"2024-11-13T04:07:43","guid":{"rendered":"https:\/\/dimensionturistica.com\/es\/?p=873551"},"modified":"2024-11-13T04:07:43","modified_gmt":"2024-11-13T04:07:43","slug":"canfranc-alberga-la-reunion-de-las-agencias-de-viajes","status":"publish","type":"post","link":"https:\/\/dimensionturistica.com\/es\/canfranc-alberga-la-reunion-de-las-agencias-de-viajes\/","title":{"rendered":"Canfranc alberga la reuni\u00f3n de las agencias de viajes"},"content":{"rendered":"<p><strong>Canfranc: El Nuevo Epicentro del Turismo de Monta\u00f1a<\/strong><\/p>\n<p>En el coraz\u00f3n de los Pirineos, el peque\u00f1o pero vibrante municipio de Canfranc se est\u00e1 posicionando como un lugar clave en el turismo de monta\u00f1a. Este rinc\u00f3n m\u00e1gico, conocido por su impresionante estaci\u00f3n internacional de tren, se ha convertido en el escenario ideal para la reciente cumbre de agencias de viaje, un evento que ha reunido a importantes actores del sector. Este encuentro no solo subraya la relevancia de Canfranc en el panorama tur\u00edstico, sino que tambi\u00e9n demuestra el potencial que tiene el Pirineo aragon\u00e9s para atraer a viajeros de todo el mundo.<\/p>\n<p>La cumbre, celebrada en un ambiente de colaboraci\u00f3n y creatividad, ha permitido a los profesionales del turismo intercambiar ideas y estrategias. Con un enfoque claro en la sostenibilidad y la promoci\u00f3n de experiencias \u00fanicas, las agencias all\u00ed presentes han trazado un futuro esperanzador para el turismo en la regi\u00f3n. La estaci\u00f3n de tren, un monumento hist\u00f3rico que alguna vez fue un s\u00edmbolo de la conexi\u00f3n europea, ahora se erige como el coraz\u00f3n de un renacer tur\u00edstico que busca captar el esp\u00edritu aventurero de los visitantes.<\/p>\n<p>Canfranc no es solo un destino para los amantes de la historia y la arquitectura; su entorno natural ofrece una amplia gama de actividades al aire libre. Desde el esqu\u00ed en invierno hasta el senderismo y el ciclismo en verano, las monta\u00f1as alrededor de Canfranc son un para\u00edso para cualquier amante de las aventuras. El acceso a rutas de alta monta\u00f1a y paisajes espectaculares asegura que cada temporada est\u00e9 marcada por la emoci\u00f3n y la exploraci\u00f3n.<\/p>\n<p>Pero Canfranc no se detiene solo en la naturaleza. La gastronom\u00eda local, que combina esencia pirenaica con influencias modernas, promete deleitar a los paladares m\u00e1s exigentes. Los visitantes pueden disfrutar de platos tradicionales que utilizan ingredientes de la regi\u00f3n, lo que hace que cada comida sea una celebraci\u00f3n de la cultura local.<\/p>\n<p>La cumbre tambi\u00e9n ha puesto de relieve la importancia de la colaboraci\u00f3n entre diferentes sectores. Hacer que Canfranc se convierta en un destino tur\u00edstico atractivo no solo depende de las agencias de viaje sino tambi\u00e9n de la comunidad local, los productores, y las instituciones gubernamentales. Juntos, est\u00e1n en una misi\u00f3n para revitalizar la regi\u00f3n, incrementar su visibilidad y asegurar que el turismo florezca de manera responsable y sostenible.<\/p>\n<p>El futuro de Canfranc se presenta brillante y lleno de posibilidades. Con el respaldo de iniciativas como la cumbre de agencias de viaje, este pueblo pintoresco est\u00e1 preparado para convertirse en un referente en el mundo del turismo de monta\u00f1a. Si buscas un destino que combine historia, naturaleza inigualable y modernidad, es el momento perfecto para considerar Canfranc y dejarte envolver por su encanto y magia. \u00a1No te quedes atr\u00e1s y convi\u00e9rtete en parte de esta emocionante aventura!<\/p>\n<p><em> &#8221; Sources www.diariodelaltoaragon.es &#8221; <\/em><\/p>\n<p><em> &#8221; Sources www.diariodelaltoaragon.es &#8221; <\/em><\/p>\n","protected":false},"excerpt":{"rendered":"<p>Canfranc: El Nuevo Epicentro del Turismo de Monta\u00f1a En el coraz\u00f3n de los Pirineos, el peque\u00f1o pero vibrante municipio de Canfranc se est\u00e1 posicionando como un lugar clave en el turismo de monta\u00f1a. Este rinc\u00f3n m\u00e1gico, conocido por su impresionante estaci\u00f3n internacional de tren, se ha convertido en el escenario ideal para la reciente cumbre [&hellip;]<\/p>\n","protected":false},"author":4,"featured_media":873552,"comment_status":"open","ping_status":"closed","sticky":false,"template":"","format":"standard","meta":{"om_disable_all_campaigns":false,"jnews-multi-image_gallery":[],"jnews_single_post":[],"jnews_primary_category":[],"jnews_social_meta":[],"footnotes":""},"categories":[40],"tags":[10255,1161,783,25919,9056,770,724,544,681,545],"class_list":["post-873551","post","type-post","status-publish","format-standard","has-post-thumbnail","hentry","category-industria","tag-acoge","tag-agencias","tag-agencias-de-viaje","tag-canfranc","tag-cumbre","tag-espana","tag-eventos","tag-turismo","tag-viaje","tag-viajes"],"_links":{"self":[{"href":"https:\/\/dimensionturistica.com\/es\/wp-json\/wp\/v2\/posts\/873551","targetHints":{"allow":["GET"]}}],"collection":[{"href":"https:\/\/dimensionturistica.com\/es\/wp-json\/wp\/v2\/posts"}],"about":[{"href":"https:\/\/dimensionturistica.com\/es\/wp-json\/wp\/v2\/types\/post"}],"author":[{"embeddable":true,"href":"https:\/\/dimensionturistica.com\/es\/wp-json\/wp\/v2\/users\/4"}],"replies":[{"embeddable":true,"href":"https:\/\/dimensionturistica.com\/es\/wp-json\/wp\/v2\/comments?post=873551"}],"version-history":[{"count":0,"href":"https:\/\/dimensionturistica.com\/es\/wp-json\/wp\/v2\/posts\/873551\/revisions"}],"wp:featuredmedia":[{"embeddable":true,"href":"https:\/\/dimensionturistica.com\/es\/wp-json\/wp\/v2\/media\/873552"}],"wp:attachment":[{"href":"https:\/\/dimensionturistica.com\/es\/wp-json\/wp\/v2\/media?parent=873551"}],"wp:term":[{"taxonomy":"category","embeddable":true,"href":"https:\/\/dimensionturistica.com\/es\/wp-json\/wp\/v2\/categories?post=873551"},{"taxonomy":"post_tag","embeddable":true,"href":"https:\/\/dimensionturistica.com\/es\/wp-json\/wp\/v2\/tags?post=873551"}],"curies":[{"name":"wp","href":"https:\/\/api.w.org\/{rel}","templated":true}]}}