{"id":87344,"date":"2021-02-26T13:03:51","date_gmt":"2021-02-26T13:03:51","guid":{"rendered":"https:\/\/dimensionturistica.com\/es\/?p=87344"},"modified":"2021-02-26T13:03:51","modified_gmt":"2021-02-26T13:03:51","slug":"fernando-valdes-el-turismo-recibira-3-400-millones-directos-y-44-000-indirectos","status":"publish","type":"post","link":"https:\/\/dimensionturistica.com\/es\/fernando-valdes-el-turismo-recibira-3-400-millones-directos-y-44-000-indirectos\/","title":{"rendered":"Fernando Vald\u00e9s: &#8220;El turismo recibir\u00e1 3.400 millones directos y 44.000 indirectos&#8221;"},"content":{"rendered":"<p> <br \/>\n<\/p>\n<div>\n<div class=\"wysiwyg-photo\"><img decoding=\"async\" src=\"https:\/\/dimensionturistica.com\/es\/wp-content\/uploads\/2021\/02\/Fernando-Valdes-El-turismo-recibira-3400-millones-directos-y-44000.jpg\" alt=\"Imagen nota de prensa Hosteltur\" width=\"1575\" height=\"1181\"\/><\/div>\n<p><strong>\u00bfQu\u00e9 medidas econ\u00f3micas est\u00e1 adoptando el Gobierno para ayudar al turismo? \u00bfEn qu\u00e9 consiste el Plan de Modernizaci\u00f3n y Competitividad? \u00bfQu\u00e9 va a suponer FITUR 2021? Estas cuestiones y otros temas de gran importancia como la desestacionalizaci\u00f3n, el Xacobeo, la inclusividad, los cruceros o Paradores han sido abordados por Fernando Vald\u00e9s, Secretario de Estado de Turismo, en Miradas Viajeras TV. Entrevistado por Fernando Valmaseda en el Resort Madrid Marriott Auditorium, Vald\u00e9s afirma que <em>\u201cen 2023 llegaremos a recuperar las cifras de 2019\u201d<\/em>. Y conf\u00eda en el futuro del sector porque <em>\u201cel viaje es la mejor expresi\u00f3n de un mundo unido y de superar muchas de las cosas que nos diferencian\u201d. <\/em><\/strong><\/p>\n<p>Fernando Vald\u00e9s <strong>lleg\u00f3 a la Secretar\u00eda de Estado de Turismo el pasado verano en el peor momento para el sector,<\/strong> cuando la pandemia ya estaba muy avanzada, <em><strong>\u201cpero lo asum\u00ed con mucha responsabilidad, con compromiso\u201d<\/strong><\/em>. Y ocho meses despu\u00e9s sigue <em>\u201ccon la intranquilidad de saber que mucha gente lo est\u00e1 pasando mal\u2026 pero, al mismo tiempo, pensando que <strong>lo tenemos todo para recuperarnos; nos tenemos que adaptar, no queda otra<\/strong>. No estamos como al inicio de la pandemia; esto ha sido como un proceso de aprendizaje, como el alumno que cada vez sabe m\u00e1s de la materia. Y eso que nos enfrent\u00e1bamos a una pandemia cuyos \u00fanicos recuerdos eran de principios del siglo XX. <strong>Pero hemos logrado avances hist\u00f3ricos, como una vacuna en tan poco tiempo\u201d. <\/strong><\/em><\/p>\n<p>Es precisamente la vacuna una de las claves para salir de esta delicada situaci\u00f3n. <em><strong>\u201cEn cuanto empecemos a conseguir una inmunizaci\u00f3n de reba\u00f1o la gente va a volver a viajar,<\/strong> porque el viaje es un momento consustancial de la forma de entender la vida; esto va de emociones\u201d.<\/em> El Secretario de Estado es consciente del cambio que va a haber porque <strong><em>\u201csalud y turismo van a ser un binomio que nos va a acompa\u00f1ar durante a\u00f1os, no va a desaparecer\u201d.<\/em> <\/strong>Tambi\u00e9n afirma que <em><strong>\u201cel turismo va a ser m\u00e1s experiencial y en eso las nuevas tecnolog\u00edas van a ocupar un papel fundamental<\/strong>; una tecnolog\u00eda que, bien aplicada, no va a quitar calidez a la experiencia tur\u00edstica\u201d.<\/em> Y aboga por <em>\u201cla unidad de los pol\u00edticos a nivel mundial, aunque es cierto que en tiempos de miedo es complejo porque cada pa\u00eds tiende a delimitar muy bien sus espacios de inter\u00e9s. Pero hemos de <strong>avanzar en que el turismo del futuro sea expansivo, sin l\u00edmites ni fronteras<\/strong>, donde entendamos que <strong>la mejor expresi\u00f3n de un mundo unido es el viaje; es la mejor manera de superar muchas de las cosas que nos diferencian\u201d. <\/strong><\/em> <\/p>\n<p><strong>Fernando Vald\u00e9s asegura que,<\/strong> como l\u00edderes en turismo [segundo pa\u00eds receptor de viajeros, despu\u00e9s de Francia], <strong>a Espa\u00f1a se le escucha en los grandes foros.<\/strong> <em><strong>\u201cParticipamos en los principales debates de la OMT,<\/strong> no solo ahora por el COVID, porque nadie olvida lo exitoso del modelo espa\u00f1ol. Aunque con la pandemia nos hemos enfrentado a una disparidad con pa\u00edses perif\u00e9ricos pues su conectividad y movilidad es menos dependiente que la nuestra, la de Grecia, Portugal, Italia o Croacia. <strong>Hemos de tomarnos muy en serio el Espacio Shengen, un espacio de libertades y derechos que hemos de defender a pesar de los miedos\u201d.<\/strong><\/em> Vald\u00e9s explica que <em>\u201cEspa\u00f1a ha hecho una propuesta ambiciosa en colaboraci\u00f3n con otros pa\u00edses muy afectados en relaci\u00f3n al turismo para empezar a <strong>tener una estructura propia en el ejecutivo comunitario europeo; una especie de DG<\/strong> a la que dirigirnos y sea consciente de cu\u00e1les son los retos del sector, de homogeneizar la apuesta por la competitividad\u201d.<\/em><\/p>\n<div class=\"wysiwyg-photo\">\n<div class=\"wysiwyg-photo\"><img decoding=\"async\" src=\"https:\/\/dimensionturistica.com\/es\/wp-content\/uploads\/2021\/02\/1614344629_154_Fernando-Valdes-El-turismo-recibira-3400-millones-directos-y-44000.jpg\" alt=\"Imagen nota de prensa Hosteltur\" width=\"1575\" height=\"1181\"\/><\/div>\n<p> Los \u00faltimos datos siguen avalando el <strong>liderazgo tur\u00edstico de Espa\u00f1a. <\/strong><em><strong>\u201cEl 46% de las prereservas en aerol\u00edneas de la UE son nuestras<\/strong> y el siguiente pa\u00eds es Grecia, con el 16%. <strong>Y en todas las oleadas de la European Travel Commission, el primer destino que se queda en el \u2018top of mind\u2019 [reconocimiento de marca] del turismo europeo es Espa\u00f1a.<\/strong> Nuestro pa\u00eds no est\u00e1 perdiendo competitividad\u201d. <\/em> <\/p>\n<p>En cuanto a la afectaci\u00f3n de la pandemia en el turismo espa\u00f1ol, Vald\u00e9s explica c\u00f3mo ha sido la <strong>evoluci\u00f3n de las medidas tomadas por el Gobierno.<\/strong> <em>\u201cPrimero hubo un problema de liquidez que se torn\u00f3 en uno de solvencia y, a finales de diciembre, tomamos medidas para reducir los costes fijos de las empresas. <strong>Una de las respuestas b\u00e1sicas que el Gobierno ha dado a esta crisis es preservar el recurso humano<\/strong> porque si algo nos diferencia en respuesta competitiva respecto a los dem\u00e1s pa\u00edses es el factor humano. Por eso hemos operado con ERTES, ICOS, exenciones fiscales, moratorias para inmuebles tur\u00edsticos\u2026 Pero <strong>todo ha durado m\u00e1s de lo previsto y las ayudas tienen que seguir para que, cuando empecemos a recuperarnos, seamos capaces de responder con la misma pujanza que en 2019<\/strong>. No podemos perder ni capacidad de alojamiento ni competitividad en materia de destino ni en recursos humanos. Es muy importante que lo que antes era un problema de liquidez no se convierta en uno de solvencia que implique el cierre de las empresas\u201d. <\/em> <\/p>\n<p>Para hacer frente a la parcela econ\u00f3mica de esta disaster sanitaria, Fernando Vald\u00e9s explica que <em><strong>\u201clos 3.400 millones de euros que ir\u00e1n al turismo es la parte directa de inversi\u00f3n de los fondos europeos que van a aterrizar en Espa\u00f1a durante los pr\u00f3ximos tres a\u00f1os\u201d<\/strong><\/em>. Pero <em><strong>hay otros \u201c44.000 millones que incidir\u00e1n de manera indirecta<\/strong> y que tienen que ver con las cinco \u00e1reas asociadas al turismo: mejora de la movilidad sostenible, desarrollo de las telecomunicaciones [digitalizaci\u00f3n, conectividad], eficiencia energ\u00e9tica, seguridad e infraestructuras. <strong>Esta inversi\u00f3n nos va a permitir afrontar los retos asociados a nuestro liderazgo tur\u00edstico\u201d.<\/strong><\/em><\/p>\n<p> Estas inversiones econ\u00f3micas estan integradas en el <strong>Plan de Modernizaci\u00f3n y Competitividad, que es la gran apuesta de la Secretar\u00eda de Estado.<\/strong> <em>\u201cToda la estrategia de modernizaci\u00f3n de nuestro pa\u00eds debe desarrollarse en torno a nuestro destino, que es oro. Y ah\u00ed vamos a concentrar una parte muy importante de nuestra apuesta de futuro en materia de digitalizaci\u00f3n, respeto al territorio, sostenibilidad econ\u00f3mica (debe generar riqueza) y cohesi\u00f3n entre la poblaci\u00f3n visitante y la receptora\u201d<\/em>. Y a\u00f1ade: <em>\u201cEn Espa\u00f1a el sector que m\u00e1s riqueza genera de forma equilibrada es el turismo, que lleva esta riqueza a todas las partes de nuestro territorio y puede ayudarnos en el gran reto demogr\u00e1fico. <strong>Otro aspecto fundamental es el producto.<\/strong> Espa\u00f1a necesita no solo \u2018sol y playa\u2019 sino que la gente quiera venir por nuestro patrimonio hist\u00f3rico y cultural, gastron\u00f3mico\u2026 <strong>hemos de trabajar para que ese producto que nosotros sabemos que tenemos se conozca\u201d<\/strong><\/em><strong>.<\/strong> En cuanto a la competitividad, asegura: <em>\u201c<strong>Si queremos seguir siendo l\u00edderes tur\u00edsticos ser\u00e1 porque vamos a competir en calidad, excelencia, digitalizaci\u00f3n y eficiencia energ\u00e9tica,<\/strong> que nos dan un plus. Son las bases del ambicioso proyecto al que nos enfrentamos\u201d. <\/em><\/p>\n<p>Respecto a este Plan de Modernizaci\u00f3n, Fernando Vald\u00e9s vislumbra un futuro prometedor. <em>\u201cComo gestor de destino, Espa\u00f1a es hipercualificada. Y en torno al talento que tenemos nos hemos de creer que <strong>el turismo no es el final de una cadena, nos marca desde el principio de la misma.<\/strong> Tiene que ser una se\u00f1a de identidad desde el momento que decidimos si montamos una f\u00e1brica agroalimentaria o de coches en un destino concreto porque <strong>ese turista se tiene que enamorar de la Marca Espa\u00f1a;<\/strong> tiene que visitarnos y al volver a su pa\u00eds consumir Marca Espa\u00f1a porque somos capaces de que el turismo se conecte a lo largo de toda la cadena de valor\u201d<\/em>. Para ello, Vald\u00e9s afirma que <em>\u201ctenemos una oportunidad hist\u00f3rica porque <strong>nunca antes se hab\u00eda hecho una inversi\u00f3n concentrada en tres a\u00f1os tan importante como la que vamos a hacer en evolucionar nuestro modelo. Esos 3.400 millones pretenden abordar esos retos y que el modelo de turismo de nuestro pa\u00eds sea de calidad, sostenible, desestacionalizado y diversificado. Vamos a incorporar la econom\u00eda circular como futuro de nuestro modelo tur\u00edstico<\/strong>; es decir, hoteles alojativos que apuesten por el km 0; una apuesta de desarrollo de producto tur\u00edstico con destino Espa\u00f1a\u201d. <\/em><\/p>\n<p><strong>Respecto a c\u00f3mo se van a aplicar estos fondos,<\/strong> Vald\u00e9s explica que se har\u00e1 <em>\u201ccon varias f\u00f3rmulas: convocatorias abiertas para empresas, planes en colaboraci\u00f3n con comunidades aut\u00f3nomas y entidades locales, con gestores de destino\u2026 Hacer una apuesta estrat\u00e9gica a trav\u00e9s <strong>de un Consorcio p\u00fablico-privado para el desarrollo de toda la digitalizaci\u00f3n del sector\u201d.<\/strong><\/em> Y explica que se <\/p>\n<div class=\"wysiwyg-photo\">\n<div class=\"wysiwyg-photo\"><img decoding=\"async\" src=\"https:\/\/dimensionturistica.com\/es\/wp-content\/uploads\/2021\/02\/1614344629_863_Fernando-Valdes-El-turismo-recibira-3400-millones-directos-y-44000.jpg\" alt=\"Imagen nota de prensa Hosteltur\" width=\"1575\" height=\"1181\"\/><\/div>\n<div class=\"wysiwyg-photo\">\n<p> El Secretario de Estado de Turismo reconoce que <em><strong>\u201cllevamos mucho tiempo sin una estrategia nacional y, como parte de ese Plan de Modernizaci\u00f3n, antes que concluya 2021 \u2013de una manera ambiciosa y con recursos\u2013 vamos a hacerla.<\/strong> Hemos hablado con la red de investigadores en materia tur\u00edstica, con catedr\u00e1ticos que han desarrollado mucho en esta materia y vamos a tener esa <strong>estrategia en la que va a haber una referencia concreta a qu\u00e9 es Marca Espa\u00f1a en el exterior\u201d<\/strong>.<\/em> Un 2021 de reactivaci\u00f3n, 2022 de consolidaci\u00f3n y 2023 de recuperaci\u00f3n: <em><strong>\u201cEn 2023 llegaremos a recuperar las cifras de 2019; esa es la planificaci\u00f3n de estos tres a\u00f1os\u201d.<\/strong><\/em><\/p>\n<p> En relaci\u00f3n a <strong>Turespa\u00f1a<\/strong>, considera que <em><strong>\u201cest\u00e1 muy consolidada como marca aunque tenemos algunas reflexiones sobre su propia estructura<\/strong>, como la de entrar el sector privado en su oferta, planificar y evaluar\u2026 y replantearnos nuestra presencia en el mundo para saber cu\u00e1l debe ser la estructura de las consejer\u00edas en el exterior\u201d<\/em>. <strong>Ante el dilema \u00bfcantidad o calidad?<\/strong> <strong>afirma que <\/strong><em><strong>\u201cno son incompatibles.<\/strong> Pero no me importar\u00e1 ser el Secretario de Estado que en un a\u00f1o cierre datos poniendo cara a una nueva realidad en la que, ganando en calidad y en valor del turismo, recibamos menos turistas\u201d.<\/em><\/p>\n<p> <strong>Fernando Vald\u00e9s apuesta por la desestacionalizaci\u00f3n<\/strong> \u2013<em>\u201cEl 65 % de nuestra oferta est\u00e1 concentrada en 4 meses, un lastre como destino vacacional que cuesta gestionar y que est\u00e1 visto como una debilidad\u201d<\/em>\u2013 <strong>y por el turismo de inside <em>\u201ccreando producto, apostando por la calidad del destino<\/em><\/strong><em> y quit\u00e1ndonos complejos. Nuestro interior no tiene nada que envidiar al americano, franc\u00e9s o italiano pero habr\u00e1 tambi\u00e9n una apuesta de recursos para este turismo\u201d<\/em>. <strong>Y valora como un gran producto el Camino de Santiago:<\/strong> <em>\u201cVamos a anunciar un Plan Nacional Pa\u00eds potente para los dos a\u00f1os que tenemos por delante que convierta el <strong>Xacobeo en se\u00f1a de identidad de la recuperaci\u00f3n del turismo y en exponente de sostenibilidad, de naturaleza y de recurso cultural y patrimonial que nos tiene que colocar en el primer lugar en la decisi\u00f3n de los turistas\u201d.<\/strong><\/em><\/p>\n<\/p><\/div><\/div>\n<p> <strong> La accesibilidad y la inclusi\u00f3n<\/strong> tambi\u00e9n <em>\u201cson parte fundamental de un modelo que vamos a desarrollar de una manera excepcional como parte del Plan de Modernizaci\u00f3n que es el de <strong>Destino Tur\u00edstico Inteligente;<\/strong> una metodolog\u00eda que est\u00e1 siendo reconocida y <strong>donde ya tenemos 154 destinos en los que la accesibilidad es parte fundamental\u201d<\/strong><\/em><strong>.<\/strong> Y respecto al <strong>sector cruceros<\/strong> <em>\u201cme consta que est\u00e1 trabajando much\u00edsimo la seguridad y <strong>hemos de definir,<\/strong> junto al Ministerio de Sanidad, <strong>qu\u00e9 circunstancias se deben dar para recuperarlo y lo queremos incorporar a nuestra matriz de decisiones\u201d<\/strong><\/em><strong>.<\/strong> Sobre otro producto muy nuestro, <strong>Paradores<\/strong> \u2013que en 2022 llegar\u00e1 al centenar\u2013 considera que <em>\u201ces una suerte tener un modelo como \u00e9ste; <strong>una apuesta estrat\u00e9gica de turismo de calidad, de fijar poblaci\u00f3n y de apostar por nuestro patrimonio cultural y art\u00edstico.<\/strong> Es uno de esos relatos de \u00e9xito de Marca Espa\u00f1a que somos capaces de proyectar dentro y fuera\u201d. <\/em><\/p>\n<p>Por \u00faltimo, <strong>Fernando Vald\u00e9s tambi\u00e9n destaca la importancia de FITUR 2021,<\/strong> que se celebrar\u00e1 del 19 al 23 de mayo <em>\u201ccon f\u00f3rmulas h\u00edbridas, semi presencial, con control de aforo y <strong>seremos muy exigentes para dar la mejor versi\u00f3n de Espa\u00f1a.<\/strong> Es un gran reto porque hemos visto c\u00f3mo se han cancelado otras grandes citas internacionales y la decisi\u00f3n pol\u00edtica ha sido al m\u00e1ximo nivel para <strong>mostrar al mundo que para Espa\u00f1a el turismo no solo es estrat\u00e9gico; queremos dar una imagen resposable y que el turismo seguro est\u00e1 pr\u00f3ximo a empezar\u201d.<\/strong> <\/em><\/p>\n<div class=\"wysiwyg-photo\">\n<div class=\"wysiwyg-photo\"><img decoding=\"async\" src=\"https:\/\/dimensionturistica.com\/es\/wp-content\/uploads\/2021\/02\/1614344630_403_Fernando-Valdes-El-turismo-recibira-3400-millones-directos-y-44000.jpg\" alt=\"Imagen nota de prensa Hosteltur\" width=\"1212\" height=\"1181\"\/><\/div><\/div><\/div><\/div>\n\n<p><em> &#8221; Fuentes www.hosteltur.com &#8221; <\/em><\/p>\n","protected":false},"excerpt":{"rendered":"<p>\u00bfQu\u00e9 medidas econ\u00f3micas est\u00e1 adoptando el Gobierno para ayudar al turismo? \u00bfEn qu\u00e9 consiste el Plan de Modernizaci\u00f3n y Competitividad? \u00bfQu\u00e9 va a suponer FITUR 2021? Estas cuestiones y otros temas de gran importancia como la desestacionalizaci\u00f3n, el Xacobeo, la inclusividad, los cruceros o Paradores han sido abordados por Fernando Vald\u00e9s, Secretario de Estado de [&hellip;]<\/p>\n","protected":false},"author":4,"featured_media":87345,"comment_status":"open","ping_status":"closed","sticky":false,"template":"","format":"standard","meta":{"om_disable_all_campaigns":false,"jnews-multi-image_gallery":[],"jnews_single_post":[],"jnews_primary_category":[],"jnews_social_meta":[],"footnotes":""},"categories":[41],"tags":[715],"class_list":["post-87344","post","type-post","status-publish","format-standard","has-post-thumbnail","hentry","category-cruceros","tag-economia"],"_links":{"self":[{"href":"https:\/\/dimensionturistica.com\/es\/wp-json\/wp\/v2\/posts\/87344","targetHints":{"allow":["GET"]}}],"collection":[{"href":"https:\/\/dimensionturistica.com\/es\/wp-json\/wp\/v2\/posts"}],"about":[{"href":"https:\/\/dimensionturistica.com\/es\/wp-json\/wp\/v2\/types\/post"}],"author":[{"embeddable":true,"href":"https:\/\/dimensionturistica.com\/es\/wp-json\/wp\/v2\/users\/4"}],"replies":[{"embeddable":true,"href":"https:\/\/dimensionturistica.com\/es\/wp-json\/wp\/v2\/comments?post=87344"}],"version-history":[{"count":0,"href":"https:\/\/dimensionturistica.com\/es\/wp-json\/wp\/v2\/posts\/87344\/revisions"}],"wp:featuredmedia":[{"embeddable":true,"href":"https:\/\/dimensionturistica.com\/es\/wp-json\/wp\/v2\/media\/87345"}],"wp:attachment":[{"href":"https:\/\/dimensionturistica.com\/es\/wp-json\/wp\/v2\/media?parent=87344"}],"wp:term":[{"taxonomy":"category","embeddable":true,"href":"https:\/\/dimensionturistica.com\/es\/wp-json\/wp\/v2\/categories?post=87344"},{"taxonomy":"post_tag","embeddable":true,"href":"https:\/\/dimensionturistica.com\/es\/wp-json\/wp\/v2\/tags?post=87344"}],"curies":[{"name":"wp","href":"https:\/\/api.w.org\/{rel}","templated":true}]}}