{"id":87338,"date":"2021-02-26T12:55:11","date_gmt":"2021-02-26T12:55:11","guid":{"rendered":"https:\/\/dimensionturistica.com\/es\/?p=87338"},"modified":"2021-02-26T12:55:11","modified_gmt":"2021-02-26T12:55:11","slug":"entregan-renovacion-de-calles-del-centro-de-zapopan","status":"publish","type":"post","link":"https:\/\/dimensionturistica.com\/es\/entregan-renovacion-de-calles-del-centro-de-zapopan\/","title":{"rendered":"Entregan renovaci\u00f3n de\u00a0calles del\u00a0Centro de Zapopan"},"content":{"rendered":"<p> <br \/>\n<\/p>\n<div>\n<div class=\"article-head\">\n<div class=\"article-info\" style=\" width:100%;\">\n<div class=\"right\" style=\" margin-top: 0px; margin-left:0px; width: 70%;\">\n<div class=\"right\" style=\" margin-top: -20px; margin-left:30px; width: 50%; \">\n<p>                 <span class=\"dtreviewed\" style=\"float: right;\"><i class=\"fa fa-clock-o\"\/> 25 de Febrero de 2021, 06:00<span> &#8211;<\/span><br \/>\n                <span class=\"value-title\" title=\"2014-01-06\"><\/p>\n<p><\/span><\/span> <\/p><\/div><\/div><\/div><\/div>\n<div class=\"review-photo\" style=\"float:left; margin-right:15px; margin-top:3px; margin-bottom:2px; \">\n<p>                                                <img decoding=\"async\" style=\"margin-bottom:3px;\" src=\"https:\/\/dimensionturistica.com\/es\/wp-content\/uploads\/2021\/02\/Entregan-renovacion-de-calles-del-Centro-de-Zapopan.jpg\" width=\"368\" height=\"254\" alt=\"\"\/><\/p>\n<p>                <center><\/p>\n<p>(DINERO.\u00a0En las obras se invirtieron 100 millones de pesos estatales. Foto: Jorge Alberto Mendoza)<\/p>\n<p><\/center><\/div>\n<div align=\"justify\" style=\"font-size:15px;\" class=\"cuerpoImg\">\n<p paraeid=\"{da613166-694a-49e4-8e82-e0adc1a277fc}{37}\" paraid=\"256346037\">Los gobiernos\u00a0del estado y Zapopan entregaron ayer el\u00a0proyecto de renovaci\u00f3n de calles y avenidas del Centro de la Ex Villa\u00a0Maicera que resultaron afectadas por las obras de la L\u00ednea 3 del Tren Ligero.\u00a0<\/p>\n<p paraeid=\"{da613166-694a-49e4-8e82-e0adc1a277fc}{119}\" paraid=\"1106814527\">Con una inversi\u00f3n estatal de 100 millones de pesos,\u00a0el gobierno estatal intervino nueve calles y avenidas\u00a0de manera integral, incluyendo plazoletas y mobiliario urbano.\u00a0\u00a0<\/p>\n<p paraeid=\"{da613166-694a-49e4-8e82-e0adc1a277fc}{127}\" paraid=\"2029088517\">Seg\u00fan\u00a0el alcalde\u00a0Pablo Lemus Navarro, el proyecto es\u00a0un modelo de urbanidad\u00a0para los pr\u00f3ximos 25 a\u00f1os, pues\u00a0no s\u00f3lo\u00a0consisti\u00f3 en\u00a0maquillar calles, sino\u00a0en\u00a0una renovaci\u00f3n a fondo y a conciencia.\u00a0<\/p>\n<p paraeid=\"{da613166-694a-49e4-8e82-e0adc1a277fc}{149}\" paraid=\"1490134294\">Entre las\u00a0vialidades\u00a0renovadas est\u00e1n avenida Laureles, Sarc\u00f3fago, Pedro Moreno, Industria, Santa Luc\u00eda y L\u00f3pez Cotilla,\u00a0las cuales\u00a0fueron da\u00f1adas\u00a0por\u00a0las obras de la L\u00ednea 3\u00a0o por rutas desviadas por la\u00a0megaobra.\u00a0\u00a0<\/p>\n<p paraeid=\"{da613166-694a-49e4-8e82-e0adc1a277fc}{171}\" paraid=\"61657427\">Los trabajos consistieron en sustituci\u00f3n de la infraestructura hidr\u00e1ulica y sanitaria, pavimentaci\u00f3n con concreto hidr\u00e1ulico MR-45 colour negro con terminado estampado, construcci\u00f3n de banquetas con accesibilidad common y cruceros seguros, instalaci\u00f3n de se\u00f1al\u00e9tica horizontal y vertical,\u00a0y forestaci\u00f3n.\u00a0<\/p>\n<p paraeid=\"{da613166-694a-49e4-8e82-e0adc1a277fc}{171}\" paraid=\"61657427\">jl\/I<\/p>\n<p><\/p><\/div>\n<p>            <center> <\/p>\n<p><!-- CR_728x90_Home --><\/p>\n<p>\t\t\t\t\t\t\t <\/center>\n            <\/div>\n<p><script>(function(d, s, id) {\n  var js, fjs = d.getElementsByTagName(s)[0];\n  if (d.getElementById(id)) return;\n  js = d.createElement(s); js.id = id;\n  js.src = \"https:\/\/connect.facebook.net\/es_LA\/sdk.js#xfbml=1&version=v2.4&appId=1152094148153299\";\n  fjs.parentNode.insertBefore(js, fjs);\n}(document, 'script', 'facebook-jssdk'));<\/script><br \/>\n<br \/><\/p>\n<p><em> &#8221; Fuentes www.ntrguadalajara.com &#8221; <\/em><\/p>\n","protected":false},"excerpt":{"rendered":"<p>25 de Febrero de 2021, 06:00 &#8211; (DINERO.\u00a0En las obras se invirtieron 100 millones de pesos estatales. Foto: Jorge Alberto Mendoza) Los gobiernos\u00a0del estado y Zapopan entregaron ayer el\u00a0proyecto de renovaci\u00f3n de calles y avenidas del Centro de la Ex Villa\u00a0Maicera que resultaron afectadas por las obras de la L\u00ednea 3 del Tren Ligero.\u00a0 Con [&hellip;]<\/p>\n","protected":false},"author":4,"featured_media":87339,"comment_status":"open","ping_status":"closed","sticky":false,"template":"","format":"standard","meta":{"om_disable_all_campaigns":false,"jnews-multi-image_gallery":[],"jnews_single_post":[],"jnews_primary_category":[],"jnews_social_meta":[],"footnotes":""},"categories":[41],"tags":[],"class_list":["post-87338","post","type-post","status-publish","format-standard","has-post-thumbnail","hentry","category-cruceros"],"_links":{"self":[{"href":"https:\/\/dimensionturistica.com\/es\/wp-json\/wp\/v2\/posts\/87338","targetHints":{"allow":["GET"]}}],"collection":[{"href":"https:\/\/dimensionturistica.com\/es\/wp-json\/wp\/v2\/posts"}],"about":[{"href":"https:\/\/dimensionturistica.com\/es\/wp-json\/wp\/v2\/types\/post"}],"author":[{"embeddable":true,"href":"https:\/\/dimensionturistica.com\/es\/wp-json\/wp\/v2\/users\/4"}],"replies":[{"embeddable":true,"href":"https:\/\/dimensionturistica.com\/es\/wp-json\/wp\/v2\/comments?post=87338"}],"version-history":[{"count":0,"href":"https:\/\/dimensionturistica.com\/es\/wp-json\/wp\/v2\/posts\/87338\/revisions"}],"wp:featuredmedia":[{"embeddable":true,"href":"https:\/\/dimensionturistica.com\/es\/wp-json\/wp\/v2\/media\/87339"}],"wp:attachment":[{"href":"https:\/\/dimensionturistica.com\/es\/wp-json\/wp\/v2\/media?parent=87338"}],"wp:term":[{"taxonomy":"category","embeddable":true,"href":"https:\/\/dimensionturistica.com\/es\/wp-json\/wp\/v2\/categories?post=87338"},{"taxonomy":"post_tag","embeddable":true,"href":"https:\/\/dimensionturistica.com\/es\/wp-json\/wp\/v2\/tags?post=87338"}],"curies":[{"name":"wp","href":"https:\/\/api.w.org\/{rel}","templated":true}]}}