{"id":87265,"date":"2021-02-26T10:59:11","date_gmt":"2021-02-26T10:59:11","guid":{"rendered":"https:\/\/dimensionturistica.com\/es\/?p=87265"},"modified":"2021-02-26T10:59:11","modified_gmt":"2021-02-26T10:59:11","slug":"los-carteros-leoneses-hartos-y-solos-con-recargo-de-trabajo-por-la-falta-de-contratacion","status":"publish","type":"post","link":"https:\/\/dimensionturistica.com\/es\/los-carteros-leoneses-hartos-y-solos-con-recargo-de-trabajo-por-la-falta-de-contratacion\/","title":{"rendered":"Los carteros leoneses, hartos y solos con recargo de trabajo por \u201cla falta de contrataci\u00f3n&#8221;"},"content":{"rendered":"<p> <br \/>\n<\/p>\n<div id=\"article_content\">\n<div>\n<p>Miriam Badiola \/ ICAL<\/p>\n<p>La plantilla de la unidad de reparto n\u00famero dos de Correos en Le\u00f3n dijo \u201cbasta\u201d este viernes en barrio de El Crucero a \u201clos recargos de trabajo por la falta de contrataci\u00f3n para cubrir la existencia de plazas vacantes\u201d que hacen que \u201cse a\u00f1ada el ratio de reparto al resto de trabajadores\u201d.<\/p>\n<p>As\u00ed lo explic\u00f3 uno de los trabajadores concentrados, Jes\u00fas Albarr\u00e1n, quien expuso que la empresa ha anunciado que \u201cde aqu\u00ed al mes de mayo no habr\u00e1 ninguna contrataci\u00f3n\u201d lo que \u201chace completamente imposible repartir la carta a diario o cada dos d\u00edas\u201d, al tratarse de una unidad en la que, adem\u00e1s, \u201cen pocos a\u00f1os ha desaparecido el 33 por ciento de los carteros\u201d.<\/p>\n<p>Esta situaci\u00f3n hace que \u201cdebido a la amplitud de la zona de reparto \u2013 que abarca Le\u00f3n Oeste, Armunia, Trobajo del Cerecedo, Onzonilla, Santovenia, Oteruelo, el municipio de San Andr\u00e9s del Rabanedo, lo que incluye San Andr\u00e9s, Trobajo del Camino y Villabalter, as\u00ed como Azadinos, Cuadros, Sariegos, Lorenzana y dem\u00e1s pueblos de la Ribera del Bernesga \u2013 los recorridos sean imposibles de recorrer en dos d\u00edas\u201d.<\/p>\n<p>La situaci\u00f3n hizo hoy que los trabajadores salieran a la calle para \u201cdefender el derecho de los ciudadanos a recibir sus cartas a diario, algo que est\u00e1 en la Ley Postal y que no se est\u00e1 cumpliendo\u201d y para \u201cexigir contrataci\u00f3n y que se cubran los puestos de trabajo vacantes para poder dar el servicio adecuadamente\u201d.<\/p>\n<p>Albarr\u00e1n record\u00f3 que Correos fue declarado servicio esencial durante la pandemia, aunque \u201cdespu\u00e9s de 15 d\u00edas la empresa se olvid\u00f3 y nos hizo dar preferencia a la paqueter\u00eda, lo que da dinero, antes que la correspondencia, cuando hay cartas del Sepe, de la Seguridad Social, de Hacienda o de ayudas de la Junta que la gente est\u00e1 esperando\u201d.<\/p>\n<p><img decoding=\"async\" src=\"https:\/\/dimensionturistica.com\/es\/wp-content\/uploads\/2021\/02\/Los-carteros-leoneses-hartos-y-solos-con-recargo-de-trabajo.jpeg\" alt=\"Concentracion Leon Carteros Correos (3)\"\/><\/p>\n<div><em>Campillo \/ ICAL .\u00a0Los trabajadores de la unidad de reparto n\u00famero dos de Correos en Le\u00f3n se concentran para defender \u201clos puestos de trabajo y el servicio postal\u201d<\/em><\/div>\n<p><img decoding=\"async\" src=\"https:\/\/dimensionturistica.com\/es\/wp-content\/uploads\/2021\/02\/1614337149_602_Los-carteros-leoneses-hartos-y-solos-con-recargo-de-trabajo.jpeg\" alt=\"Concentracion Leon Carteros Correos (2)\"\/><\/p>\n<div><em>Campillo \/ ICAL . Concentraci\u00f3n de los carteros de la UR2 de Correos Le\u00f3n en el barrio de El Crucero<\/em><\/div><\/div>\n<p> <!-- article-content --><\/p><\/div>\n\n<p><em> &#8221; Fuentes www.noticiascyl.com &#8221; <\/em><\/p>\n","protected":false},"excerpt":{"rendered":"<p>Miriam Badiola \/ ICAL La plantilla de la unidad de reparto n\u00famero dos de Correos en Le\u00f3n dijo \u201cbasta\u201d este viernes en barrio de El Crucero a \u201clos recargos de trabajo por la falta de contrataci\u00f3n para cubrir la existencia de plazas vacantes\u201d que hacen que \u201cse a\u00f1ada el ratio de reparto al resto de [&hellip;]<\/p>\n","protected":false},"author":4,"featured_media":87266,"comment_status":"open","ping_status":"closed","sticky":false,"template":"","format":"standard","meta":{"om_disable_all_campaigns":false,"jnews-multi-image_gallery":[],"jnews_single_post":[],"jnews_primary_category":[],"jnews_social_meta":[],"footnotes":""},"categories":[41],"tags":[],"class_list":["post-87265","post","type-post","status-publish","format-standard","has-post-thumbnail","hentry","category-cruceros"],"_links":{"self":[{"href":"https:\/\/dimensionturistica.com\/es\/wp-json\/wp\/v2\/posts\/87265","targetHints":{"allow":["GET"]}}],"collection":[{"href":"https:\/\/dimensionturistica.com\/es\/wp-json\/wp\/v2\/posts"}],"about":[{"href":"https:\/\/dimensionturistica.com\/es\/wp-json\/wp\/v2\/types\/post"}],"author":[{"embeddable":true,"href":"https:\/\/dimensionturistica.com\/es\/wp-json\/wp\/v2\/users\/4"}],"replies":[{"embeddable":true,"href":"https:\/\/dimensionturistica.com\/es\/wp-json\/wp\/v2\/comments?post=87265"}],"version-history":[{"count":0,"href":"https:\/\/dimensionturistica.com\/es\/wp-json\/wp\/v2\/posts\/87265\/revisions"}],"wp:featuredmedia":[{"embeddable":true,"href":"https:\/\/dimensionturistica.com\/es\/wp-json\/wp\/v2\/media\/87266"}],"wp:attachment":[{"href":"https:\/\/dimensionturistica.com\/es\/wp-json\/wp\/v2\/media?parent=87265"}],"wp:term":[{"taxonomy":"category","embeddable":true,"href":"https:\/\/dimensionturistica.com\/es\/wp-json\/wp\/v2\/categories?post=87265"},{"taxonomy":"post_tag","embeddable":true,"href":"https:\/\/dimensionturistica.com\/es\/wp-json\/wp\/v2\/tags?post=87265"}],"curies":[{"name":"wp","href":"https:\/\/api.w.org\/{rel}","templated":true}]}}