{"id":87207,"date":"2021-02-26T08:51:27","date_gmt":"2021-02-26T08:51:27","guid":{"rendered":"https:\/\/dimensionturistica.com\/es\/?p=87207"},"modified":"2021-02-26T08:51:27","modified_gmt":"2021-02-26T08:51:27","slug":"iag-considera-clave-algun-certificado-para-impulsar-los-viajes-2","status":"publish","type":"post","link":"https:\/\/dimensionturistica.com\/es\/iag-considera-clave-algun-certificado-para-impulsar-los-viajes-2\/","title":{"rendered":"IAG considera &#8216;clave&#8217; alg\u00fan certificado para impulsar los viajes"},"content":{"rendered":"<p> <br \/>\n<\/p>\n<div>\n<div class=\"paragraph\" mlnid=\"idcon=15858445;order=1.0\">\n<p>Londres, 26 feb (EFE).- El grupo a\u00e9reo Worldwide Consolidated Airways Group (IAG), al que pertenecen Iberia y British Airways (BA), considera &#8216;clave&#8217; contar con alg\u00fan tipo de &#8216;certificado sanitario&#8217; para impulsar los viajes y la recuperaci\u00f3n de la aviaci\u00f3n, seg\u00fan su consejero delegado, Luis Gallego.<\/p>\n<p>El directivo insisti\u00f3, en una breve teleconferencia celebrada este viernes con motivo de la publicaci\u00f3n de los resultados anuales del grupo, en que contar con un take a look at o alg\u00fan certificado ayudar\u00e1 a que los pasajeros se sientan seguros para viajar, si bien admiti\u00f3 sobre la importancia de que se llegue a una vacunaci\u00f3n a nivel international.<\/p>\n<p>De cara a 2021 y tras el anuncio del Gobierno brit\u00e1nico sobre la &#8216;hoja de ruta&#8217; para la desescalada en el Reino Unido, Gallego confi\u00f3 en que el grupo tenga un &#8216;verano bueno&#8217;.<\/p>\n<p>No obstante, reconoci\u00f3 que por el momento hay un periodo de incertidumbre, aunque hizo hincapi\u00e9 en que el grupo est\u00e1 en contacto con el Gobierno para ayudar a delinear una &#8216;hoja de ruta&#8217; que permita la recuperaci\u00f3n del sector a\u00e9reo.<\/p>\n<p>IAG registr\u00f3 en 2020 unas p\u00e9rdidas de 6.923 millones de euros frente a las ganancias de 1.715 millones el a\u00f1o anterior, como consecuencia de las restricciones al tr\u00e1fico a\u00e9reo impuestas en todo el mundo para contener la covid-19.<\/p>\n<p>&#8216;La industria de la aviaci\u00f3n apoya la voluntad de los gobiernos para colocar la salud p\u00fablica como m\u00e1xima prioridad. Se necesitar\u00e1 una hoja de ruta clara respecto al levantamiento de las actuales restricciones para que la gente pueda volver a volar llegado el momento correcto&#8217;, dijo Gallego al divulgar los resultados.<\/p>\n<p>&#8216;Las vacunaciones est\u00e1n progresando bien y las infecciones globales van en la direcci\u00f3n correcta. Pedimos normas internacionales comunes en cuanto a take a look at y la implementaci\u00f3n de tarjetas sanitarias digitales para reabrir nuestros cielos con seguridad&#8217;, subray\u00f3 el consejero delegado.<\/p>\n<p>El Gobierno brit\u00e1nico tiene previsto decidir en los pr\u00f3ximos meses c\u00f3mo levantar\u00e1 las restricciones para viajar al extranjero, antes de los principales meses de vacaciones -julio y agosto-. EFE<\/p>\n<\/p><\/div><\/div>\n\n<p><em> &#8221; Fuentes www.diariolibre.com &#8221; <\/em><\/p>\n","protected":false},"excerpt":{"rendered":"<p>Londres, 26 feb (EFE).- El grupo a\u00e9reo Worldwide Consolidated Airways Group (IAG), al que pertenecen Iberia y British Airways (BA), considera &#8216;clave&#8217; contar con alg\u00fan tipo de &#8216;certificado sanitario&#8217; para impulsar los viajes y la recuperaci\u00f3n de la aviaci\u00f3n, seg\u00fan su consejero delegado, Luis Gallego. El directivo insisti\u00f3, en una breve teleconferencia celebrada este viernes [&hellip;]<\/p>\n","protected":false},"author":4,"featured_media":78222,"comment_status":"open","ping_status":"closed","sticky":false,"template":"","format":"standard","meta":{"om_disable_all_campaigns":false,"jnews-multi-image_gallery":[],"jnews_single_post":[],"jnews_primary_category":[],"jnews_social_meta":[],"footnotes":""},"categories":[39],"tags":[8082],"class_list":["post-87207","post","type-post","status-publish","format-standard","has-post-thumbnail","hentry","category-viajes","tag-efe"],"_links":{"self":[{"href":"https:\/\/dimensionturistica.com\/es\/wp-json\/wp\/v2\/posts\/87207","targetHints":{"allow":["GET"]}}],"collection":[{"href":"https:\/\/dimensionturistica.com\/es\/wp-json\/wp\/v2\/posts"}],"about":[{"href":"https:\/\/dimensionturistica.com\/es\/wp-json\/wp\/v2\/types\/post"}],"author":[{"embeddable":true,"href":"https:\/\/dimensionturistica.com\/es\/wp-json\/wp\/v2\/users\/4"}],"replies":[{"embeddable":true,"href":"https:\/\/dimensionturistica.com\/es\/wp-json\/wp\/v2\/comments?post=87207"}],"version-history":[{"count":0,"href":"https:\/\/dimensionturistica.com\/es\/wp-json\/wp\/v2\/posts\/87207\/revisions"}],"wp:featuredmedia":[{"embeddable":true,"href":"https:\/\/dimensionturistica.com\/es\/wp-json\/wp\/v2\/media\/78222"}],"wp:attachment":[{"href":"https:\/\/dimensionturistica.com\/es\/wp-json\/wp\/v2\/media?parent=87207"}],"wp:term":[{"taxonomy":"category","embeddable":true,"href":"https:\/\/dimensionturistica.com\/es\/wp-json\/wp\/v2\/categories?post=87207"},{"taxonomy":"post_tag","embeddable":true,"href":"https:\/\/dimensionturistica.com\/es\/wp-json\/wp\/v2\/tags?post=87207"}],"curies":[{"name":"wp","href":"https:\/\/api.w.org\/{rel}","templated":true}]}}