{"id":87202,"date":"2021-02-26T08:35:51","date_gmt":"2021-02-26T08:35:51","guid":{"rendered":"https:\/\/dimensionturistica.com\/es\/?p=87202"},"modified":"2021-02-26T08:35:51","modified_gmt":"2021-02-26T08:35:51","slug":"costa-cruceros-planea-volver-a-espana-a-partir-de-mayo-noticias-de-agencias-de-viajes-rss1","status":"publish","type":"post","link":"https:\/\/dimensionturistica.com\/es\/costa-cruceros-planea-volver-a-espana-a-partir-de-mayo-noticias-de-agencias-de-viajes-rss1\/","title":{"rendered":"Costa Cruceros planea volver a Espa\u00f1a a partir de mayo | Noticias de Agencias de viajes, rss1"},"content":{"rendered":"<p> <br \/>\n<\/p>\n<div>\n<p><a rel=\"nofollow noopener\" target=\"_blank\" href=\"https:\/\/www.preferente.com\/wp-content\/uploads\/2020\/04\/5178479_1636_costa_deliziosa.jpg\"><img decoding=\"async\" class=\"aligncenter wp-image-299438\" src=\"https:\/\/dimensionturistica.com\/es\/wp-content\/uploads\/2021\/02\/Costa-Cruceros-planea-volver-a-Espana-a-partir-de-mayo.jpg\" alt=\"\" width=\"600\" height=\"329\"  \/><\/a><\/p>\n<p>Comienza la cuenta atr\u00e1s para que se haga realidad el regreso de Costa Cruceros. La compa\u00f1\u00eda ha anunciado que reanudar\u00e1 operaciones el pr\u00f3ximo 27 de marzo, con la salida de su buque insignia, el Costa Smeralda, que realizar\u00e1 minicruceros de tres y cuatro d\u00edas o, alternativamente, un recorrido de siete d\u00edas (en ambos casos solo por Italia) (<a rel=\"nofollow noopener\" target=\"_blank\" href=\"https:\/\/www.preferente.com\/noticias-de-agencias-de-viajes\/costa-cruceros-suspende-operaciones-hasta-mediados-de-marzo-306675.html\">Costa Cruceros suspende operaciones hasta mediados de marzo<\/a>).<\/p>\n<p>A partir del 1 de mayo, el Costa Smeralda volver\u00e1 a realizar cruceros de una semana por el Mediterr\u00e1neo occidental, con visitas a Italia (Savona, Civitavecchia y Palermo), Francia (Marsella) y posiblemente Espa\u00f1a (Barcelona y Palma de Mallorca). Un segundo barco, el Costa Luminosa, tambi\u00e9n entrar\u00e1 en servicio, partiendo de Trieste a partir del 2 de mayo, y al d\u00eda siguiente de Bari, confirmando su programa de cruceros de una semana por Grecia y Croacia.<\/p>\n<p>Los dem\u00e1s itinerarios previstos hasta finales de mayo, y no incluidos en el programa actualizado hoy, ser\u00e1n cancelados. Costa est\u00e1 informando a las agencias de viajes y a los clientes afectados por los cambios.<\/p>\n<p>La compa\u00f1\u00eda est\u00e1 trabajando intensamente con las autoridades nacionales y locales de los pa\u00edses incluidos en los itinerarios de sus buques fuera de Italia para definir y acordar los detalles de la reanudaci\u00f3n de las operaciones, con medidas de salud y seguridad reforzadas mediante la aplicaci\u00f3n del Protocolo de Seguridad de Costa.<\/p>\n<p><!-- AddThis Advanced Settings above via filter on the_content --><!-- AddThis Advanced Settings below via filter on the_content --><!-- AddThis Advanced Settings generic via filter on the_content --><!-- AddThis Share Buttons above via filter on the_content --><!-- AddThis Share Buttons below via filter on the_content --><!-- AddThis Share Buttons generic via filter on the_content -->\t\t\t<\/div>\n\n<p><em> &#8221; Fuentes www.preferente.com &#8221; <\/em><\/p>\n","protected":false},"excerpt":{"rendered":"<p>Comienza la cuenta atr\u00e1s para que se haga realidad el regreso de Costa Cruceros. La compa\u00f1\u00eda ha anunciado que reanudar\u00e1 operaciones el pr\u00f3ximo 27 de marzo, con la salida de su buque insignia, el Costa Smeralda, que realizar\u00e1 minicruceros de tres y cuatro d\u00edas o, alternativamente, un recorrido de siete d\u00edas (en ambos casos solo [&hellip;]<\/p>\n","protected":false},"author":4,"featured_media":87203,"comment_status":"open","ping_status":"closed","sticky":false,"template":"","format":"standard","meta":{"om_disable_all_campaigns":false,"jnews-multi-image_gallery":[],"jnews_single_post":[],"jnews_primary_category":[],"jnews_social_meta":[],"footnotes":""},"categories":[41],"tags":[],"class_list":["post-87202","post","type-post","status-publish","format-standard","has-post-thumbnail","hentry","category-cruceros"],"_links":{"self":[{"href":"https:\/\/dimensionturistica.com\/es\/wp-json\/wp\/v2\/posts\/87202","targetHints":{"allow":["GET"]}}],"collection":[{"href":"https:\/\/dimensionturistica.com\/es\/wp-json\/wp\/v2\/posts"}],"about":[{"href":"https:\/\/dimensionturistica.com\/es\/wp-json\/wp\/v2\/types\/post"}],"author":[{"embeddable":true,"href":"https:\/\/dimensionturistica.com\/es\/wp-json\/wp\/v2\/users\/4"}],"replies":[{"embeddable":true,"href":"https:\/\/dimensionturistica.com\/es\/wp-json\/wp\/v2\/comments?post=87202"}],"version-history":[{"count":0,"href":"https:\/\/dimensionturistica.com\/es\/wp-json\/wp\/v2\/posts\/87202\/revisions"}],"wp:featuredmedia":[{"embeddable":true,"href":"https:\/\/dimensionturistica.com\/es\/wp-json\/wp\/v2\/media\/87203"}],"wp:attachment":[{"href":"https:\/\/dimensionturistica.com\/es\/wp-json\/wp\/v2\/media?parent=87202"}],"wp:term":[{"taxonomy":"category","embeddable":true,"href":"https:\/\/dimensionturistica.com\/es\/wp-json\/wp\/v2\/categories?post=87202"},{"taxonomy":"post_tag","embeddable":true,"href":"https:\/\/dimensionturistica.com\/es\/wp-json\/wp\/v2\/tags?post=87202"}],"curies":[{"name":"wp","href":"https:\/\/api.w.org\/{rel}","templated":true}]}}