{"id":87122,"date":"2021-02-26T04:15:07","date_gmt":"2021-02-26T04:15:07","guid":{"rendered":"https:\/\/dimensionturistica.com\/es\/?p=87122"},"modified":"2021-02-26T04:15:07","modified_gmt":"2021-02-26T04:15:07","slug":"se-voltea-razer-en-la-medina-ascencio","status":"publish","type":"post","link":"https:\/\/dimensionturistica.com\/es\/se-voltea-razer-en-la-medina-ascencio\/","title":{"rendered":"Se voltea Razer en la Medina Ascencio"},"content":{"rendered":"<p> <br \/>\n<\/p>\n<div>\n<p>La madrugada de este jueves se registr\u00f3 una aparatosa volcadura sobre la avenida Francisco Medina Ascencio en el crucero de La Paloma donde un RZR se volc\u00f3 y da\u00f1o un taxi.<\/p>\n<p>Este accidente ocurri\u00f3 en la avenida Francisco Medina Ascencio y la avenida Polit\u00e9cnico Nacional en la colonia Educaci\u00f3n.<\/p>\n<p>Los agentes de la Polic\u00eda Municipal al ser informados de los hechos se dirigieron al lugar donde se percataron de que se trataba de un veh\u00edculo Razer de shade rojo mismo que estaba volcado sobre su costado.<\/p>\n<p style=\"text-align: center;\"><img decoding=\"async\" src=\"https:\/\/dimensionturistica.com\/es\/wp-content\/uploads\/2021\/02\/Se-voltea-Razer-en-la-Medina-Ascencio.jpg\"\/><\/p>\n<p>Asimismo un taxi presentaba da\u00f1os por lo cual los agentes pidieron la presencia de los agentes de Tr\u00e1nsito Municipal.<\/p>\n<p>Fue de esta manera en que elementos de Tr\u00e1nsito llegaron para hacerse cargo, se dijo que en el veh\u00edculo volcado se encontraba un hombre de 49 a\u00f1os golpeado pero debido al estado en que se encontraba no quiso ser llevado a un hospital.<\/p>\n<\/div>\n\n<p><em> &#8221; Fuentes tribunadelabahia.com.mx &#8221; <\/em><\/p>\n","protected":false},"excerpt":{"rendered":"<p>La madrugada de este jueves se registr\u00f3 una aparatosa volcadura sobre la avenida Francisco Medina Ascencio en el crucero de La Paloma donde un RZR se volc\u00f3 y da\u00f1o un taxi. Este accidente ocurri\u00f3 en la avenida Francisco Medina Ascencio y la avenida Polit\u00e9cnico Nacional en la colonia Educaci\u00f3n. Los agentes de la Polic\u00eda Municipal [&hellip;]<\/p>\n","protected":false},"author":4,"featured_media":87123,"comment_status":"open","ping_status":"closed","sticky":false,"template":"","format":"standard","meta":{"om_disable_all_campaigns":false,"jnews-multi-image_gallery":[],"jnews_single_post":[],"jnews_primary_category":[],"jnews_social_meta":[],"footnotes":""},"categories":[41],"tags":[],"class_list":["post-87122","post","type-post","status-publish","format-standard","has-post-thumbnail","hentry","category-cruceros"],"_links":{"self":[{"href":"https:\/\/dimensionturistica.com\/es\/wp-json\/wp\/v2\/posts\/87122","targetHints":{"allow":["GET"]}}],"collection":[{"href":"https:\/\/dimensionturistica.com\/es\/wp-json\/wp\/v2\/posts"}],"about":[{"href":"https:\/\/dimensionturistica.com\/es\/wp-json\/wp\/v2\/types\/post"}],"author":[{"embeddable":true,"href":"https:\/\/dimensionturistica.com\/es\/wp-json\/wp\/v2\/users\/4"}],"replies":[{"embeddable":true,"href":"https:\/\/dimensionturistica.com\/es\/wp-json\/wp\/v2\/comments?post=87122"}],"version-history":[{"count":0,"href":"https:\/\/dimensionturistica.com\/es\/wp-json\/wp\/v2\/posts\/87122\/revisions"}],"wp:featuredmedia":[{"embeddable":true,"href":"https:\/\/dimensionturistica.com\/es\/wp-json\/wp\/v2\/media\/87123"}],"wp:attachment":[{"href":"https:\/\/dimensionturistica.com\/es\/wp-json\/wp\/v2\/media?parent=87122"}],"wp:term":[{"taxonomy":"category","embeddable":true,"href":"https:\/\/dimensionturistica.com\/es\/wp-json\/wp\/v2\/categories?post=87122"},{"taxonomy":"post_tag","embeddable":true,"href":"https:\/\/dimensionturistica.com\/es\/wp-json\/wp\/v2\/tags?post=87122"}],"curies":[{"name":"wp","href":"https:\/\/api.w.org\/{rel}","templated":true}]}}