{"id":871045,"date":"2024-11-07T05:12:08","date_gmt":"2024-11-07T05:12:08","guid":{"rendered":"https:\/\/dimensionturistica.com\/es\/?p=871045"},"modified":"2024-11-07T05:12:08","modified_gmt":"2024-11-07T05:12:08","slug":"los-empresarios-hoteleros-preparan-su-defensa-legal-contra-el-registro-de-visitantes-del-ministerio-del-interior","status":"publish","type":"post","link":"https:\/\/dimensionturistica.com\/es\/los-empresarios-hoteleros-preparan-su-defensa-legal-contra-el-registro-de-visitantes-del-ministerio-del-interior\/","title":{"rendered":"Los empresarios hoteleros preparan su defensa legal contra el registro de visitantes del Ministerio del Interior."},"content":{"rendered":"<p><strong>La Controversia del Registro de Viajeros: Un Debatido Futuro para el Turismo Nacional<\/strong><\/p>\n<p>En un mundo cada vez m\u00e1s conectado, el turismo se enfrenta a nuevos desaf\u00edos y oportunidades. Uno de los temas que ha saltado a la palestra recientemente es la implementaci\u00f3n de un registro de viajeros en Espa\u00f1a, que ha suscitado un intenso debate entre los hoteleros y la administraci\u00f3n p\u00fablica. Este nuevo sistema, dise\u00f1ado para mejorar el control y la seguridad en el sector tur\u00edstico, plantea interrogantes sobre la privacidad, la eficiencia y el impacto en la experiencia del viajero.<\/p>\n<p>Desde el momento en que se anunci\u00f3 la creaci\u00f3n de este registro, la industria hotelera ha expresado sus preocupaciones. Los hoteleros argumentan que la carga administrativa que implica este registro podr\u00eda ser abrumadora. No se trata solo de recopilar informaci\u00f3n b\u00e1sica como nombres y fechas de estancia; el proceso podr\u00eda abarcar una gran cantidad de datos, lo que representar\u00eda una carga extra en la ya compleja gesti\u00f3n de un hotel. En un sector que ha luchado por recuperarse de las profundas heridas de la pandemia, la idea de sumarle una tarea adicional resulta desalentadora.<\/p>\n<p>Pero la resistencia de los hoteleros no se limita a la carga administrativa. Otro punto de fricci\u00f3n es la preocupaci\u00f3n sobre la privacidad de los datos de los viajeros. En un contexto donde la protecci\u00f3n de la informaci\u00f3n personal se ha convertido en una prioridad para los consumidores, el temor a que estos datos puedan ser mal gestionados o, peor a\u00fan, utilizados con fines no \u00e9ticos, genera una inquietud palpable. La confianza del viajero es un pilar fundamental en la industria del turismo, y cualquier decisi\u00f3n que pueda ponerla en riesgo es vista con recelo.<\/p>\n<p>A lo largo de este debate, tambi\u00e9n surgen voces que defienden la necesidad de un sistema de registro. Los defensores de esta iniciativa argumentan que un control m\u00e1s riguroso puede contribuir a una mayor seguridad, especialmente en un momento en que la tendencia hacia el turismo de interior est\u00e1 en auge. La recopilaci\u00f3n de datos podr\u00eda ayudar a las autoridades a identificar patrones y responder a situaciones incidencias de forma m\u00e1s eficaz.<\/p>\n<p>Sin embargo, en medio de la lucha legal que se perfila entre hoteleros y administraciones, se presenta una pregunta fundamental: \u00bfc\u00f3mo encontrar un equilibrio entre la seguridad y la experiencia del viajero? A medida que el sector tur\u00edstico contin\u00faa evolucionando, la industria necesita adaptarse a estas nuevas realidades sin sacrificar la esencia de lo que hacen: ofrecer experiencias memorables a sus clientes.<\/p>\n<p>La industria enfrenta un momento crucial. La forma en que se aborden estos conflictos determinar\u00e1 no solo la viabilidad del registro de viajeros, sino tambi\u00e9n la manera en que se reconfigura el turismo en Espa\u00f1a. El futuro inmediato presenta oportunidades para innovar y reimaginar la hospitalidad, pero tambi\u00e9n implica desaf\u00edos que deben ser cuidadosamente gestionados.<\/p>\n<p>Mientras tanto, los viajeros deben permanecer atentos. C\u00f3mo se gestione esta situaci\u00f3n puede influir en su pr\u00f3xima aventura, ya sea una escapada a la costa, una visita a una ciudad cultural o un retiro en la naturaleza. La experiencia hotelera podr\u00eda transformarse en algo radicalmente diferente si se imponen restricciones o modificaciones a los procesos actuales.<\/p>\n<p>En definitiva, el di\u00e1logo entre los sectores implicados se vuelve m\u00e1s crucial que nunca. La forma en que resulte esta disputa tendr\u00e1 un impacto significativo no solo en los hoteleros, sino tambi\u00e9n en la forma en que los viajeros se sienten en el coraz\u00f3n del turismo nacional. El camino hacia adelante est\u00e1 lleno de incertidumbre, pero tambi\u00e9n de promesas de un futuro donde la innovaci\u00f3n y la tradici\u00f3n pueden coexistir en armon\u00eda.<\/p>\n<p><em> &#8221; Sources cincodias.elpais.com &#8221; <\/em><\/p>\n<p><em> &#8221; Fuentes cincodias.elpais.com &#8221; <\/em><\/p>\n","protected":false},"excerpt":{"rendered":"<p>La Controversia del Registro de Viajeros: Un Debatido Futuro para el Turismo Nacional En un mundo cada vez m\u00e1s conectado, el turismo se enfrenta a nuevos desaf\u00edos y oportunidades. Uno de los temas que ha saltado a la palestra recientemente es la implementaci\u00f3n de un registro de viajeros en Espa\u00f1a, que ha suscitado un intenso [&hellip;]<\/p>\n","protected":false},"author":4,"featured_media":0,"comment_status":"open","ping_status":"closed","sticky":false,"template":"","format":"standard","meta":{"om_disable_all_campaigns":false,"jnews-multi-image_gallery":[],"jnews_single_post":[],"jnews_primary_category":[],"jnews_social_meta":[],"footnotes":""},"categories":[39],"tags":[14967,192960,715,1821,1289,26749,3322,49517,7035,192959,21728,129010,18629,544,2609,545],"class_list":["post-871045","post","type-post","status-publish","format-standard","hentry","category-viajes","tag-agencias-viajes","tag-batalla-legal","tag-economia","tag-hotel","tag-hoteles","tag-industria-hotelera","tag-interior","tag-legislacion","tag-ministerio-del-interior","tag-privacidad-internet","tag-ramon-estalella","tag-registro-de-viajeros","tag-seguridad-ciudadana","tag-turismo","tag-turismo-extranjero","tag-viajes"],"_links":{"self":[{"href":"https:\/\/dimensionturistica.com\/es\/wp-json\/wp\/v2\/posts\/871045","targetHints":{"allow":["GET"]}}],"collection":[{"href":"https:\/\/dimensionturistica.com\/es\/wp-json\/wp\/v2\/posts"}],"about":[{"href":"https:\/\/dimensionturistica.com\/es\/wp-json\/wp\/v2\/types\/post"}],"author":[{"embeddable":true,"href":"https:\/\/dimensionturistica.com\/es\/wp-json\/wp\/v2\/users\/4"}],"replies":[{"embeddable":true,"href":"https:\/\/dimensionturistica.com\/es\/wp-json\/wp\/v2\/comments?post=871045"}],"version-history":[{"count":0,"href":"https:\/\/dimensionturistica.com\/es\/wp-json\/wp\/v2\/posts\/871045\/revisions"}],"wp:attachment":[{"href":"https:\/\/dimensionturistica.com\/es\/wp-json\/wp\/v2\/media?parent=871045"}],"wp:term":[{"taxonomy":"category","embeddable":true,"href":"https:\/\/dimensionturistica.com\/es\/wp-json\/wp\/v2\/categories?post=871045"},{"taxonomy":"post_tag","embeddable":true,"href":"https:\/\/dimensionturistica.com\/es\/wp-json\/wp\/v2\/tags?post=871045"}],"curies":[{"name":"wp","href":"https:\/\/api.w.org\/{rel}","templated":true}]}}