{"id":870821,"date":"2024-11-06T18:52:59","date_gmt":"2024-11-06T18:52:59","guid":{"rendered":"https:\/\/dimensionturistica.com\/es\/?p=870821"},"modified":"2024-11-06T18:52:59","modified_gmt":"2024-11-06T18:52:59","slug":"listado-completo-de-los-viajes-del-programa-de-turismo-senior-perjudicados-por-la-dana","status":"publish","type":"post","link":"https:\/\/dimensionturistica.com\/es\/listado-completo-de-los-viajes-del-programa-de-turismo-senior-perjudicados-por-la-dana\/","title":{"rendered":"Listado completo de los viajes del programa de turismo s\u00e9nior perjudicados por la DANA"},"content":{"rendered":"<p><strong>Impacto de la DANA en los Viajes del Imserso: Reflexiones para el Turismo Senior<\/strong><\/p>\n<p>En el \u00e1mbito del turismo, especialmente en el sector orientado a las personas mayores, las contingencias clim\u00e1ticas pueden influir de manera significativa en los planes de viaje. Uno de los fen\u00f3menos m\u00e1s recientes que ha alterado estas previsiones es la Dana (Depresi\u00f3n Aislada en Niveles Altos), que ha dejado su huella en varios itinerarios programados por el Imserso, el Instituto de Mayores y Servicios Sociales en Espa\u00f1a.<\/p>\n<p>Cuando pensamos en viajes para la tercera edad, lo primero que nos viene a la mente es la idea de comodidad y seguridad. Cada a\u00f1o, miles de jubilados y personas mayores esperan con ilusi\u00f3n la llegada de sus vacaciones, anhelando explorar nuevos destinos o volver a aquellos que les traen buenos recuerdos. Sin embargo, el clima puede ser un factor decisivo en la experiencia de viaje.<\/p>\n<p>La reciente DANA ha afectado a varios destinos previstos en el programa de vacaciones del Imserso, y esto no solo ha causado cambios en itinerarios; tambi\u00e9n ha generado una reacci\u00f3n de gran preocupaci\u00f3n entre los viajeros y sus familias. Las incertidumbres meteorol\u00f3gicas provocan que la organizaci\u00f3n de viajes para este grupo etario se convierta en un verdadero desaf\u00edo. Las condiciones adversas, como fuertes lluvias y tormentas, no solo interrumpen planes, sino que tambi\u00e9n aumentan el riesgo para la seguridad de los viajeros.<\/p>\n<p>Ante este panorama, surge la necesidad de replantear la planificaci\u00f3n de viajes para mayores. Las agencias y organizaciones deben incorporar previsiones no solo en el aspecto log\u00edstico, sino tambi\u00e9n en la selecci\u00f3n de destinos y en las estrategias de comunicaci\u00f3n con los viajeros. Ahora m\u00e1s que nunca, los destinos deben ofrecer garant\u00edas de seguridad y adaptar sus rutas o actividades a la situaci\u00f3n clim\u00e1tica del momento.<\/p>\n<p>Adem\u00e1s, la experiencia acumulada en a\u00f1os anteriores puede servir como base para afrontar retos similares en el futuro. Las lecciones aprendidas sobre c\u00f3mo manejar reservas y mantener a los viajeros informados son vitales. De igual manera, la flexibilidad en las reservas y una buena pol\u00edtica de cancelaciones se convierten en esenciales ante imprevistos clim\u00e1ticos.<\/p>\n<p>Por otro lado, la situaci\u00f3n invita a reflexionar sobre la importancia de diversificar los destinos para este sector de la poblaci\u00f3n. En lugar de concentrarse en las mismas rutas habituales, ser\u00eda enriquecedor explorar alternativas que ofrezcan actividades y entornos seguros y acogedores. Esto no solo garantizar\u00eda que los viajeros vivan una experiencia agradable, sino que tambi\u00e9n podr\u00eda contribuir a la reactivaci\u00f3n de \u00e1reas menos visitadas, equilibrando as\u00ed las din\u00e1micas del turismo.<\/p>\n<p>En conclusi\u00f3n, aunque la DANA ha generado complicaciones en los viajes del Imserso, tambi\u00e9n nos brinda la oportunidad de innovar y mejorar la oferta tur\u00edstica para personas mayores. Al aprender a adaptarnos a los desaf\u00edos del clima, se garantiza un turismo m\u00e1s seguro, accesible y gratificante. Despu\u00e9s de todo, el objetivo del turismo es seguir creando recuerdos inolvidables, sin importar las dificultades que puedan surgir en el camino.<\/p>\n<p><em> &#8221; Sources noticiastrabajo.huffingtonpost.es &#8221; <\/em><\/p>\n<p><em> &#8221; Fuentes noticiastrabajo.huffingtonpost.es &#8221; <\/em><\/p>\n","protected":false},"excerpt":{"rendered":"<p>Impacto de la DANA en los Viajes del Imserso: Reflexiones para el Turismo Senior En el \u00e1mbito del turismo, especialmente en el sector orientado a las personas mayores, las contingencias clim\u00e1ticas pueden influir de manera significativa en los planes de viaje. Uno de los fen\u00f3menos m\u00e1s recientes que ha alterado estas previsiones es la Dana [&hellip;]<\/p>\n","protected":false},"author":4,"featured_media":870822,"comment_status":"open","ping_status":"closed","sticky":false,"template":"","format":"standard","meta":{"om_disable_all_campaigns":false,"jnews-multi-image_gallery":[],"jnews_single_post":[],"jnews_primary_category":[],"jnews_social_meta":[],"footnotes":""},"categories":[39],"tags":[1493,188562,93085,770,813,544,545],"class_list":["post-870821","post","type-post","status-publish","format-standard","has-post-thumbnail","hentry","category-viajes","tag-afectaciones","tag-alertas-meteorologicas","tag-dana","tag-espana","tag-imserso","tag-turismo","tag-viajes"],"_links":{"self":[{"href":"https:\/\/dimensionturistica.com\/es\/wp-json\/wp\/v2\/posts\/870821","targetHints":{"allow":["GET"]}}],"collection":[{"href":"https:\/\/dimensionturistica.com\/es\/wp-json\/wp\/v2\/posts"}],"about":[{"href":"https:\/\/dimensionturistica.com\/es\/wp-json\/wp\/v2\/types\/post"}],"author":[{"embeddable":true,"href":"https:\/\/dimensionturistica.com\/es\/wp-json\/wp\/v2\/users\/4"}],"replies":[{"embeddable":true,"href":"https:\/\/dimensionturistica.com\/es\/wp-json\/wp\/v2\/comments?post=870821"}],"version-history":[{"count":0,"href":"https:\/\/dimensionturistica.com\/es\/wp-json\/wp\/v2\/posts\/870821\/revisions"}],"wp:featuredmedia":[{"embeddable":true,"href":"https:\/\/dimensionturistica.com\/es\/wp-json\/wp\/v2\/media\/870822"}],"wp:attachment":[{"href":"https:\/\/dimensionturistica.com\/es\/wp-json\/wp\/v2\/media?parent=870821"}],"wp:term":[{"taxonomy":"category","embeddable":true,"href":"https:\/\/dimensionturistica.com\/es\/wp-json\/wp\/v2\/categories?post=870821"},{"taxonomy":"post_tag","embeddable":true,"href":"https:\/\/dimensionturistica.com\/es\/wp-json\/wp\/v2\/tags?post=870821"}],"curies":[{"name":"wp","href":"https:\/\/api.w.org\/{rel}","templated":true}]}}