{"id":87082,"date":"2021-02-26T01:41:27","date_gmt":"2021-02-26T01:41:27","guid":{"rendered":"https:\/\/dimensionturistica.com\/es\/?p=87082"},"modified":"2021-02-26T01:41:27","modified_gmt":"2021-02-26T01:41:27","slug":"jimena-perez-la-choco-y-rafa-sarmiento-dan-positivo-a-covid-19","status":"publish","type":"post","link":"https:\/\/dimensionturistica.com\/es\/jimena-perez-la-choco-y-rafa-sarmiento-dan-positivo-a-covid-19\/","title":{"rendered":"Jimena P\u00e9rez &#8220;La Choco&#8221; y Rafa Sarmiento dan positivo a COVID-19"},"content":{"rendered":"<p> <br \/>\n<\/p>\n<div>\n<p>                    \t<!-- \/1001694\/1x1Seed --><br \/>\n<!-- \/1001694\/IN_MR_DET_1 --><\/p>\n<p>Los conductores de televisi\u00f3n <strong>Jimena P\u00e9rez &#8220;La Choco&#8221; <\/strong>y <strong>Rafa Sarmiento<\/strong> han recibido el apoyo de su familia y amigos ahora que dieron positivo al COVID-19. Incluso,<strong><span style=\"background-color:#1abc9c;\"> se\u00f1alan que despu\u00e9s de que supieron sus resultados de la prueba ha habido amigos que les han hecho el favor de mandarles medicinas desde M\u00e9xico que no pudieron conseguir en Espa\u00f1a.<\/span><\/strong><\/p>\n<p>&#8220;Tuvieron la oportunidad de venir y dejarnos en el elevador las medicinas porque hay muchas cosas que ac\u00e1 no encontramos&#8221;, recuerda Jimena en entrevista.<\/p>\n<p>La pareja relata que tambi\u00e9n Atala, hermana de Rafa, Paulina, hermana de Jimena, han estado al pendiente, as\u00ed como sus mam\u00e1s y vecinos.<br \/>&#8220;Estamos muy apapachados y es importante siempre reconocerlo porque estos momentos son dif\u00edciles y cuando tienes tanto cari\u00f1o levanta el \u00e1nimo&#8221;, explica P\u00e9rez.<\/p>\n<p>De acuerdo con sus fechas este jueves acabar\u00edan el encierro porque Rafa explica que se cumplen los diez d\u00edas respecto al primer s\u00edntoma fuerte; pero seg\u00fan el d\u00eda que se hicieron la prueba del PCR ser\u00eda hasta el domingo. En el caso de sus hijos aunque no se han hecho pruebas comparten que han estado bien e ir\u00e1n a la escuela hasta el martes.<\/p>\n<p>Los conductores comenzaron a sentir cansancio desde el 15 de febrero pero <strong><span style=\"background-color:#1abc9c;\">fue cuando <\/span><span style=\"background-color:#1abc9c;\">Jimena<\/span><span style=\"background-color:#1abc9c;\"> se hizo la prueba para poder viajar a M\u00e9xico que supieron que period positiva. <\/span><\/strong>Acto seguido Sarmiento tambi\u00e9n se la realiz\u00f3.<\/p>\n<p>                    <!-- \/1001694\/IN_MR_DET_3 --><\/p>\n<p>&#8220;Estamos bien, bastante bien para el bicho que es, para lo fuerte que es y lo gacho que ha sido para mucha gente. Hemos tenido una sintomat\u00eda bastante moderada, tir\u00e1ndole a leve, hemos tenido sensaci\u00f3n de fatiga general como cansancio, algo de dolor de cabeza y pr\u00e1cticamente en eso se ha reflejado&#8221;, detalla Rafa, quien este domingo estar\u00e1 en la conducci\u00f3n de TNT para Latinoam\u00e9rica de los Globos de Oro.<\/p>\n<p>&#8220;Jimena ha tenido p\u00e9rdida de olfato y gusto y los ni\u00f1os est\u00e1n total y completamente asintom\u00e1ticos. Iker apenas y presenta un peque\u00f1o resfriadito, nada de qu\u00e9 preocuparse, inclusive el mismo doctor nos dijo que no pasa nada, no hemos tenido fiebre, falta de aire, presiones del pecho&#8221;.<\/p>\n<p>Como parte del protocolo que se sigue en Madrid, Rafa explica que adem\u00e1s les llamaron para saber con qui\u00e9n hab\u00edan tenido contacto para as\u00ed dar un seguimiento de posibles contagios. Jimena adem\u00e1s relata que han tomado todas las medicinas que les enviaron pero no escatiman en todo tipo de cuidados.<\/p>\n<p>&#8220;Tratamos de reposar lo m\u00e1s posible, ya ven\u00edamos tomando vitaminas pero ahora s\u00ed no hay ni un s\u00f3lo d\u00eda que se nos vaya, remedios naturales porque como decimos nosotros &#8216;todo suma&#8217;. Hemos estado haciendo uso tambi\u00e9n de aceites esenciales que nos han mandado, de t\u00e9s que nos han recomendado, jengibre&#8221;, explica la conductora.<\/p>\n<p>&#8220;Hay d\u00edas mejores que otros pero nadie quiere tener evidentemente este virus, hemos tenido historias muy tristes, cercanas tanto de familiares como amigos p\u00e9rdidas importantes que claro que nos han afectado en lo emocional y cuando uno recibe la noticia de que eres positivo te pasan todas estas historias de terror por la cabeza y es importante tratar de tener una buena actitud aunque a veces haya d\u00edas buenos y malos. Dentro de todo lo malo que fue haber dado positivo es importante recalcar y ser agradecidos de que hemos tenido muy pocos s\u00edntomas en comparaci\u00f3n a otra gente que realmente la ha pasado mal, que ha necesitado ox\u00edgeno en casa y muchas otras cosas&#8221;.<\/p>\n<p>jb<\/p>\n<section class=\"mod mod-tags\">\n<\/section>\n<section class=\"mod mod-list\">\n<\/section><\/div>\n\n<p><em> &#8221; Fuentes www.informador.mx &#8221; <\/em><\/p>\n","protected":false},"excerpt":{"rendered":"<p>Los conductores de televisi\u00f3n Jimena P\u00e9rez &#8220;La Choco&#8221; y Rafa Sarmiento han recibido el apoyo de su familia y amigos ahora que dieron positivo al COVID-19. Incluso, se\u00f1alan que despu\u00e9s de que supieron sus resultados de la prueba ha habido amigos que les han hecho el favor de mandarles medicinas desde M\u00e9xico que no pudieron [&hellip;]<\/p>\n","protected":false},"author":4,"featured_media":76307,"comment_status":"open","ping_status":"closed","sticky":false,"template":"","format":"standard","meta":{"om_disable_all_campaigns":false,"jnews-multi-image_gallery":[],"jnews_single_post":[],"jnews_primary_category":[],"jnews_social_meta":[],"footnotes":""},"categories":[39],"tags":[18356,55,510,18354,18355],"class_list":["post-87082","post","type-post","status-publish","format-standard","has-post-thumbnail","hentry","category-viajes","tag-conductor-locutor","tag-coronavirus","tag-covid-19","tag-jimena-perez","tag-rafa-sarmiento"],"_links":{"self":[{"href":"https:\/\/dimensionturistica.com\/es\/wp-json\/wp\/v2\/posts\/87082","targetHints":{"allow":["GET"]}}],"collection":[{"href":"https:\/\/dimensionturistica.com\/es\/wp-json\/wp\/v2\/posts"}],"about":[{"href":"https:\/\/dimensionturistica.com\/es\/wp-json\/wp\/v2\/types\/post"}],"author":[{"embeddable":true,"href":"https:\/\/dimensionturistica.com\/es\/wp-json\/wp\/v2\/users\/4"}],"replies":[{"embeddable":true,"href":"https:\/\/dimensionturistica.com\/es\/wp-json\/wp\/v2\/comments?post=87082"}],"version-history":[{"count":0,"href":"https:\/\/dimensionturistica.com\/es\/wp-json\/wp\/v2\/posts\/87082\/revisions"}],"wp:featuredmedia":[{"embeddable":true,"href":"https:\/\/dimensionturistica.com\/es\/wp-json\/wp\/v2\/media\/76307"}],"wp:attachment":[{"href":"https:\/\/dimensionturistica.com\/es\/wp-json\/wp\/v2\/media?parent=87082"}],"wp:term":[{"taxonomy":"category","embeddable":true,"href":"https:\/\/dimensionturistica.com\/es\/wp-json\/wp\/v2\/categories?post=87082"},{"taxonomy":"post_tag","embeddable":true,"href":"https:\/\/dimensionturistica.com\/es\/wp-json\/wp\/v2\/tags?post=87082"}],"curies":[{"name":"wp","href":"https:\/\/api.w.org\/{rel}","templated":true}]}}