{"id":87033,"date":"2021-02-25T23:08:55","date_gmt":"2021-02-25T23:08:55","guid":{"rendered":"https:\/\/dimensionturistica.com\/es\/?p=87033"},"modified":"2021-02-25T23:08:55","modified_gmt":"2021-02-25T23:08:55","slug":"rehabilitan-camellon-de-horacio-en-la-alcaldia-miguel-hidalgo","status":"publish","type":"post","link":"https:\/\/dimensionturistica.com\/es\/rehabilitan-camellon-de-horacio-en-la-alcaldia-miguel-hidalgo\/","title":{"rendered":"Rehabilitan camell\u00f3n de Horacio en la alcald\u00eda Miguel Hidalgo"},"content":{"rendered":"<p> <br \/>\n<\/p>\n<div>\n<p>Con una inversi\u00f3n de 10 millones de pesos, V\u00edctor Hugo Romo de Vivar Guerra, alcalde de Miguel Hidalgo, entreg\u00f3 los trabajos de rehabilitaci\u00f3n del Camell\u00f3n Horacio.<\/p>\n<p>Se trata de un \u00e1rea de medio kil\u00f3metro que se encontraba deteriorada y los vecinos dispusieron que los recursos del programa EcoPark se destinaran a rehabilitar el camell\u00f3n. <\/p>\n<p>El alcalde estim\u00f3 que los trabajos beneficiar\u00e1n a m\u00e1s de 4 mil residentes y a far de visitantes que a diario transitan por la zona.<\/p>\n<p>Inform\u00f3 que se remodelaron m\u00e1s de 500 metros del tramo comprendido entre las calles Arqu\u00edmedes y Eugenio Sue.<\/p>\n<p>Adem\u00e1s, se instal\u00f3 se\u00f1alizaci\u00f3n horizontal y vertical, se\u00f1al\u00e9tica incluyente y fueron renovadas las banquetas de ese tramo del camell\u00f3n, y se habilitaron cinco cruces seguros<\/p>\n<p>Romo Guerra inform\u00f3 que los recursos invertidos son parte del programa de parqu\u00edmetros de la alcald\u00eda y la decisi\u00f3n de realizar estas obras fue por consenso de todos vecinos de la colonia Polanco. <\/p>\n<p>Destac\u00f3 que este camell\u00f3n es una columna vertebral en la movilidad de la demarcaci\u00f3n, por lo que cinco cruceros seguros con bolardos e iluminaci\u00f3n fueron instalados para evitar accidentes viales, porque en MH los peatones son prioridad, subray\u00f3 el alcalde. <\/p>\n<p>Record\u00f3 que durante su administraci\u00f3n se han realizado trabajos de remodelaci\u00f3n en todo el camell\u00f3n de Horacio, en el tramo comprendido de Arqu\u00edmedes a Mariano Escobedo.<\/p>\n<p>Para esta obra se realiz\u00f3 el trazo y la nivelaci\u00f3n para desplante de estructura de 1,961 m2, 2,028.58 m2 de malla de alambre el\u00e9ctrico fueron colocados, se hizo desmontaje y renivelaci\u00f3n de 6 piezas de tapa de fofo, fue aplicado relleno de excavaci\u00f3n para estructuras con tepetate y fueron instalados 134 dados de concreto.<\/p>\n<p>Tambi\u00e9n se suministraron m\u00e1s de 500 m2 de concreto hidr\u00e1ulico, se instalaron 132 piezas de bolardos fijos, se colocaron 22 postes con sistema de iluminaci\u00f3n sencilla, fueron empleados 124.53 m de concreto hidr\u00e1ulico, se pintaron 10 bancas met\u00e1licas, 16 postes y 22 luminarias.<\/p>\n<p>Asimismo, se instalaron rejillas, parillas, marcos y contramarcos de acero, fueron suministrados 36.29 m3 de tierra vegetal negra y se sembraron m\u00e1s de 55 mil \u00e1rboles, arbustos y plantas.<\/p>\n<p>Los vecinos promovieron, supervisaron y recibieron de conformidad los trabajos del camell\u00f3n. <\/p>\n<\/div>\n<p><script>\n    window.fbAsyncInit = function() {\n    FB.init({\n        appId : '2642162399395391',\n    xfbml : true,\n    version : 'v3.1'\n    });\n    };\n    (function(d, s, id) {\n    var js, fjs = d.getElementsByTagName(s)[0];\n    if (d.getElementById(id)) {return};\n    js = d.createElement(s); js.id = id;\n    js.src=\"https:\/\/connect.facebook.net\/es_ES\/sdk.js\";\n    fjs.parentNode.insertBefore(js, fjs);\n    }(document, 'script', 'facebook-jssdk'));\n<\/script><br \/>\n<br \/><\/p>\n<p><em> &#8221; Fuentes www.vertigopolitico.com &#8221; <\/em><\/p>\n","protected":false},"excerpt":{"rendered":"<p>Con una inversi\u00f3n de 10 millones de pesos, V\u00edctor Hugo Romo de Vivar Guerra, alcalde de Miguel Hidalgo, entreg\u00f3 los trabajos de rehabilitaci\u00f3n del Camell\u00f3n Horacio. Se trata de un \u00e1rea de medio kil\u00f3metro que se encontraba deteriorada y los vecinos dispusieron que los recursos del programa EcoPark se destinaran a rehabilitar el camell\u00f3n. El [&hellip;]<\/p>\n","protected":false},"author":4,"featured_media":87034,"comment_status":"open","ping_status":"closed","sticky":false,"template":"","format":"standard","meta":{"om_disable_all_campaigns":false,"jnews-multi-image_gallery":[],"jnews_single_post":[],"jnews_primary_category":[],"jnews_social_meta":[],"footnotes":""},"categories":[41],"tags":[],"class_list":["post-87033","post","type-post","status-publish","format-standard","has-post-thumbnail","hentry","category-cruceros"],"_links":{"self":[{"href":"https:\/\/dimensionturistica.com\/es\/wp-json\/wp\/v2\/posts\/87033","targetHints":{"allow":["GET"]}}],"collection":[{"href":"https:\/\/dimensionturistica.com\/es\/wp-json\/wp\/v2\/posts"}],"about":[{"href":"https:\/\/dimensionturistica.com\/es\/wp-json\/wp\/v2\/types\/post"}],"author":[{"embeddable":true,"href":"https:\/\/dimensionturistica.com\/es\/wp-json\/wp\/v2\/users\/4"}],"replies":[{"embeddable":true,"href":"https:\/\/dimensionturistica.com\/es\/wp-json\/wp\/v2\/comments?post=87033"}],"version-history":[{"count":0,"href":"https:\/\/dimensionturistica.com\/es\/wp-json\/wp\/v2\/posts\/87033\/revisions"}],"wp:featuredmedia":[{"embeddable":true,"href":"https:\/\/dimensionturistica.com\/es\/wp-json\/wp\/v2\/media\/87034"}],"wp:attachment":[{"href":"https:\/\/dimensionturistica.com\/es\/wp-json\/wp\/v2\/media?parent=87033"}],"wp:term":[{"taxonomy":"category","embeddable":true,"href":"https:\/\/dimensionturistica.com\/es\/wp-json\/wp\/v2\/categories?post=87033"},{"taxonomy":"post_tag","embeddable":true,"href":"https:\/\/dimensionturistica.com\/es\/wp-json\/wp\/v2\/tags?post=87033"}],"curies":[{"name":"wp","href":"https:\/\/api.w.org\/{rel}","templated":true}]}}