{"id":87023,"date":"2021-02-25T22:52:13","date_gmt":"2021-02-25T22:52:13","guid":{"rendered":"https:\/\/dimensionturistica.com\/es\/?p=87023"},"modified":"2021-02-25T22:52:13","modified_gmt":"2021-02-25T22:52:13","slug":"en-caida-libre","status":"publish","type":"post","link":"https:\/\/dimensionturistica.com\/es\/en-caida-libre\/","title":{"rendered":"En ca\u00edda libre"},"content":{"rendered":"<p> <br \/>\n<\/p>\n<div>\n<p data-gtm-element-container=\"modulo-texto-link\" class=\"paragraph\">En estos \u00faltimos a\u00f1os la pretendida declaraci\u00f3n unilateral de independencia, el<i> proc\u00e9s <\/i>, la falta de una gobernanza eficaz, el efecto capitalidad de Madrid y las desigualdades tributarias est\u00e1n haciendo huir de Catalunya a far de empresas hacia otras regiones espa\u00f1olas que, gracias a ello, han conseguido impulsos en sus respectivos ritmos de progreso.<\/p>\n<p data-gtm-element-container=\"modulo-texto-link\" class=\"paragraph\">Mucho me temo,y me agradar\u00eda equivocarme, que en este momento Catalunya y Barcelona se est\u00e1n situando en una situaci\u00f3n de ca\u00edda libre por una serie de circunstancias no del todo ajenas al p\u00e9simo nivel de gobernanza que tenemos y del que es testimonio la dificultad para formar gobierno tras los complejo resultados electorales del 14 de febrero.<\/p>\n<p><span class=\"content-ad-module \"><\/p>\n<p><span class=\"content-ad visible-xs roba-container \"><span class=\"ad-unit roba\"><\/p>\n<p>                <\/span><\/span><span class=\"content-ad visible-md irr-container \"><span class=\"ad-unit irr\"><\/p>\n<p>                <\/span><\/span><span class=\"content-html\"><span class=\"intext-md hidden-xs hidden-md\"\/><\/span><\/span><span class=\"content-subtitle \"><\/p>\n<h3 class=\"subtitle\">Estamos en un c\u00edrculo vicioso dif\u00edcil de cortar: hay pocos consensos para corregirlo<\/h3>\n<p><\/span><\/p>\n<p data-gtm-element-container=\"modulo-texto-link\" class=\"paragraph\">Tampoco ayudan, ahora, los impactos de la covid, las consecuencias del asunto Has\u00e9l y el descontento juvenil con protestas callejeras con altercados, vandalismos al mobiliario urbano y destrozos y robos a importantes comercios de marcas internacionales en las zonas m\u00e1s comerciales de Barcelona.<\/p>\n<p data-gtm-element-container=\"modulo-texto-link\" class=\"paragraph\">No me gusta ser pesimista, pero quienes practican la desgobernanza e impulsan o toleran las cr\u00edticas a las fuerzas de seguridad est\u00e1n creando una situaci\u00f3n en la cual Barcelona \u2013que siempre hab\u00eda sido locomotora de Catalunya y de Espa\u00f1a\u2013 puede convertirse en una easy ciudad provinciana.<\/p>\n<p data-gtm-element-container=\"modulo-texto-link\" class=\"paragraph\">Hemos entrado en un c\u00edrculo vicioso de ca\u00edda libre que no veo por d\u00f3nde pueda cortarse, pues hay pocos consensos para corregirlo. Las din\u00e1micas negativas se detectan en todos los frentes.<\/p>\n<p data-gtm-element-container=\"modulo-texto-link\" class=\"paragraph\">Una cosa tan evidente como la estrepitosa disaster del Bar\u00e7a se debe tambi\u00e9n incluir entre los factores negativos, ya que el membership es un s\u00edmbolo de Catalunya frente a Madrid. Si el Bar\u00e7a no gana t\u00edtulos y si Messi deja de ser la gran figura mundial, el Bar\u00e7a dejar\u00e1 de ser capaz de vender camisetas en todo el mundo y atraer turistas a su estadio, con lo que se perder\u00e1 posibilidad de posicionar a Barcelona en el mundo y la mayor\u00eda de los proyectos arquitect\u00f3nicos y urban\u00edsticos para engrandecer el membership dejar\u00e1n de tener sentido y el \u201cm\u00e9s que un club\u201d perder\u00e1 sentido.<\/p>\n<p><span class=\"content-ad-module \"><\/p>\n<p><span class=\"content-ad visible-xs irr-container \"><span class=\"ad-unit irr\"><\/p>\n<p>                <\/span><\/span><span class=\"content-html\"><span class=\"intext-xs hidden-xs hidden-md\"\/><\/span><\/span><\/p>\n<p data-gtm-element-container=\"modulo-texto-link\" class=\"paragraph\">Pero hay mucho m\u00e1s: si los proyectos muse\u00edsticos barceloneses no cuajan, si la apertura o continuidad de hoteles y restaurantes tropieza con mayores restricciones que en otras ciudades, si las ferias y congresos est\u00e1n al ralent\u00ed por la covid y si los destrozos y saqueos en tiendas internacionales del paseo de Gr\u00e0cia no se corrigen, me da la sensaci\u00f3n de que Gaud\u00ed no bastar\u00e1 para que Barcelona siga siendo cabecera tur\u00edstica y base indiscutible para los cruceros n\u00e1uticos mediterr\u00e1neos y para la transoceanidad de su aeropuerto. Son varias las ciudades que se candidatan para recoger las empresas, los cruceros, hoteles, ferias y congresos que Barcelona pierda.<\/p>\n<p data-gtm-element-container=\"modulo-texto-link\" class=\"paragraph\">Est\u00e1 bien que confiemos en las futuras financiaciones europeas favorables, pero lo esencial es que aqu\u00ed corrijamos nuestros propios conflictos que son los que nos abocan a la situaci\u00f3n de ca\u00edda libre&#8230;<\/p>\n<p><span class=\"content-ad-module \"><\/p>\n<p><span class=\"content-ad visible-xs roba-container \"><span class=\"ad-unit roba\"><\/p>\n<p>                <\/span><\/span><\/span>\n<\/div>\n<p><script type=\"script\/gg\">\ngg.didomi.doWhenConsent(!window.didomiBypass, 'c:facebooka-frU9M5JY', function () {\n!function(f,b,e,v,n,t,s)\n{if(f.fbq)return;n=f.fbq=function(){n.callMethod?\nn.callMethod.apply(n,arguments):n.queue.push(arguments)};\nif(!f._fbq)f._fbq=n;n.push=n;n.loaded=!0;n.version='2.0';\nn.queue=[];t=b.createElement(e);t.async=!0;\nt.src=v;s=b.getElementsByTagName(e)[0];\ns.parentNode.insertBefore(t,s)}(window, document,'script',\n'https:\/\/connect.facebook.net\/en_US\/fbevents.js');\nfbq('init', '161843274362284');\nfbq('track', 'PageView');\n});\n<\/script><br \/>\n<br \/><\/p>\n<p><em> &#8221; Fuentes www.lavanguardia.com &#8221; <\/em><\/p>\n","protected":false},"excerpt":{"rendered":"<p>En estos \u00faltimos a\u00f1os la pretendida declaraci\u00f3n unilateral de independencia, el proc\u00e9s , la falta de una gobernanza eficaz, el efecto capitalidad de Madrid y las desigualdades tributarias est\u00e1n haciendo huir de Catalunya a far de empresas hacia otras regiones espa\u00f1olas que, gracias a ello, han conseguido impulsos en sus respectivos ritmos de progreso. Mucho [&hellip;]<\/p>\n","protected":false},"author":4,"featured_media":0,"comment_status":"open","ping_status":"closed","sticky":false,"template":"","format":"standard","meta":{"om_disable_all_campaigns":false,"jnews-multi-image_gallery":[],"jnews_single_post":[],"jnews_primary_category":[],"jnews_social_meta":[],"footnotes":""},"categories":[41],"tags":[],"class_list":["post-87023","post","type-post","status-publish","format-standard","hentry","category-cruceros"],"_links":{"self":[{"href":"https:\/\/dimensionturistica.com\/es\/wp-json\/wp\/v2\/posts\/87023","targetHints":{"allow":["GET"]}}],"collection":[{"href":"https:\/\/dimensionturistica.com\/es\/wp-json\/wp\/v2\/posts"}],"about":[{"href":"https:\/\/dimensionturistica.com\/es\/wp-json\/wp\/v2\/types\/post"}],"author":[{"embeddable":true,"href":"https:\/\/dimensionturistica.com\/es\/wp-json\/wp\/v2\/users\/4"}],"replies":[{"embeddable":true,"href":"https:\/\/dimensionturistica.com\/es\/wp-json\/wp\/v2\/comments?post=87023"}],"version-history":[{"count":0,"href":"https:\/\/dimensionturistica.com\/es\/wp-json\/wp\/v2\/posts\/87023\/revisions"}],"wp:attachment":[{"href":"https:\/\/dimensionturistica.com\/es\/wp-json\/wp\/v2\/media?parent=87023"}],"wp:term":[{"taxonomy":"category","embeddable":true,"href":"https:\/\/dimensionturistica.com\/es\/wp-json\/wp\/v2\/categories?post=87023"},{"taxonomy":"post_tag","embeddable":true,"href":"https:\/\/dimensionturistica.com\/es\/wp-json\/wp\/v2\/tags?post=87023"}],"curies":[{"name":"wp","href":"https:\/\/api.w.org\/{rel}","templated":true}]}}