{"id":86973,"date":"2021-02-25T20:37:41","date_gmt":"2021-02-25T20:37:41","guid":{"rendered":"https:\/\/dimensionturistica.com\/es\/?p=86973"},"modified":"2021-02-25T20:37:41","modified_gmt":"2021-02-25T20:37:41","slug":"peru-llevara-energia-electrica-a-mas-de-8-mil-personas-que-viven-en-zonas-rurales-de-puno-este-2021","status":"publish","type":"post","link":"https:\/\/dimensionturistica.com\/es\/peru-llevara-energia-electrica-a-mas-de-8-mil-personas-que-viven-en-zonas-rurales-de-puno-este-2021\/","title":{"rendered":"Per\u00fa llevar\u00e1 energ\u00eda el\u00e9ctrica a m\u00e1s de 8 mil personas que viven en zonas rurales de Puno este 2021"},"content":{"rendered":"<p> <br \/>\n<\/p>\n<div itemtype=\"http:\/\/schema.org\/articleBody\">\n<p>Comunicado\u00a0<a rel=\"nofollow noopener\" target=\"_blank\" href=\"https:\/\/www.bnamericas.com\/es\/perfil-empresa\/ministerio_de_energa_y_minas_de_la_repblica_del_per\" tooltip=\"true\" tooltip-ref-number=\"92-2343\" tooltip-source=\"OLD_BNA\">Minem<\/a><\/p>\n<p>El Ministerio de Energ\u00eda y Minas (Minem) inform\u00f3 que m\u00e1s de 8 mil personas que viven en zonas rurales de la regi\u00f3n Puno acceder\u00e1n al servicio el\u00e9ctrico en el transcurso de este 2021, debido a la ejecuci\u00f3n de 3 importantes proyectos de electrificaci\u00f3n rural que esta cartera impulsa con una inversi\u00f3n international que supera los S\/ 16,7 millones.\u00a0<\/p>\n<p>Estos proyectos, cuya ejecuci\u00f3n est\u00e1 a cargo de la Direcci\u00f3n Normal de Electrificaci\u00f3n Rural del Minem (DGER), llevar\u00e1n energ\u00eda el\u00e9ctrica a 1,975 viviendas de esa regi\u00f3n, una vez que ingresen en fase \u00a0de operaci\u00f3n.\u00a0<\/p>\n<p>El servicio el\u00e9ctrico influye sustancialmente en la mejora de la calidad de vida de las personas y permite que puedan desarrollar sus actividades productivas con mayor eficiencia, por esa raz\u00f3n el Minem seguir\u00e1 promoviendo proyectos de electrificaci\u00f3n rural, respetando los protocolos de bioseguridad para evitar la propagaci\u00f3n del COVID-19.\u00a0<\/p>\n<p>Entre los proyectos que se desarrollar\u00e1n este a\u00f1o se cuentan: Ampliaci\u00f3n del subsistema de distribuci\u00f3n primaria y secundaria 22,9\/0,380 &#8211; 0,220 kv de las localidades marginales de la ciudad de Crucero, distrito de Crucero &#8211; Carabaya \u2013 Puno, que beneficiar\u00e1 a m\u00e1s de 3,300 habitantes, con una inversi\u00f3n de m\u00e1s de S\/ 2,9 millones; y Peque\u00f1o sistema el\u00e9ctrico Calapuja II etapa, que llevar\u00e1 energ\u00eda \u00a0el\u00e9ctrica a 1,160 habitantes, y cuya inversi\u00f3n supera los S\/ 3,2 millones.\u00a0<\/p>\n<p>La lista contin\u00faa con el proyecto: Servicio el\u00e9ctrico rural Sandia IV etapa, que llevar\u00e1 energ\u00eda el\u00e9ctrica a m\u00e1s de 3,500 habitantes, con una inversi\u00f3n international que supera los S\/ 10,5 millones.\u00a0<\/p>\n<p>Cabe precisar que durante el 2020, Un complete de 58,961 personas que viven en zonas rurales accedieron al servicio el\u00e9ctrico, gracias a la culminaci\u00f3n de ocho proyectos de electrificaci\u00f3n impulsados por el Minem, con una inversi\u00f3n que borde\u00f3 los S\/ 99 millones. Este a\u00f1o la tarea sigue con el prop\u00f3sito de electrificar en un futuro pr\u00f3ximo al 100% del pa\u00eds.<\/p>\n<\/p><\/div>\n\n<p><em> &#8221; Fuentes www.bnamericas.com &#8221; <\/em><\/p>\n","protected":false},"excerpt":{"rendered":"<p>Comunicado\u00a0Minem El Ministerio de Energ\u00eda y Minas (Minem) inform\u00f3 que m\u00e1s de 8 mil personas que viven en zonas rurales de la regi\u00f3n Puno acceder\u00e1n al servicio el\u00e9ctrico en el transcurso de este 2021, debido a la ejecuci\u00f3n de 3 importantes proyectos de electrificaci\u00f3n rural que esta cartera impulsa con una inversi\u00f3n international que supera [&hellip;]<\/p>\n","protected":false},"author":4,"featured_media":0,"comment_status":"open","ping_status":"closed","sticky":false,"template":"","format":"standard","meta":{"om_disable_all_campaigns":false,"jnews-multi-image_gallery":[],"jnews_single_post":[],"jnews_primary_category":[],"jnews_social_meta":[],"footnotes":""},"categories":[41],"tags":[],"class_list":["post-86973","post","type-post","status-publish","format-standard","hentry","category-cruceros"],"_links":{"self":[{"href":"https:\/\/dimensionturistica.com\/es\/wp-json\/wp\/v2\/posts\/86973","targetHints":{"allow":["GET"]}}],"collection":[{"href":"https:\/\/dimensionturistica.com\/es\/wp-json\/wp\/v2\/posts"}],"about":[{"href":"https:\/\/dimensionturistica.com\/es\/wp-json\/wp\/v2\/types\/post"}],"author":[{"embeddable":true,"href":"https:\/\/dimensionturistica.com\/es\/wp-json\/wp\/v2\/users\/4"}],"replies":[{"embeddable":true,"href":"https:\/\/dimensionturistica.com\/es\/wp-json\/wp\/v2\/comments?post=86973"}],"version-history":[{"count":0,"href":"https:\/\/dimensionturistica.com\/es\/wp-json\/wp\/v2\/posts\/86973\/revisions"}],"wp:attachment":[{"href":"https:\/\/dimensionturistica.com\/es\/wp-json\/wp\/v2\/media?parent=86973"}],"wp:term":[{"taxonomy":"category","embeddable":true,"href":"https:\/\/dimensionturistica.com\/es\/wp-json\/wp\/v2\/categories?post=86973"},{"taxonomy":"post_tag","embeddable":true,"href":"https:\/\/dimensionturistica.com\/es\/wp-json\/wp\/v2\/tags?post=86973"}],"curies":[{"name":"wp","href":"https:\/\/api.w.org\/{rel}","templated":true}]}}