{"id":86932,"date":"2021-02-25T19:05:18","date_gmt":"2021-02-25T19:05:18","guid":{"rendered":"https:\/\/dimensionturistica.com\/es\/?p=86932"},"modified":"2021-02-25T19:05:18","modified_gmt":"2021-02-25T19:05:18","slug":"nuevas-imagenes-del-jeep-gladiator-para-europa","status":"publish","type":"post","link":"https:\/\/dimensionturistica.com\/es\/nuevas-imagenes-del-jeep-gladiator-para-europa\/","title":{"rendered":"Nuevas im\u00e1genes del Jeep Gladiator para Europa"},"content":{"rendered":"<p> <br \/>\n<\/p>\n<div>\n<p><strong>En las pr\u00f3ximas semanas comenzar\u00e1 la comercializaci\u00f3n en Europa del nuevo <a rel=\"nofollow noopener\" target=\"_blank\" title=\"Jeep\" href=\"https:\/\/www.autonocion.com\/coches-nuevos\/jeep\/\">Jeep<\/a> Gladiator<\/strong>, un interesante choose up de gran tama\u00f1o que combina la est\u00e9tica atractiva del Wrangler Limitless con las ventajas t\u00edpicas de este tipo de veh\u00edculos aunque eso s\u00ed, resulta un tanto grande para los gustos europeos.<\/p>\n<p>El Jeep Gladiator aterrizar\u00e1 en primavera asociado a un solvente <strong>motor di\u00e9sel con tres litros y seis cilindros que desarrolla 264 CV<\/strong> de potencia en combinaci\u00f3n con una caja de cambios autom\u00e1tica con ocho velocidades y al sistema de tracci\u00f3n complete a las cuatro ruedas Choose-Trac con reductora.<\/p>\n<p><a rel=\"nofollow noopener\" target=\"_blank\" href=\"https:\/\/www.autonocion.com\/galerias\/jeep-gladiator-eu-spec\/jeep-gladiator-europ15\/\"><img decoding=\"async\" class=\"alignnone size-full wp-image-506100\" src=\"data:image\/svg+xml,%3Csvg%20xmlns=\" http:=\"\" alt=\"\" width=\"1500\" height=\"1000\" data-lazy- data-lazy- data-lazy-src=\"https:\/\/dimensionturistica.com\/es\/wp-content\/uploads\/2021\/02\/Nuevas-imagenes-del-Jeep-Gladiator-para-Europa.jpg\"\/><noscript><img decoding=\"async\" class=\"alignnone size-full wp-image-506100\" src=\"https:\/\/dimensionturistica.com\/es\/wp-content\/uploads\/2021\/02\/Nuevas-imagenes-del-Jeep-Gladiator-para-Europa.jpg\" alt=\"\" width=\"1500\" height=\"1000\"  \/><\/noscript><\/a><\/p>\n<p><strong>Para otras regiones el Gladiator tambi\u00e9n contar\u00e1 con un propulsor en gasolina 3.6 V6 con 285 CV<\/strong> de potencia con la misma transmisi\u00f3n autom\u00e1tica. Lo mejor de este modelo es sin duda su capacidad off-road aunque l\u00f3gicamente no alcanzar\u00e1 la agilidad de los Wrangler m\u00e1s peque\u00f1os.<\/p>\n<p>Seg\u00fan versiones el Gladiator podr\u00e1 tener mucho equipamiento. A destacar los <strong>faros Full LED, tapizado en piel, techo desmontable, asientos el\u00e9ctricos y calefactables<\/strong>, sistema de navegaci\u00f3n con pantalla t\u00e1ctil, alerta de cambio de carril, llantas de aleaci\u00f3n, Apple CarPlay, Android Auto, c\u00e1mara posterior, management de crucero adaptativo, and many others.<\/p>\n<p><a rel=\"nofollow noopener\" target=\"_blank\" href=\"https:\/\/www.autonocion.com\/galerias\/jeep-gladiator-eu-spec\/jeep-gladiator-europ40\/\"><img decoding=\"async\" class=\"alignnone size-full wp-image-506125\" src=\"data:image\/svg+xml,%3Csvg%20xmlns=\" http:=\"\" alt=\"\" width=\"1500\" height=\"863\" data-lazy- data-lazy- data-lazy-src=\"https:\/\/dimensionturistica.com\/es\/wp-content\/uploads\/2021\/02\/1614279917_953_Nuevas-imagenes-del-Jeep-Gladiator-para-Europa.jpg\"\/><noscript><img decoding=\"async\" class=\"alignnone size-full wp-image-506125\" src=\"https:\/\/dimensionturistica.com\/es\/wp-content\/uploads\/2021\/02\/1614279917_953_Nuevas-imagenes-del-Jeep-Gladiator-para-Europa.jpg\" alt=\"\" width=\"1500\" height=\"863\"  \/><\/noscript><\/a><\/p>\n<p>Para que puedas conocerlo m\u00e1s en profundidad te dejamos una extensa galer\u00eda de im\u00e1genes de los dos niveles de terminaci\u00f3n m\u00e1s importantes que llegan en las pr\u00f3ximas semanas, <strong>la edici\u00f3n \u00abeightieth Anniversary\u00bb y el Rubicon<\/strong>. Adem\u00e1s de estos dos niveles habr\u00e1 uno denominado Launch Version espec\u00edfico para los primeros clientes.<\/p>\n<\/div>\n\n<p><em> &#8221; Fuentes www.autonocion.com &#8221; <\/em><\/p>\n","protected":false},"excerpt":{"rendered":"<p>En las pr\u00f3ximas semanas comenzar\u00e1 la comercializaci\u00f3n en Europa del nuevo Jeep Gladiator, un interesante choose up de gran tama\u00f1o que combina la est\u00e9tica atractiva del Wrangler Limitless con las ventajas t\u00edpicas de este tipo de veh\u00edculos aunque eso s\u00ed, resulta un tanto grande para los gustos europeos. El Jeep Gladiator aterrizar\u00e1 en primavera asociado [&hellip;]<\/p>\n","protected":false},"author":4,"featured_media":86933,"comment_status":"open","ping_status":"closed","sticky":false,"template":"","format":"standard","meta":{"om_disable_all_campaigns":false,"jnews-multi-image_gallery":[],"jnews_single_post":[],"jnews_primary_category":[],"jnews_social_meta":[],"footnotes":""},"categories":[41],"tags":[],"class_list":["post-86932","post","type-post","status-publish","format-standard","has-post-thumbnail","hentry","category-cruceros"],"_links":{"self":[{"href":"https:\/\/dimensionturistica.com\/es\/wp-json\/wp\/v2\/posts\/86932","targetHints":{"allow":["GET"]}}],"collection":[{"href":"https:\/\/dimensionturistica.com\/es\/wp-json\/wp\/v2\/posts"}],"about":[{"href":"https:\/\/dimensionturistica.com\/es\/wp-json\/wp\/v2\/types\/post"}],"author":[{"embeddable":true,"href":"https:\/\/dimensionturistica.com\/es\/wp-json\/wp\/v2\/users\/4"}],"replies":[{"embeddable":true,"href":"https:\/\/dimensionturistica.com\/es\/wp-json\/wp\/v2\/comments?post=86932"}],"version-history":[{"count":0,"href":"https:\/\/dimensionturistica.com\/es\/wp-json\/wp\/v2\/posts\/86932\/revisions"}],"wp:featuredmedia":[{"embeddable":true,"href":"https:\/\/dimensionturistica.com\/es\/wp-json\/wp\/v2\/media\/86933"}],"wp:attachment":[{"href":"https:\/\/dimensionturistica.com\/es\/wp-json\/wp\/v2\/media?parent=86932"}],"wp:term":[{"taxonomy":"category","embeddable":true,"href":"https:\/\/dimensionturistica.com\/es\/wp-json\/wp\/v2\/categories?post=86932"},{"taxonomy":"post_tag","embeddable":true,"href":"https:\/\/dimensionturistica.com\/es\/wp-json\/wp\/v2\/tags?post=86932"}],"curies":[{"name":"wp","href":"https:\/\/api.w.org\/{rel}","templated":true}]}}