{"id":86911,"date":"2021-02-25T18:31:42","date_gmt":"2021-02-25T18:31:42","guid":{"rendered":"https:\/\/dimensionturistica.com\/es\/?p=86911"},"modified":"2021-02-25T18:31:42","modified_gmt":"2021-02-25T18:31:42","slug":"skoda-fabia-2021-informacion-oficial-y-fotos-camufladas","status":"publish","type":"post","link":"https:\/\/dimensionturistica.com\/es\/skoda-fabia-2021-informacion-oficial-y-fotos-camufladas\/","title":{"rendered":"Skoda Fabia 2021: informaci\u00f3n oficial y fotos camufladas"},"content":{"rendered":"<p> <br \/>\n<\/p>\n<div>\n<p data-p-index=\"1\">La cuarta generaci\u00f3n del <a rel=\"nofollow noopener\" target=\"_blank\" href=\"https:\/\/www.diariomotor.com\/coche\/skoda-fabia\/\">Skoda Fabia<\/a> est\u00e1 a punto de ser presentada, y Skoda ha decidido revelar pr\u00e1cticamente toda su informaci\u00f3n oficial, a falta eso s\u00ed, de las im\u00e1genes oficiales. En verdad, las &#8220;fotos esp\u00eda&#8221; de este art\u00edculo son <strong>fotos oficiales de Skoda, tomadas a modelos de preproducci\u00f3n camuflados<\/strong>. En cualquier caso, ya sabemos pr\u00e1cticamente todo lo que debemos saber sobre el utilitario checo. Lo m\u00e1s llamativo, en nuestra opini\u00f3n, es que <strong>crece nada menos que 11 cent\u00edmetros<\/strong> con respecto a su tercera generaci\u00f3n. <\/p>\n<p data-p-index=\"2\">Su tama\u00f1o exterior de 4,11 metros hace que sea solo 4 cm m\u00e1s corto que un Volkswagen Golf de cuarta generaci\u00f3n, y lo convierte en uno de los coches m\u00e1s grandes del segmento B. De hecho, es varios cent\u00edmetros m\u00e1s largo que <a rel=\"nofollow noopener\" target=\"_blank\" href=\"https:\/\/www.diariomotor.com\/coche\/seat-ibiza\">SEAT Ibiza<\/a> y <a rel=\"nofollow noopener\" target=\"_blank\" href=\"https:\/\/www.diariomotor.com\/coche\/volkswagen-polo\">Volkswagen Polo<\/a>, coches con los que comparte su <strong>plataforma modular MQB-A0<\/strong>. Este crecimiento de sus dimensiones exteriores tiene como raz\u00f3n de ser una mayor amplitud a bordo &#8211; especialmente en las plazas traseras &#8211; y el que Skoda afirma ser\u00e1 <strong>el maletero m\u00e1s grande del segmento<\/strong>: el Skoda Fabia tendr\u00e1 <strong>380 litros<\/strong> de volumen m\u00e1ximo de carga, 50 litros m\u00e1s que el modelo saliente. <\/p>\n<p data-p-index=\"3\"><a rel=\"nofollow noopener\" target=\"_blank\" href=\"https:\/\/www.diariomotor.com\/?attachment_id=747693\"><span class=\"no-class css-13fxu0d e1k9pyy43\"><noscript><img decoding=\"async\" alt=\"Skoda Fabia 2021 Camuflado 26\" title=\"Skoda Fabia 2021 Camuflado 26\" class=\"frontity-lazy-image no-class css-dgjycb e1k9pyy42\" src=\"https:\/\/dimensionturistica.com\/es\/wp-content\/uploads\/2021\/02\/Skoda-Fabia-2021-informacion-oficial-y-fotos-camufladas.jpg\"\/><\/noscript><img decoding=\"async\" alt=\"Skoda Fabia 2021 Camuflado 26\" title=\"Skoda Fabia 2021 Camuflado 26\" src=\"https:\/\/dimensionturistica.com\/es\/wp-content\/uploads\/2021\/02\/Skoda-Fabia-2021-informacion-oficial-y-fotos-camufladas.jpg\" class=\"frontity-lazy-image no-class css-dgjycb e1k9pyy42\" style=\"visibility:hidden\"\/><\/span><\/a><\/p>\n<blockquote class=\"textoDestacado css-ri216z e1t5eg0f0\"><p>Por el momento Skoda no ha confirmado la llegada de una versi\u00f3n Combi del Fabia de cuarta generaci\u00f3n.<\/p><\/blockquote>\n<p data-p-index=\"6\">El Skoda Fabia de cuarta generaci\u00f3n es un coche conservador, a tenor de los \u00faltimos devenires del segmento. No es una revoluci\u00f3n tecnol\u00f3gica, y desde luego no es revolucionario a nivel t\u00e9cnico. Pero quiere convertirse en<strong> uno de los reyes de la relaci\u00f3n calidad-precio<\/strong>, y para hacerlo, cuenta con varios ases en la manga. El primero es una dotaci\u00f3n de equipamiento m\u00e1s que amplia: podr\u00e1 tener <strong>faros full-LED, instrumentaci\u00f3n digital<\/strong>, management de crucero adaptativo con centrado en el carril, nueve airbags o un sistema de infotainment conectado a web. <\/p>\n<p data-p-index=\"7\">El segundo as en la manga es una gama de motores de sobra probada. Consistir\u00e1 en dos <strong>1.0 MPI atmosf\u00e9ricos<\/strong> de 65 y 80 CV, un <strong>1.0 TSI<\/strong> de tres cilindros con 95 CV y 110 CV, y un <strong>1.5 TSI de 150 CV y cuatro cilindros<\/strong>. Si queremos un cambio DSG de siete relaciones, solo lo podremos tener con el 1.0 TSI m\u00e1s potente y el 1.5 TSI &#8211; este \u00faltimo ser\u00e1 el \u00fanico que no podremos asociar a un cambio guide. Aunque estos motores cumplen con la normativa Euro 6D, llevan filtro de part\u00edculas y tienen el apellido &#8220;Evo&#8221;, <strong>ninguno de ellos tiene hibridaci\u00f3n ligera<\/strong>. <\/p>\n<p data-p-index=\"8\"><a rel=\"nofollow noopener\" target=\"_blank\" href=\"https:\/\/www.diariomotor.com\/?attachment_id=747697\"><span class=\"no-class css-13fxu0d e1k9pyy43\"><noscript><img decoding=\"async\" alt=\"Skoda Fabia 2021 Camuflado 30\" title=\"Skoda Fabia 2021 Camuflado 30\" class=\"frontity-lazy-image no-class css-dgjycb e1k9pyy42\" src=\"https:\/\/dimensionturistica.com\/es\/wp-content\/uploads\/2021\/02\/1614277902_512_Skoda-Fabia-2021-informacion-oficial-y-fotos-camufladas.jpg\"\/><\/noscript><img decoding=\"async\" alt=\"Skoda Fabia 2021 Camuflado 30\" title=\"Skoda Fabia 2021 Camuflado 30\" src=\"https:\/\/dimensionturistica.com\/es\/wp-content\/uploads\/2021\/02\/1614277902_512_Skoda-Fabia-2021-informacion-oficial-y-fotos-camufladas.jpg\" class=\"frontity-lazy-image no-class css-dgjycb e1k9pyy42\" style=\"visibility:hidden\"\/><\/span><\/a><\/p>\n<blockquote class=\"textoDestacado css-ri216z e1t5eg0f0\"><p>Echamos de menos la hibridaci\u00f3n ligera de su gama de propulsores, que carecer\u00e1 de alternativas di\u00e9sel.<\/p><\/blockquote>\n<p data-p-index=\"9\">A futuro esto puede ser un problema, al menos hasta que se lance una previsible versi\u00f3n G-Tec alimentada por gasoline pure comprimido. La gama carece de versiones di\u00e9sel, pero s\u00ed puede presumir de una gran eficiencia, especialmente gracias a <strong>una aerodin\u00e1mica mejorada<\/strong>. El coeficiente aerodin\u00e1mico se scale back de 0,32 a 0,28 y contar\u00e1 con rejillas frontales activas, para reducir su consumo a alta velocidad. Pero sin duda, en lo que el Skoda Fabia deber\u00eda ser el rey es en practicidad. <strong>Merely Intelligent<\/strong> es el nombre de su verdadero as en la manga.<\/p>\n<p data-p-index=\"10\">Estas soluciones pr\u00e1cticas nos facilitar\u00e1n la vida a diario. Entre las novedades contamos con una toma USB-C en el retrovisor &#8211; ideada para alimentar una dash-cam, algo muy valioso en pa\u00edses del este &#8211; una caja plegable en el maletero, posavasos extra\u00edbles o un portabol\u00edgrafos delante de la palanca de cambios. En complete, <strong>contar\u00e1 con 43 soluciones Merely Intelligent<\/strong>. A falta de conocerlo a fondo, creemos que ser\u00e1 un producto de \u00e9xito <strong>si es competitivo en precio<\/strong>: coches como el <a rel=\"nofollow noopener\" target=\"_blank\" href=\"https:\/\/www.diariomotor.com\/coche\/dacia-sandero\">Dacia Sandero Stepway<\/a> o los incombustibles SEAT Ibiza no se lo pondr\u00e1n f\u00e1cil. <\/p>\n<p data-p-index=\"11\"><a rel=\"nofollow noopener\" target=\"_blank\" href=\"https:\/\/www.diariomotor.com\/?attachment_id=747698\"><span class=\"no-class css-13fxu0d e1k9pyy43\"><noscript><img decoding=\"async\" alt=\"Skoda Fabia 2021 Camuflado 31\" title=\"Skoda Fabia 2021 Camuflado 31\" class=\"frontity-lazy-image no-class css-dgjycb e1k9pyy42\" src=\"https:\/\/dimensionturistica.com\/es\/wp-content\/uploads\/2021\/02\/1614277902_960_Skoda-Fabia-2021-informacion-oficial-y-fotos-camufladas.jpg\"\/><\/noscript><img decoding=\"async\" alt=\"Skoda Fabia 2021 Camuflado 31\" title=\"Skoda Fabia 2021 Camuflado 31\" src=\"https:\/\/dimensionturistica.com\/es\/wp-content\/uploads\/2021\/02\/1614277902_960_Skoda-Fabia-2021-informacion-oficial-y-fotos-camufladas.jpg\" class=\"frontity-lazy-image no-class css-dgjycb e1k9pyy42\" style=\"visibility:hidden\"\/><\/span><\/a><\/p>\n<blockquote class=\"textoDestacado css-ri216z e1t5eg0f0\"><p>Su presentaci\u00f3n mundial ser\u00e1 inminente. <\/p><\/blockquote>\n<\/div>\n\n<p><em> &#8221; Fuentes www.diariomotor.com &#8221; <\/em><\/p>\n","protected":false},"excerpt":{"rendered":"<p>La cuarta generaci\u00f3n del Skoda Fabia est\u00e1 a punto de ser presentada, y Skoda ha decidido revelar pr\u00e1cticamente toda su informaci\u00f3n oficial, a falta eso s\u00ed, de las im\u00e1genes oficiales. En verdad, las &#8220;fotos esp\u00eda&#8221; de este art\u00edculo son fotos oficiales de Skoda, tomadas a modelos de preproducci\u00f3n camuflados. En cualquier caso, ya sabemos pr\u00e1cticamente [&hellip;]<\/p>\n","protected":false},"author":4,"featured_media":86912,"comment_status":"open","ping_status":"closed","sticky":false,"template":"","format":"standard","meta":{"om_disable_all_campaigns":false,"jnews-multi-image_gallery":[],"jnews_single_post":[],"jnews_primary_category":[],"jnews_social_meta":[],"footnotes":""},"categories":[41],"tags":[],"class_list":["post-86911","post","type-post","status-publish","format-standard","has-post-thumbnail","hentry","category-cruceros"],"_links":{"self":[{"href":"https:\/\/dimensionturistica.com\/es\/wp-json\/wp\/v2\/posts\/86911","targetHints":{"allow":["GET"]}}],"collection":[{"href":"https:\/\/dimensionturistica.com\/es\/wp-json\/wp\/v2\/posts"}],"about":[{"href":"https:\/\/dimensionturistica.com\/es\/wp-json\/wp\/v2\/types\/post"}],"author":[{"embeddable":true,"href":"https:\/\/dimensionturistica.com\/es\/wp-json\/wp\/v2\/users\/4"}],"replies":[{"embeddable":true,"href":"https:\/\/dimensionturistica.com\/es\/wp-json\/wp\/v2\/comments?post=86911"}],"version-history":[{"count":0,"href":"https:\/\/dimensionturistica.com\/es\/wp-json\/wp\/v2\/posts\/86911\/revisions"}],"wp:featuredmedia":[{"embeddable":true,"href":"https:\/\/dimensionturistica.com\/es\/wp-json\/wp\/v2\/media\/86912"}],"wp:attachment":[{"href":"https:\/\/dimensionturistica.com\/es\/wp-json\/wp\/v2\/media?parent=86911"}],"wp:term":[{"taxonomy":"category","embeddable":true,"href":"https:\/\/dimensionturistica.com\/es\/wp-json\/wp\/v2\/categories?post=86911"},{"taxonomy":"post_tag","embeddable":true,"href":"https:\/\/dimensionturistica.com\/es\/wp-json\/wp\/v2\/tags?post=86911"}],"curies":[{"name":"wp","href":"https:\/\/api.w.org\/{rel}","templated":true}]}}