{"id":86784,"date":"2021-02-25T14:29:45","date_gmt":"2021-02-25T14:29:45","guid":{"rendered":"https:\/\/dimensionturistica.com\/es\/?p=86784"},"modified":"2021-02-25T14:29:45","modified_gmt":"2021-02-25T14:29:45","slug":"los-suv-que-ha-hecho-famosos-tiger-woods","status":"publish","type":"post","link":"https:\/\/dimensionturistica.com\/es\/los-suv-que-ha-hecho-famosos-tiger-woods\/","title":{"rendered":"los SUV que ha hecho famosos Tiger Woods"},"content":{"rendered":"<p> <br \/>\n<\/p>\n<div>\n<p>Son muchas las <a rel=\"nofollow noopener\" target=\"_blank\" href=\"https:\/\/es.motor1.com\/makes\/\">marcas de coches<\/a> que se asocian con personajes c\u00e9lebres o <a rel=\"nofollow noopener\" target=\"_blank\" href=\"https:\/\/es.motor1.com\/features\/183953\/cinco-marcas-coches-embajadoras\/\" data-inline-widget=\"internal-links\" data-type-id=\"0\" data-params=\"%7B%22article_edition_id%22%3A%22183953%22%2C%22section%22%3A%223%22%2C%22alias%22%3A%22cinco-marcas-coches-embajadoras%22%7D\">deportistas de \u00e9lite<\/a> para potenciar la imagen de sus productos, en un tipo de acci\u00f3n que suele ser muy positiva para ambas partes.<\/p>\n<p>Sin embargo, en ciertas ocasiones, el veh\u00edculo en cuesti\u00f3n acaba saltando a la fama, es cierto, pero no tanto por el buen hacer de su &#8216;embajador&#8217;, sino por sufrir alg\u00fan tipo de incidente con \u00e9l. Y dicho con todo el respeto del mundo, una estrella mundial del golf, como es Tiger Woods, es un aut\u00e9ntico maestro en este arte.<\/p>\n<p>A fin de cuentas, en los \u00faltimos a\u00f1os ha sufrido dos accidentes realmente medi\u00e1ticos, a los mandos de dos <a rel=\"nofollow noopener\" target=\"_blank\" href=\"https:\/\/es.motor1.com\/body-styles\/suv-todoterreno\/\" data-inline-widget=\"internal-links\" data-type-id=\"6\" data-params=\"%7B%22alias%22%3A%22suv-todoterreno%22%7D\">SUV<\/a> que no son demasiado populares en nuestro mercado (ya que no se venden), como son el <a rel=\"nofollow noopener\" target=\"_blank\" href=\"https:\/\/es.motor1.com\/news\/396862\/cadillac-escalade-suv-2020\/\" data-inline-widget=\"internal-links\" data-type-id=\"0\" data-params=\"%7B%22article_edition_id%22%3A%22396862%22%2C%22section%22%3A%221%22%2C%22alias%22%3A%22cadillac-escalade-suv-2020%22%7D\">Cadillac Escalade<\/a> o el <a rel=\"nofollow noopener\" target=\"_blank\" href=\"https:\/\/es.motor1.com\/news\/392922\/genesis-gv80-2020-suv-corea\/\" data-inline-widget=\"internal-links\" data-type-id=\"0\" data-params=\"%7B%22article_edition_id%22%3A%22392922%22%2C%22section%22%3A%221%22%2C%22alias%22%3A%22genesis-gv80-2020-suv-corea%22%7D\">Genesis GV80<\/a>, que ya est\u00e1n en boca de todos.<\/p>\n<div itemscope=\"\" itemtype=\"https:\/\/schema.org\/ImageGallery\" class=\"msnt-photo-thumb-gallery inline \">\n            <meta itemprop=\"name\" content=\"Genesis GV80 2020\"\/><br \/>\n                <meta itemprop=\"thumbnailUrl\" content=\"\"\/><\/p>\n<div class=\"msnt-photo-thumb-gallery-main-photo\">\n            <a rel=\"nofollow noopener\" target=\"_blank\" href=\"https:\/\/es.motor1.com\/photo\/4701443\/genesis-gv80-2020-suv\/\" class=\"msnt-photo-thumb-gallery-main-photo-box\">\n                <picture class=\"lazy\"><source type=\"image\/webp\" data- ><source type=\"image\/jpeg\" data- ><img decoding=\"async\" alt=\"Genesis GV80 2020\" src=\"https:\/\/dimensionturistica.com\/es\/wp-content\/uploads\/2021\/02\/los-SUV-que-ha-hecho-famosos-Tiger-Woods.jpg\" class=\"desaturate\"\/>                <\/source><\/source><\/picture>\n            <\/a><\/p>\n<p><span class=\"value\">14<\/span> <span class=\"label\">Fotos<\/span><\/p>\n<\/p><\/div>\n<\/div>\n<p>En el caso del modelo coreano, el incidente con el Genesis GV80 se produc\u00eda hace un par de d\u00edas y, por suerte, podr\u00edamos decir que el SUV de lujo le salv\u00f3 la vida a Tiger Woods, que acab\u00f3 con graves lesiones en las piernas, de las que todav\u00eda se est\u00e1 recuperando.<\/p>\n<p>Seg\u00fan parece,\u00a0Genesis se asoci\u00f3 recientemente con el PGA Tour de cara al torneo Genesis Invitational 2021, que tuvo lugar del 18 al 21 de febrero en el campo de golf Riviera, cerca de Los \u00c1ngeles.<\/p>\n<p>Woods fue el anfitri\u00f3n del evento, y se cree que este GV80 en explicit lo emple\u00f3 como un veh\u00edculo de cortes\u00eda. De hecho, el logotipo de Genesis se ve claramente en la puerta del pasajero, con el del Genesis Invitational justo debajo de \u00e9l.<\/p>\n<section class=\"relatedContent-new\" contenteditable=\"false\" draggable=\"true\" data-widget=\"related-content\" data-widget-size=\"content\" data-params=\"%7B%22type_id%22%3A0%2C%22title_id%22%3A%22%22%2C%22items%22%3A%5B%7B%22article_edition_id%22%3A%22451435%22%2C%22title%22%3A%22Genesis%20GV70%202021%3A%20as%C3%AD%20es%20el%20segundo%20SUV%20de%20la%20marca%20de%20lujo%20de%20Hyundai%22%2C%22alias%22%3A%22genesis-gv70-2021-suv-premium%22%2C%22section%22%3A%221%22%2C%22is_video%22%3A%220%22%2C%22images%22%3A%7B%22s5%22%3A%22https%3A%2F%2Fcdn.motor1.com%2Fimages%2Fmgl%2FWOXNL%2Fs5%2Fgv70thumb.jpg%22%7D%7D%2C%7B%22article_edition_id%22%3A%22406798%22%2C%22title%22%3A%22Genesis%20G80%202020%3A%20una%20interesante%20berlina%20que%20no%20veremos%20en%20Europa%22%2C%22alias%22%3A%22genesis-g80-2020-desvelado%22%2C%22section%22%3A%221%22%2C%22is_video%22%3A%220%22%2C%22images%22%3A%7B%22s5%22%3A%22https%3A%2F%2Fcdn.motor1.com%2Fimages%2Fmgl%2FLBl63%2Fs5%2F2021-genesis-g80.jpg%22%7D%7D%2C%7B%22article_edition_id%22%3A%22402524%22%2C%22title%22%3A%22Genesis%20G80%202020%2C%20la%20nueva%20berlina%20de%20la%20marca%20de%20lujo%20de%20Hyundai%22%2C%22alias%22%3A%22genesis-g80-2020-berlina%22%2C%22section%22%3A%221%22%2C%22is_video%22%3A%220%22%2C%22images%22%3A%7B%22s5%22%3A%22https%3A%2F%2Fcdn.motor1.com%2Fimages%2Fmgl%2FP1ZeA%2Fs5%2F2021-genesis-g80-sedan.jpg%22%7D%7D%2C%7B%22article_edition_id%22%3A%22392922%22%2C%22title%22%3A%22Genesis%20GV80%202020%3A%20el%20lujoso%20SUV%20de%20Hyundai%2C%20de%20momento%20solo%20para%20Corea%22%2C%22alias%22%3A%22genesis-gv80-2020-suv-corea%22%2C%22section%22%3A%221%22%2C%22is_video%22%3A%220%22%2C%22images%22%3A%7B%22s5%22%3A%22https%3A%2F%2Fcdn.motor1.com%2Fimages%2Fmgl%2FGMQQx%2Fs5%2F2020-genesis-gv80.jpg%22%7D%7D%5D%7D\">   <\/section>\n<p>El GV80, que se present\u00f3 hace poco m\u00e1s de un a\u00f1o, es el primer SUV de Genesis, la firma m\u00e1s lujosa de <a rel=\"nofollow noopener\" target=\"_blank\" href=\"https:\/\/es.motor1.com\/hyundai\/\" data-inline-widget=\"internal-links\" data-type-id=\"2\" data-params=\"%7B%22alias%22%3A%22hyundai%22%7D\">Hyundai Motor Group<\/a>. Un modelo bastante lujoso y elegante, que se ofrece con un habit\u00e1culo para cinco o siete ocupantes.<\/p>\n<p>Del mismo modo, existen versiones con propulsi\u00f3n trasera y tracci\u00f3n whole, con una oferta de motores que contempla un nuevo bloque 3.0 litros turbodi\u00e9sel de seis cilindros, con 278 CV, y poderosas opciones turboalimentadas de gasolina.<\/p>\n<p>Entre los asistentes y sistemas de seguridad, destaca\u00a0una suspensi\u00f3n adaptativa, que incluye una c\u00e1mara para &#8216;leer&#8217; el terreno y anticiparse a las irregularidades del terreno.<\/p>\n<p>Aunque tambi\u00e9n incluye elementos como management de velocidad de crucero adaptativo, asistentes de conducci\u00f3n en autov\u00eda y de frenada de emergencia autom\u00e1tica, alerta de tr\u00e1fico cruzado trasero y sistemas de management de \u00e1ngulo muerto o de alerta por fatiga del conductor.<\/p>\n<section contenteditable=\"false\" draggable=\"true\" data-widget=\"image\" data-border=\"\" data-id=\"4701454\" data-title=\"\"><picture class=\"lazy\"><source  type=\"image\/webp\" data-\/><source  type=\"image\/webp\"\/><source  type=\"image\/jpeg\" media=\"(min-width: 1025px)\"\/><img decoding=\"async\" draggable=\"false\" alt=\"Genesis GV80 2020\"  src=\"https:\/\/dimensionturistica.com\/es\/wp-content\/uploads\/2021\/02\/1614263383_66_los-SUV-que-ha-hecho-famosos-Tiger-Woods.jpg\"\/> <\/picture><\/section>\n<p>Respecto al Escalade, se hizo viral en nuestro pa\u00eds por el extra\u00f1o accidente que el golfista sufri\u00f3 en 2009, a pocos metros de su casa y con su mujer siendo la primera en llegar a socorrerle.<\/p>\n<p>De hecho, en esa ocasi\u00f3n, todo qued\u00f3 envuelto en un halo de esperpento, debido a los m\u00faltiples esc\u00e1ndalos protagonizados por el golfista y la supuesta participaci\u00f3n en los hechos de su propia esposa, que parece que podr\u00eda haberle perseguido a la carrera, golpeando el coche con un palo de golf y aportando un indudable toque c\u00f3mico (y de pel\u00edcula) al asunto.<\/p>\n<section contenteditable=\"false\" draggable=\"true\" data-widget=\"video_mstv\"><img decoding=\"async\" class=\"sizer\" draggable=\"false\" src=\"data:image\/png;base64,iVBORw0KGgoAAAANSUhEUgAAABAAAAAJCAYAAAA7KqwyAAAAGXRFWHRTb2Z0d2FyZQBBZG9iZSBJbWFnZVJlYWR5ccllPAAAABpJREFUeNpi\/P\/\/PwMlgImBQjBqwLAwACDAAOVfAw9\/ZDvcAAAAAElFTkSuQmCC\" alt=\"\"\/> <\/p>\n<p><iframe width=\"1000\" height=\"400\" frameborder=\"0\" allowfullscreen=\"allowfullscreen\" data-embed=\"2y8StRGo\" referrerpolicy=\"unsafe-url\" data-src=\"https:\/\/motorsport.tv\/embed\/2y8StRGo?edition=m1%2Fes&amp;mstv_player_position=embed\" data-src-param=\"?edition=m1%2Fes&amp;mstv_player_position=embed\"><\/iframe><\/p>\n<\/section><\/div>\n\n<p><em> &#8221; Fuentes es.motor1.com &#8221; <\/em><\/p>\n","protected":false},"excerpt":{"rendered":"<p>Son muchas las marcas de coches que se asocian con personajes c\u00e9lebres o deportistas de \u00e9lite para potenciar la imagen de sus productos, en un tipo de acci\u00f3n que suele ser muy positiva para ambas partes. Sin embargo, en ciertas ocasiones, el veh\u00edculo en cuesti\u00f3n acaba saltando a la fama, es cierto, pero no tanto [&hellip;]<\/p>\n","protected":false},"author":4,"featured_media":86785,"comment_status":"open","ping_status":"closed","sticky":false,"template":"","format":"standard","meta":{"om_disable_all_campaigns":false,"jnews-multi-image_gallery":[],"jnews_single_post":[],"jnews_primary_category":[],"jnews_social_meta":[],"footnotes":""},"categories":[41],"tags":[],"class_list":["post-86784","post","type-post","status-publish","format-standard","has-post-thumbnail","hentry","category-cruceros"],"_links":{"self":[{"href":"https:\/\/dimensionturistica.com\/es\/wp-json\/wp\/v2\/posts\/86784","targetHints":{"allow":["GET"]}}],"collection":[{"href":"https:\/\/dimensionturistica.com\/es\/wp-json\/wp\/v2\/posts"}],"about":[{"href":"https:\/\/dimensionturistica.com\/es\/wp-json\/wp\/v2\/types\/post"}],"author":[{"embeddable":true,"href":"https:\/\/dimensionturistica.com\/es\/wp-json\/wp\/v2\/users\/4"}],"replies":[{"embeddable":true,"href":"https:\/\/dimensionturistica.com\/es\/wp-json\/wp\/v2\/comments?post=86784"}],"version-history":[{"count":0,"href":"https:\/\/dimensionturistica.com\/es\/wp-json\/wp\/v2\/posts\/86784\/revisions"}],"wp:featuredmedia":[{"embeddable":true,"href":"https:\/\/dimensionturistica.com\/es\/wp-json\/wp\/v2\/media\/86785"}],"wp:attachment":[{"href":"https:\/\/dimensionturistica.com\/es\/wp-json\/wp\/v2\/media?parent=86784"}],"wp:term":[{"taxonomy":"category","embeddable":true,"href":"https:\/\/dimensionturistica.com\/es\/wp-json\/wp\/v2\/categories?post=86784"},{"taxonomy":"post_tag","embeddable":true,"href":"https:\/\/dimensionturistica.com\/es\/wp-json\/wp\/v2\/tags?post=86784"}],"curies":[{"name":"wp","href":"https:\/\/api.w.org\/{rel}","templated":true}]}}