{"id":867135,"date":"2024-10-29T08:11:51","date_gmt":"2024-10-29T08:11:51","guid":{"rendered":"https:\/\/dimensionturistica.com\/es\/?p=867135"},"modified":"2024-10-29T08:11:51","modified_gmt":"2024-10-29T08:11:51","slug":"calaveras-del-circuito-politico-2024-periodismo-sin-fronteras","status":"publish","type":"post","link":"https:\/\/dimensionturistica.com\/es\/calaveras-del-circuito-politico-2024-periodismo-sin-fronteras\/","title":{"rendered":"Calaveras del Circuito Pol\u00edtico 2024 \u2013 Periodismo Sin Fronteras"},"content":{"rendered":"<p><strong>Caminos de Tradici\u00f3n y Futuro: El Legado de las Calaveras en M\u00e9xico<\/strong><\/p>\n<p>El paisaje cultural de M\u00e9xico est\u00e1 impregnado de ricas tradiciones que brillan intensamente en cada rinc\u00f3n del pa\u00eds. Una de las manifestaciones m\u00e1s emblem\u00e1ticas y vibrantes de esta riqueza es el culto a la muerte, expresado en el famoso &quot;D\u00eda de Muertos&quot;. Este carnaval de colores y simbolismo no solo honra a los que han partido, sino que tambi\u00e9n refleja las preocupaciones y aspiraciones del presente, todo a trav\u00e9s de un arte que, en este caso, podr\u00eda interpretarse como una met\u00e1fora de la vida misma.<\/p>\n<p>En este contexto, las calaveras han tomado una relevancia singular, especialmente en el \u00e1mbito pol\u00edtico. Cada ciclo electoral, los mexicanos encuentran en estas obras de arte un veh\u00edculo para expresar sus inquietudes y opiniones sobre los l\u00edderes y las propuestas que marcar\u00e1n el rumbo del pa\u00eds. Las calaveras no solo son representaciones de la muerte; son, en muchos casos, reflexiones sobre la vida pol\u00edtica de M\u00e9xico, cr\u00edticas mordaces, y satire a personajes p\u00fablicos que juegan un papel crucial en la construcci\u00f3n del destino nacional.<\/p>\n<p>El a\u00f1o 2024 marcar\u00e1 un nuevo cap\u00edtulo en la historia pol\u00edtica de M\u00e9xico, y con \u00e9l, la llegada de nuevas calaveras que dar\u00e1n voz a la ciudadan\u00eda. Estas piezas art\u00edsticas no se limitan al \u00e1mbito de lo festivo; se convierten en un espacio de resistencia cultural y expresiones irreverentes que capturan la esencia de un pueblo que cuestiona y se manifiesta. Los cruces entre lo cotidiano y lo pol\u00edtico se hacen evidentes en cada trazo y en cada color, generando un di\u00e1logo que trasciende generaciones.<\/p>\n<p>Las calaveras pol\u00edticas son un fen\u00f3meno fascinante que trasciende la mera representaci\u00f3n. Utilizan la iron\u00eda y el humor como herramientas para se\u00f1alar realidades inc\u00f3modas, permitiendo que la ciudadan\u00eda reflexione sobre la conducta de sus l\u00edderes. En este juego de s\u00edmbolos, se entrelazan los intereses personales y sociales, dando lugar a un escenario donde el arte se convierte en el mejor aliado de la cr\u00edtica pol\u00edtica.<\/p>\n<p>Por otro lado, en estas calaveras tambi\u00e9n se nutren elementos de la cultura popular, creando un espacio donde la tradici\u00f3n se encuentra con la modernidad. Este di\u00e1logo contin\u00faa atrayendo la atenci\u00f3n de turistas nacionales e internacionales, quienes se sienten intrigados por el colorido y significado detr\u00e1s de estas creaciones. Los visitantes a menudo se aventuran en talleres donde pueden aprender a crear sus propias calaveras, inmersos en la cultura y la historia que rodean esta pr\u00e1ctica.<\/p>\n<p>El 2024 se presenta como un a\u00f1o cargado de emociones y expectativas, donde la tradici\u00f3n de las calaveras se muestra como una herramienta vital para entender el pulso de la sociedad mexicana. Mientras los grupos electorales se preparan para rugir, las calaveras comenzar\u00e1n a tomar forma, convirti\u00e9ndose en testigos y comentaristas de este gran evento.<\/p>\n<p>En conclusi\u00f3n, las calaveras pol\u00edticas de M\u00e9xico nos ense\u00f1an que la muerte no es el fin, sino una v\u00eda de expresi\u00f3n y resistencia. A medida que nos acercamos al pr\u00f3ximo ciclo electoral, el arte de las calaveras nos recuerda que cada l\u00ednea y cada color puede contar historias profundas sobre nuestro pasado, presente y, sobre todo, el futuro que deseamos construir. En este viaje, el turismo cultural se transforma en una experiencia enriquecedora, donde no solo se celebra la vida, sino tambi\u00e9n el inquebrantable esp\u00edritu de un pa\u00eds en constante b\u00fasqueda de su identidad.<\/p>\n<p><em> &#8221; Sources sinfronteras.mx &#8221; <\/em><\/p>\n<p><em> &#8221; Fuentes sinfronteras.mx &#8221; <\/em><\/p>\n","protected":false},"excerpt":{"rendered":"<p>Caminos de Tradici\u00f3n y Futuro: El Legado de las Calaveras en M\u00e9xico El paisaje cultural de M\u00e9xico est\u00e1 impregnado de ricas tradiciones que brillan intensamente en cada rinc\u00f3n del pa\u00eds. Una de las manifestaciones m\u00e1s emblem\u00e1ticas y vibrantes de esta riqueza es el culto a la muerte, expresado en el famoso &quot;D\u00eda de Muertos&quot;. Este [&hellip;]<\/p>\n","protected":false},"author":4,"featured_media":0,"comment_status":"open","ping_status":"closed","sticky":false,"template":"","format":"standard","meta":{"om_disable_all_campaigns":false,"jnews-multi-image_gallery":[],"jnews_single_post":[],"jnews_primary_category":[],"jnews_social_meta":[],"footnotes":""},"categories":[41],"tags":[6495,98654,1550,603,98671,191749,1551,98670,34878,85958,156741,98658,662,703,98666,49339,751,625,6105,24557,17321,98667,698,98668,9877,8737,769,7913,2146,879,705,7370,98653,98650,98675,98674,98652,98664,43477,98642,98647,98649,98648,98645,98646,98643,98644,98676,98659,1728,98665,98680,1526,98669,2259,10408,1326,7270,98672,30775,98657,98663,98662,98673,722,20681,2222,544,98677,98678,98651,6198,14912,6587,98681,98661,98660,98656,98655,98679,16711],"class_list":["post-867135","post","type-post","status-publish","format-standard","hentry","category-cruceros","tag-6495","tag-al-calor","tag-alcalorpolitico","tag-ayuntamiento","tag-caev","tag-calaveras","tag-calor","tag-cmas","tag-coatepec","tag-cronica-del-poder","tag-crucero-politico","tag-cuitlahuac","tag-cultura","tag-diario","tag-el-estatal","tag-emiliano-zapata","tag-empleo","tag-estatal","tag-festividades","tag-foto","tag-gobernantes","tag-gobernantes-com","tag-gobierno","tag-gobierno-de-veracruz","tag-jornada","tag-ley","tag-mexico","tag-municipal","tag-municipio","tag-noticia","tag-noticias","tag-noticias-al-dia","tag-noticias-buzon-xalapa","tag-noticias-cmas-xalapa","tag-noticias-coatepec","tag-noticias-cordoba","tag-noticias-de-cultura-xalapa","tag-noticias-sin-fronteras","tag-noticias-veracruz","tag-noticias-xalapa","tag-noticias-xalapa-al-calor-politico","tag-noticias-xalapa-animas","tag-noticias-xalapa-coatepec","tag-noticias-xalapa-hoy","tag-noticias-xalapa-policiaca","tag-noticias-xalapa-ver","tag-noticias-xalapa-veracruz","tag-noticias-xico","tag-notiver","tag-periodismo","tag-periodismo-sin-limites","tag-plaza-americas-xalapa","tag-poder","tag-policiaca-xalapa","tag-politico","tag-reforma","tag-sectur","tag-sedesol","tag-sefiplan","tag-semanario","tag-sev","tag-sin-front","tag-sin-fronteras","tag-sin-fronteras-mx","tag-sucesos","tag-tianguis","tag-tradicion","tag-turismo","tag-turismo-de-reuniones-veracruz","tag-turismo-xalapa","tag-ultimas-noticias-xalapa-balacera","tag-veracruz","tag-versiones","tag-xalapa","tag-xalapa-2000","tag-xalapa-al-momento","tag-xalapa-caxa","tag-xalapa-clima","tag-xalapa-living","tag-xalapa-turismo","tag-xico"],"_links":{"self":[{"href":"https:\/\/dimensionturistica.com\/es\/wp-json\/wp\/v2\/posts\/867135","targetHints":{"allow":["GET"]}}],"collection":[{"href":"https:\/\/dimensionturistica.com\/es\/wp-json\/wp\/v2\/posts"}],"about":[{"href":"https:\/\/dimensionturistica.com\/es\/wp-json\/wp\/v2\/types\/post"}],"author":[{"embeddable":true,"href":"https:\/\/dimensionturistica.com\/es\/wp-json\/wp\/v2\/users\/4"}],"replies":[{"embeddable":true,"href":"https:\/\/dimensionturistica.com\/es\/wp-json\/wp\/v2\/comments?post=867135"}],"version-history":[{"count":0,"href":"https:\/\/dimensionturistica.com\/es\/wp-json\/wp\/v2\/posts\/867135\/revisions"}],"wp:attachment":[{"href":"https:\/\/dimensionturistica.com\/es\/wp-json\/wp\/v2\/media?parent=867135"}],"wp:term":[{"taxonomy":"category","embeddable":true,"href":"https:\/\/dimensionturistica.com\/es\/wp-json\/wp\/v2\/categories?post=867135"},{"taxonomy":"post_tag","embeddable":true,"href":"https:\/\/dimensionturistica.com\/es\/wp-json\/wp\/v2\/tags?post=867135"}],"curies":[{"name":"wp","href":"https:\/\/api.w.org\/{rel}","templated":true}]}}