{"id":86688,"date":"2021-02-25T12:23:44","date_gmt":"2021-02-25T12:23:44","guid":{"rendered":"https:\/\/dimensionturistica.com\/es\/?p=86688"},"modified":"2021-02-25T12:23:44","modified_gmt":"2021-02-25T12:23:44","slug":"este-viaje-de-otono-a-portugal-y-espana-es-el-post-bloqueo-que-anhelamos","status":"publish","type":"post","link":"https:\/\/dimensionturistica.com\/es\/este-viaje-de-otono-a-portugal-y-espana-es-el-post-bloqueo-que-anhelamos\/","title":{"rendered":"Este viaje de oto\u00f1o a Portugal y Espa\u00f1a es el post-bloqueo que anhelamos"},"content":{"rendered":"<p> <br \/>\n<\/p>\n<div>\n<figure class=\"caas-figure\">\n<p><figcaption class=\"caption-collapse\" style=\"max-width:960px;\">Cr\u00e9dito de la imagen: Shutterstock<\/figcaption><\/p>\n<\/figure>\n<p><a rel=\"nofollow noopener\" target=\"_blank\" href=\"http:\/\/www.prima.co.uk\/travel\/a35476788\/portugal-spain-cruise-tradewind\/\" data-ylk=\"slk:From Prima\" class=\"link rapid-noclick-resp\">De Prima<\/a><\/p>\n<p>Ahora que el gobierno nos ha dado buenas noticias de que los viajes internacionales pueden ser posibles <a rel=\"nofollow noopener\" target=\"_blank\" href=\"https:\/\/assets.publishing.service.gov.uk\/government\/uploads\/system\/uploads\/attachment_data\/file\/963491\/COVID-19_Response_-_Spring_2021.pdf\" data-ylk=\"slk:start as early as 17th May\" class=\"link rapid-noclick-resp\">Comenzar a principios del 17 de mayo<\/a>Podemos volver a emocionarnos con las vacaciones.<\/p>\n<p>Con el verano <a rel=\"nofollow noopener\" target=\"_blank\" href=\"https:\/\/www.prima.co.uk\/travel\/g34497870\/seaside-hotels\/\" data-ylk=\"slk:staycations\" class=\"link rapid-noclick-resp\">Staycation<\/a> Venta r\u00e1pida, nos fijamos en fugarnos al last de la temporada y estamos deseando que llegue septiembre, cuando podamos volver a Europa para ar<a rel=\"nofollow noopener\" target=\"_blank\" href=\"https:\/\/www.primaholidays.co.uk\/tours\/lisbon-balearics-tradewind-cruise\" data-ylk=\"slk:elaxing cruise from Portugal to Spain\" class=\"link rapid-noclick-resp\">Crucero de Portugal a Espa\u00f1a<\/a>.<\/p>\n<p>Este a\u00f1o, un emocionante crucero navega por los mares: la goleta cuadrada m\u00e1s grande del mundo, Golden Horizon de Tradewind Voyages, y Prima celebra las vacaciones que se reanudan despu\u00e9s del cierre al tener la oportunidad de experimentarlo por s\u00ed mismo, a trav\u00e9s de nuestro viaje exclusivo a Europa del sur.<\/p>\n<p><a rel=\"nofollow noopener\" target=\"_blank\" class=\"link rapid-noclick-resp\" href=\"https:\/\/www.primaholidays.co.uk\/tours\/lisbon-balearics-tradewind-cruise\" data-ylk=\"slk:FIND OUT MORE\">Saber m\u00e1s<\/a><\/p>\n<p>El crucero de ocho d\u00edas sale a principios de septiembre en algunas de las mejores ciudades e islas del continente: <a rel=\"nofollow noopener\" target=\"_blank\" href=\"https:\/\/www.primaholidays.co.uk\/tours\/lisbon-balearics-tradewind-cruise\" data-ylk=\"slk:from colourful Lisbon to the laidback Balearics\" class=\"link rapid-noclick-resp\">De la colorida Lisboa a las tranquilas Islas Baleares<\/a> Mientras viaja desde el Oc\u00e9ano Atl\u00e1ntico al Mar Mediterr\u00e1neo, det\u00e9ngase en Marruecos por un d\u00eda.<\/p>\n<p>Navega en <a rel=\"nofollow noopener\" target=\"_blank\" href=\"https:\/\/www.primaholidays.co.uk\/tours\/lisbon-balearics-tradewind-cruise\" data-ylk=\"slk:Golden Horizon\" class=\"link rapid-noclick-resp\">Horizonte dorado<\/a>, Vivir\u00e1 una vida de alto nivel con un fabuloso spa, sal\u00f3n de belleza, cinco elegantes bares, tres piscinas y caba\u00f1as bellamente dise\u00f1adas, todas con impresionantes vistas al mar.<\/p>\n<figure class=\"caas-figure\">\n<p><figcaption class=\"caption-collapse\" style=\"max-width:960px;\">Cr\u00e9dito de la imagen: Tradewind Voyages<\/figcaption><\/p>\n<\/figure>\n<p>Adem\u00e1s, su viaje est\u00e1 100% protegido, por lo que si las directivas gubernamentales cambian y eso significa que no puede viajar, puede elegir otro viaje de Tradewind Voyages o simplemente recuperar su dinero.<\/p>\n<p>El espacioso velero es ecol\u00f3gico, trabaja con un 70% de descuento en la naturaleza y no escatima en estilo.  Puede pasar las tardes bebiendo c\u00f3cteles y cantando canciones en el piano bar o tumb\u00e1ndose en la terraza.<\/p>\n<p><a rel=\"nofollow noopener\" target=\"_blank\" class=\"link rapid-noclick-resp\" href=\"https:\/\/www.primaholidays.co.uk\/tours\/lisbon-balearics-tradewind-cruise\" data-ylk=\"slk:SAIL WITH PRIMA\">Zarpe con PRIMA<\/a><\/p>\n<p>Cuando se trata de cenar, puede disfrutar de una deliciosa comida mediterr\u00e1nea en este magn\u00edfico comedor de dos pisos, \u00a1con vino y cerveza para el almuerzo y la cena tambi\u00e9n!<\/p>\n<figure class=\"caas-figure\">\n<p><figcaption class=\"caption-collapse\" style=\"max-width:960px;\">Cr\u00e9dito de la imagen: TOME MARCINA<\/figcaption><\/p>\n<\/figure>\n<p>Al navegar desde Lisboa, la hermosa capital de Portugal, su primera parada es C\u00e1diz en Espa\u00f1a, famosa por sus atractivas y ex\u00f3ticas tapas y jerez.  Aqu\u00ed, puede dirigirse a la cima de Torre Tavira para disfrutar de excelentes vistas de la ciudad. <\/p>\n<p>Desde all\u00ed, contin\u00faa hacia T\u00e1nger en Marruecos, con una parada en la vibrante ladera de Medina y visita las misteriosas Cuevas de H\u00e9rcules, antes de dirigirse a Almer\u00eda, una de las ciudades m\u00e1s bellas de Andaluc\u00eda, que cuenta con sus playas v\u00edrgenes y la Kasbah. , una zona morisca ornamentada.  Un fuerte que domina la ciudad.<\/p>\n<p><button class=\"link rapid-noclick-resp caas-button collapse-button\" aria-label=\"\" title=\"\" data-ylk=\"elm:readmore;slk:Story continues\">La historia contin\u00faa<\/button><\/p>\n<p>Finalmente, lo har\u00e9 <a rel=\"nofollow noopener\" target=\"_blank\" href=\"https:\/\/www.primaholidays.co.uk\/tours\/lisbon-balearics-tradewind-cruise\" data-ylk=\"slk:set sail for the paradise islands of the Balearics\" class=\"link rapid-noclick-resp\">Navega al para\u00edso de las Islas Baleares<\/a>, Para explorar Mah\u00f3n en la pintoresca Menorca y visitar la pintoresca Mallorca para explorar la capital, Palma.<\/p>\n<figure class=\"caas-figure\">\n<p><figcaption class=\"caption-collapse\" style=\"max-width:960px;\">Cr\u00e9dito de la imagen: Shutterstock<\/figcaption><\/p>\n<\/figure>\n<p>Hay muchas excursiones opcionales que tambi\u00e9n puedes probar en el camino, lo que hace que tu viaje sea a\u00fan m\u00e1s especial.<\/p>\n<p>A los amantes de la comida les encantar\u00e1 la oportunidad de realizar un taller de elaboraci\u00f3n de tapas en C\u00e1diz o realizar un delicioso recorrido por T\u00e1nger, que incluye compras de especias en la ciudad y la oportunidad de probar platos tradicionales marroqu\u00edes.<\/p>\n<p>O si te apetece algo un poco m\u00e1s en\u00e9rgico, puedes ver una actuaci\u00f3n de flamenco native en C\u00e1diz y aprender a tocar, estampar y bailar de la manera tradicional o trotar por Menorca a caballo.<\/p>\n<figure class=\"caas-figure\">\n<p><figcaption class=\"caption-collapse\" style=\"max-width:960px;\">Cr\u00e9dito de la imagen: Shutterstock<\/figcaption><\/p>\n<\/figure>\n<p>Estar\u00e1s despidi\u00e9ndote del Golden Horizon en Palma de Mallorca, atra\u00eddo por las playas de area blanca y los animados bares.  Es posible que desee extender su tiempo aqu\u00ed regal\u00e1ndose una estad\u00eda posterior al crucero en el resort de cuatro estrellas Bonsol, con sus jardines subtropicales que conducen directamente a la playa.<\/p>\n<p><strong>\u00bfTe gusta este sonido?  Los lectores de Prima pueden asegurarse una cabina con un dep\u00f3sito del 20% y disfrutar de un descuento de \u00a3 100 sobre el precio del folleto.<\/strong><\/p>\n<p><a rel=\"nofollow noopener\" target=\"_blank\" class=\"link rapid-noclick-resp\" href=\"https:\/\/www.primaholidays.co.uk\/tours\/lisbon-balearics-tradewind-cruise\" data-ylk=\"slk:FIND OUT MORE\">Saber m\u00e1s<\/a><\/p>\n<p><strong>Queremos ayudarte a ser una inspiraci\u00f3n.  Suscr\u00edbase para recibir las \u00faltimas historias de viajes y escuche las aventuras de escape protegidas financieramente y las aventuras de la lista de deseos<\/strong><\/p>\n<p><a rel=\"nofollow noopener\" target=\"_blank\" class=\"link rapid-noclick-resp\" href=\"https:\/\/hearst.emsecure.net\/optiext\/optiextension.dll?ID=iJB5XQ9hbysIihBPVSR1SDFHDwOevp5cB7mtotiL0TWlZ15eC%2BWQWXYp3HVN6xoPbvNGcYnocErOiJ\" data-ylk=\"slk:SIGN UP\">Participaci\u00f3n<\/a><\/p>\n<p><strong>Tambi\u00e9n te puede interesar<\/strong><\/p>\n<\/div>\n\n<p><em> &#8221; Fuentes www.chitchatpost.com &#8221; <\/em><\/p>\n","protected":false},"excerpt":{"rendered":"<p>Cr\u00e9dito de la imagen: Shutterstock De Prima Ahora que el gobierno nos ha dado buenas noticias de que los viajes internacionales pueden ser posibles Comenzar a principios del 17 de mayoPodemos volver a emocionarnos con las vacaciones. Con el verano Staycation Venta r\u00e1pida, nos fijamos en fugarnos al last de la temporada y estamos deseando [&hellip;]<\/p>\n","protected":false},"author":4,"featured_media":86689,"comment_status":"open","ping_status":"closed","sticky":false,"template":"","format":"standard","meta":{"om_disable_all_campaigns":false,"jnews-multi-image_gallery":[],"jnews_single_post":[],"jnews_primary_category":[],"jnews_social_meta":[],"footnotes":""},"categories":[41],"tags":[],"class_list":["post-86688","post","type-post","status-publish","format-standard","has-post-thumbnail","hentry","category-cruceros"],"_links":{"self":[{"href":"https:\/\/dimensionturistica.com\/es\/wp-json\/wp\/v2\/posts\/86688","targetHints":{"allow":["GET"]}}],"collection":[{"href":"https:\/\/dimensionturistica.com\/es\/wp-json\/wp\/v2\/posts"}],"about":[{"href":"https:\/\/dimensionturistica.com\/es\/wp-json\/wp\/v2\/types\/post"}],"author":[{"embeddable":true,"href":"https:\/\/dimensionturistica.com\/es\/wp-json\/wp\/v2\/users\/4"}],"replies":[{"embeddable":true,"href":"https:\/\/dimensionturistica.com\/es\/wp-json\/wp\/v2\/comments?post=86688"}],"version-history":[{"count":0,"href":"https:\/\/dimensionturistica.com\/es\/wp-json\/wp\/v2\/posts\/86688\/revisions"}],"wp:featuredmedia":[{"embeddable":true,"href":"https:\/\/dimensionturistica.com\/es\/wp-json\/wp\/v2\/media\/86689"}],"wp:attachment":[{"href":"https:\/\/dimensionturistica.com\/es\/wp-json\/wp\/v2\/media?parent=86688"}],"wp:term":[{"taxonomy":"category","embeddable":true,"href":"https:\/\/dimensionturistica.com\/es\/wp-json\/wp\/v2\/categories?post=86688"},{"taxonomy":"post_tag","embeddable":true,"href":"https:\/\/dimensionturistica.com\/es\/wp-json\/wp\/v2\/tags?post=86688"}],"curies":[{"name":"wp","href":"https:\/\/api.w.org\/{rel}","templated":true}]}}