{"id":86678,"date":"2021-02-25T11:51:30","date_gmt":"2021-02-25T11:51:30","guid":{"rendered":"https:\/\/dimensionturistica.com\/es\/?p=86678"},"modified":"2021-02-25T11:51:30","modified_gmt":"2021-02-25T11:51:30","slug":"los-ingresos-del-port-de-barcelona-caen-a-niveles-del-2004","status":"publish","type":"post","link":"https:\/\/dimensionturistica.com\/es\/los-ingresos-del-port-de-barcelona-caen-a-niveles-del-2004\/","title":{"rendered":"Los ingresos del Port de Barcelona caen a niveles del 2004"},"content":{"rendered":"<p> <br \/>\n<\/p>\n<div>\n<p data-gtm-element-container=\"modulo-texto-link\" class=\"paragraph\">Los ingresos del Port de Barcelona cayeron el a\u00f1o pasado a niveles del 2004 como consecuencia de los efectos de la pandemia de la covid. El a\u00f1o pasado las ventas fueron de 139 millones de euros frente a los 172 del a\u00f1o 2019.<\/p>\n<p data-gtm-element-container=\"modulo-texto-link\" class=\"paragraph\">El consorcio cerr\u00f3 con unos beneficios de 17 millones de euros, un 63 % menos que el a\u00f1o anterior. Seg\u00fan Conesa, la factura de la covid se elev\u00f3 a 34 millones.<\/p>\n<p data-gtm-element-container=\"modulo-texto-link\" class=\"paragraph\">En el negocio de contenedores se dio una bajada del 11% mientras en otros puertos como el de Valencia el tr\u00e1fico en esta actividad se mantuvo estable. La presidenta del Port de Barcelona, Merc\u00e8 Consesa, ha se\u00f1alado que esa diferencia se debe, entre otras razones, a que Valencia se beneficia del &#8220;efecto capitalidad&#8221; de Madrid para poder mantener mejor la actividad.<\/p>\n<p><span class=\"content-ad-module \"><\/p>\n<p><span class=\"content-ad visible-xs roba-container \"><span class=\"ad-unit roba\"><\/p>\n<p>                <\/span><\/span><span class=\"content-ad visible-md irr-container \"><span class=\"ad-unit irr\"><\/p>\n<p>                <\/span><\/span><span class=\"content-html\"><span class=\"intext-md hidden-xs hidden-md\"\/><\/span><\/span><\/p>\n<p data-gtm-element-container=\"modulo-texto-link\" class=\"paragraph\">De cara a este a\u00f1o, Conesa conf\u00eda en mejorar el negocio pero declin\u00f3 hacer previsiones. En la actividad de cruceros, la presidenta del Port ha declarado que ya ha comenzado a trabajar con las autoridades en los protocolos para recuperar los cruceros lo m\u00e1s r\u00e1pidamente posible. &#8220;Es prematuro decir que este a\u00f1o veremos alg\u00fan crucero&#8221;, ha manifestado esta ma\u00f1ana.<\/p>\n<p data-gtm-element-container=\"modulo-texto-link\" class=\"paragraph\">Durante la presentaci\u00f3n de los resultados anuales, Conesa ha detallado que el Port de Barcelona ha mostrado ya su inter\u00e9s para participar en alg\u00fan proyecto que opte a los fondos de recuperaci\u00f3n europeos Subsequent Era. En relaci\u00f3n con la disaster de Nissan en la Zona Franca, Conesa ha recordado que el Port ofrece sus instalaciones para contribuir al proceso de &#8220;reindustrializaci\u00f3n&#8221; una vez que la automovil\u00edstica ha decidido cerrar sus instalaciones en la Zona Franca de Barcelona.<\/p>\n<p><span class=\"content-ad-module \"><\/p>\n<p><span class=\"content-ad visible-xs irr-container \"><span class=\"ad-unit irr\"><\/p>\n<p>                <\/span><\/span><span class=\"content-html\"><span class=\"intext-xs hidden-xs hidden-md\"\/><\/span><\/span>\n<\/div>\n<p><script type=\"script\/gg\">\ngg.didomi.doWhenConsent(!window.didomiBypass, 'c:facebooka-frU9M5JY', function () {\n!function(f,b,e,v,n,t,s)\n{if(f.fbq)return;n=f.fbq=function(){n.callMethod?\nn.callMethod.apply(n,arguments):n.queue.push(arguments)};\nif(!f._fbq)f._fbq=n;n.push=n;n.loaded=!0;n.version='2.0';\nn.queue=[];t=b.createElement(e);t.async=!0;\nt.src=v;s=b.getElementsByTagName(e)[0];\ns.parentNode.insertBefore(t,s)}(window, document,'script',\n'https:\/\/connect.facebook.net\/en_US\/fbevents.js');\nfbq('init', '161843274362284');\nfbq('track', 'PageView');\n});\n<\/script><br \/>\n<br \/><\/p>\n<p><em> &#8221; Fuentes www.lavanguardia.com &#8221; <\/em><\/p>\n","protected":false},"excerpt":{"rendered":"<p>Los ingresos del Port de Barcelona cayeron el a\u00f1o pasado a niveles del 2004 como consecuencia de los efectos de la pandemia de la covid. El a\u00f1o pasado las ventas fueron de 139 millones de euros frente a los 172 del a\u00f1o 2019. El consorcio cerr\u00f3 con unos beneficios de 17 millones de euros, un [&hellip;]<\/p>\n","protected":false},"author":4,"featured_media":86679,"comment_status":"open","ping_status":"closed","sticky":false,"template":"","format":"standard","meta":{"om_disable_all_campaigns":false,"jnews-multi-image_gallery":[],"jnews_single_post":[],"jnews_primary_category":[],"jnews_social_meta":[],"footnotes":""},"categories":[41],"tags":[],"class_list":["post-86678","post","type-post","status-publish","format-standard","has-post-thumbnail","hentry","category-cruceros"],"_links":{"self":[{"href":"https:\/\/dimensionturistica.com\/es\/wp-json\/wp\/v2\/posts\/86678","targetHints":{"allow":["GET"]}}],"collection":[{"href":"https:\/\/dimensionturistica.com\/es\/wp-json\/wp\/v2\/posts"}],"about":[{"href":"https:\/\/dimensionturistica.com\/es\/wp-json\/wp\/v2\/types\/post"}],"author":[{"embeddable":true,"href":"https:\/\/dimensionturistica.com\/es\/wp-json\/wp\/v2\/users\/4"}],"replies":[{"embeddable":true,"href":"https:\/\/dimensionturistica.com\/es\/wp-json\/wp\/v2\/comments?post=86678"}],"version-history":[{"count":0,"href":"https:\/\/dimensionturistica.com\/es\/wp-json\/wp\/v2\/posts\/86678\/revisions"}],"wp:featuredmedia":[{"embeddable":true,"href":"https:\/\/dimensionturistica.com\/es\/wp-json\/wp\/v2\/media\/86679"}],"wp:attachment":[{"href":"https:\/\/dimensionturistica.com\/es\/wp-json\/wp\/v2\/media?parent=86678"}],"wp:term":[{"taxonomy":"category","embeddable":true,"href":"https:\/\/dimensionturistica.com\/es\/wp-json\/wp\/v2\/categories?post=86678"},{"taxonomy":"post_tag","embeddable":true,"href":"https:\/\/dimensionturistica.com\/es\/wp-json\/wp\/v2\/tags?post=86678"}],"curies":[{"name":"wp","href":"https:\/\/api.w.org\/{rel}","templated":true}]}}