{"id":86671,"date":"2021-02-25T11:35:02","date_gmt":"2021-02-25T11:35:02","guid":{"rendered":"https:\/\/dimensionturistica.com\/es\/?p=86671"},"modified":"2021-02-25T11:35:02","modified_gmt":"2021-02-25T11:35:02","slug":"cuarenta-minutos-para-vacunar-portugal-acelera-con-miedo-a-mas-atrasos","status":"publish","type":"post","link":"https:\/\/dimensionturistica.com\/es\/cuarenta-minutos-para-vacunar-portugal-acelera-con-miedo-a-mas-atrasos\/","title":{"rendered":"Cuarenta minutos para vacunar: Portugal acelera con miedo a m\u00e1s atrasos"},"content":{"rendered":"<p> <br \/>\n<\/p>\n<div id=\"\">\n<span class=\"show-for-sr\">Este contenido fue publicado el 25 febrero 2021 &#8211; 11:08<\/span><br \/>\n<time class=\"si-detail__date\" datetime=\"2021-02-25T11:08:22+01:00\"><br \/>\n<span aria-hidden=\"true\">25 febrero 2021 &#8211; 11:08<\/span><br \/>\n<\/time><\/p>\n<address class=\"si-detail__author\" data-uk-scrollspy=\"hidden: false; repeat: true; offset-top: -50\">\n<\/address>\n<p>Cynthia de Benito<\/p>\n<p>Oeiras (Portugal), 25 feb (EFE).- Hacer fila, recibir la dosis y esperar para ver si hay reacci\u00f3n al\u00e9rgica. En whole, un m\u00e1ximo de cuarenta minutos para ser vacunado contra el coronavirus en Portugal, donde se ha pisado el acelerador ante el temor de que nuevos atrasos de las farmac\u00e9uticas trunquen su fecha para acabar con la pandemia.<\/p>\n<p>Al igual que en el resto de pa\u00edses de la Uni\u00f3n Europea, las dosis se inyectan desde el 27 de diciembre en Portugal, que cuenta con un modesto stability dos meses: apenas un 3 % de la poblaci\u00f3n del pa\u00eds, de diez millones de habitantes, est\u00e1 ya inmunizada, es decir, tiene las dos dosis.<\/p>\n<p>Un porcentaje que se explica en gran medida por los atrasos de las farmac\u00e9uticas. Si el plan inicial period que los lusos recibieran en el primer trimestre 4,4 millones de dosis, recibir\u00e1n un m\u00e1ximo de 2,5 millones en ese periodo.<\/p>\n<p>No es el \u00fanico contratiempo. Varias pol\u00e9micas han rodeado la tarea, como la modificaci\u00f3n de los grupos prioritarios o la vacunaci\u00f3n irregular de personas no prioritarias.<\/p>\n<p>Esto \u00faltimo llev\u00f3 a la dimisi\u00f3n del responsable del plan de vacunaci\u00f3n, Francisco Ramos, sucedido este mismo mes por un militar, el vicealmirante Henrique Gouveia e Melo, que promete disciplina de calendario: 70 % de los portugueses inmunizados para remaining del verano, y &#8220;velocidad de crucero&#8221; en la vacunaci\u00f3n en esa estaci\u00f3n.<\/p>\n<p>El ritmo, que ya ha aumentado en la \u00faltima semana, se perfecciona en el municipio de Oeiras, a las afueras de Lisboa.<\/p>\n<p>VACUNACI\u00d3N EN CADENA<\/p>\n<p>El pabell\u00f3n deportivo Carlos Queiroz de Oeiras es un ejemplo de lo que el Gobierno portugu\u00e9s espera que sea la vacunaci\u00f3n veloz ya desde el segundo trimestre de este a\u00f1o, y para lo que ha pedido a los alcaldes que se preparen.<\/p>\n<p>&#8220;Reserven la energ\u00eda&#8221;, les pidi\u00f3 recientemente el primer ministro, Ant\u00f3nio Costa, cuando supo de nuevos atrasos en la entrega de dosis.<\/p>\n<p>Su petici\u00f3n cay\u00f3 en saco roto en el pabell\u00f3n, donde se inyectan unas 400 dosis diarias en un proceso de poco m\u00e1s de media hora desde el momento en que los pacientes se colocan en la fila, convocados en cortos intervalos de tiempo marcados con antelaci\u00f3n, lo que ayuda a que avance deprisa.<\/p>\n<p>&#8220;Desde que entran, hacen el registro, pasan a los gabinetes y esperan el necesario tiempo de recuperaci\u00f3n (para comprobar que no haya reacciones al\u00e9rgicas) pasan en total 40 minutos&#8221;, cuenta a EFE la enfermera Lurdes Costa e Silva, que con otra compa\u00f1era est\u00e1 cargo de la coordinaci\u00f3n del pabell\u00f3n.<\/p>\n<p>El amplio recinto deportivo, dispuesto por el ayuntamiento de Oeiras, se ha recubierto con una moqueta azul y se han levantado 12 gabinetes donde se inyectan las dosis, fundamentalmente de Pfizer, junto a otra amplia zona con sillas para esperar a que no haya reacci\u00f3n adversa.<\/p>\n<p>Si la hubiera, hay una m\u00e9dica en el recinto y un par de ambulancias en la puerta. Desde que el 10 de febrero comenzaron a vacunar, afirma Costa e Silva, no han sido necesarias.<\/p>\n<p>El ritmo es r\u00e1pido. Entra do\u00f1a Ana Paula, algo m\u00e1s de 80 a\u00f1os, y las enfermeras Vanessa y Carla le explican en el gabinete qu\u00e9 puede esperar, como molestias en el brazo, y le advierten que deber\u00e1 volver en tres semanas a por la segunda dosis.<\/p>\n<p>Sonr\u00ede Ana Paula, antes de decir que lo primero que har\u00e1 ser\u00e1 reunirse con la familia; 2020 ha sido un a\u00f1o muy duro para ella.<\/p>\n<p>&#8220;Todos vienen con muy buen \u00e1nimo, muy contentos&#8221;, asegura a Efe Vanessa, mientras otra compa\u00f1era desinfecta la silla en la que se ha sentado Ana Paula; enseguida entra Ant\u00f3nio Vieira Marques, de 79 a\u00f1os, acompa\u00f1ado de su hija Mafalda y deseoso de bromear con las enfermeras.<\/p>\n<p>Tras asegurar que tiene &#8220;veintitantos a\u00f1os&#8221;, recibe tambi\u00e9n su dosis, con planes similares a su antecesora: una gran reuni\u00f3n, con amigos o familia. Es el deseo com\u00fan de los vacunados en esta fase, mayores de 80 a\u00f1os o personas algo m\u00e1s j\u00f3venes con otras patolog\u00edas.<\/p>\n<p>VOLUNTARIOS Y BOLSAS DE REGALO<\/p>\n<p>Ant\u00f3nio y su hija pasan despu\u00e9s a la zona de espera, con un centenar de sillas dispuestas manteniendo la distancia de seguridad. Les orientan una veintena de voluntarios del ayuntamiento de Oeiras, que asisten a otra veintena de enfermeros que trabajan en los gabinetes o en vestuarios, donde se preparan las dosis a buen ritmo.<\/p>\n<p>&#8220;El ritmo ha aumentado porque han llegado algunas vacunas m\u00e1s&#8221;, admite Costa e Silva, que prev\u00e9 continuar inyectando dosis a 400 personas por d\u00eda durante marzo &#8220;si nada falla a nivel de Europa&#8221;.<\/p>\n<p>\u00bfY despu\u00e9s? &#8220;Despu\u00e9s vemos, todo depende del suministro de vacunas&#8221;, responde.<\/p>\n<p>Ha pasado media hora y Ant\u00f3nio y Mafalda est\u00e1n listos para irse, con un \u00faltimo detalle de los voluntarios: una bolsa en la que encuentran gel desinfectante, mascarilla y algunos folletos informativos sobre el coronavirus. Ya le queda menos para la gran reuni\u00f3n. EFE<\/p>\n<p>cdb\/mar\/jgb<\/p>\n<p>\u00a9 EFE 2021. Est\u00e1 expresamente prohibida la redistribuci\u00f3n y la redifusi\u00f3n de todo o parte de los contenidos de los servicios de Efe, sin previo y expreso consentimiento de la Agencia EFE S.A.<\/p>\n<\/p><\/div>\n\n<p><em> &#8221; Fuentes www.swissinfo.ch &#8221; <\/em><\/p>\n","protected":false},"excerpt":{"rendered":"<p>Este contenido fue publicado el 25 febrero 2021 &#8211; 11:08 25 febrero 2021 &#8211; 11:08 Cynthia de Benito Oeiras (Portugal), 25 feb (EFE).- Hacer fila, recibir la dosis y esperar para ver si hay reacci\u00f3n al\u00e9rgica. En whole, un m\u00e1ximo de cuarenta minutos para ser vacunado contra el coronavirus en Portugal, donde se ha pisado [&hellip;]<\/p>\n","protected":false},"author":4,"featured_media":0,"comment_status":"open","ping_status":"closed","sticky":false,"template":"","format":"standard","meta":{"om_disable_all_campaigns":false,"jnews-multi-image_gallery":[],"jnews_single_post":[],"jnews_primary_category":[],"jnews_social_meta":[],"footnotes":""},"categories":[41],"tags":[],"class_list":["post-86671","post","type-post","status-publish","format-standard","hentry","category-cruceros"],"_links":{"self":[{"href":"https:\/\/dimensionturistica.com\/es\/wp-json\/wp\/v2\/posts\/86671","targetHints":{"allow":["GET"]}}],"collection":[{"href":"https:\/\/dimensionturistica.com\/es\/wp-json\/wp\/v2\/posts"}],"about":[{"href":"https:\/\/dimensionturistica.com\/es\/wp-json\/wp\/v2\/types\/post"}],"author":[{"embeddable":true,"href":"https:\/\/dimensionturistica.com\/es\/wp-json\/wp\/v2\/users\/4"}],"replies":[{"embeddable":true,"href":"https:\/\/dimensionturistica.com\/es\/wp-json\/wp\/v2\/comments?post=86671"}],"version-history":[{"count":0,"href":"https:\/\/dimensionturistica.com\/es\/wp-json\/wp\/v2\/posts\/86671\/revisions"}],"wp:attachment":[{"href":"https:\/\/dimensionturistica.com\/es\/wp-json\/wp\/v2\/media?parent=86671"}],"wp:term":[{"taxonomy":"category","embeddable":true,"href":"https:\/\/dimensionturistica.com\/es\/wp-json\/wp\/v2\/categories?post=86671"},{"taxonomy":"post_tag","embeddable":true,"href":"https:\/\/dimensionturistica.com\/es\/wp-json\/wp\/v2\/tags?post=86671"}],"curies":[{"name":"wp","href":"https:\/\/api.w.org\/{rel}","templated":true}]}}