{"id":86615,"date":"2021-02-25T09:03:12","date_gmt":"2021-02-25T09:03:12","guid":{"rendered":"https:\/\/dimensionturistica.com\/es\/?p=86615"},"modified":"2021-02-25T09:03:12","modified_gmt":"2021-02-25T09:03:12","slug":"la-fragata-espanola-%c2%93cristobal-colon%c2%94-escoltara-al-portaaviones-nuclear-frances-%c2%93charles-de-gaulle%c2%94-noticia-defensa-com","status":"publish","type":"post","link":"https:\/\/dimensionturistica.com\/es\/la-fragata-espanola-%c2%93cristobal-colon%c2%94-escoltara-al-portaaviones-nuclear-frances-%c2%93charles-de-gaulle%c2%94-noticia-defensa-com\/","title":{"rendered":"La fragata espa\u00f1ola \u0093Crist\u00f3bal Col\u00f3n\u0094 escoltar\u00e1 al portaaviones nuclear franc\u00e9s \u0093Charles de Gaulle\u0094-noticia defensa.com"},"content":{"rendered":"<p> <br \/>\n<\/p>\n<div>\n<p style=\"text-align: justify;\"><span style=\"font-size:14px;\"><span style=\"font-family:arial,helvetica,sans-serif;\">El nav\u00edo insignia de la <em>Marine Nationale<\/em> de Francia participa de manera no prevista en el macro ejercicio naval de la OTAN Dynamic Manta, que se desarrollar\u00e1 entre el 24 de febrero y el 6 de marzo en aguas del Mediterr\u00e1neo Central durante el cual ser\u00e1 escoltado, entre otros nav\u00edos, por la fragata espa\u00f1ola \u0093Crist\u00f3bal Col\u00f3n\u0094.<\/span><\/span><\/p>\n<p style=\"text-align: justify;\"><span style=\"font-size:14px;\"><span style=\"font-family:arial,helvetica,sans-serif;\">El portaaviones nuclear\u00a0 &#8220;Charles de Gaulle&#8221; parti\u00f3 desde su base de\u00a0 Toulon\u00a0 el pasado 21 de febrero con su escolta para participar en la misi\u00f3n Clemenceau 21. Este crucero operativo\u00a0 tiene como objetivos la lucha contra el terrorismo en Oriente Medio, como parte de la Operaci\u00f3n Chammal;\u00a0 el fortalecimiento de asociaciones y cooperaci\u00f3n, en specific con la India (un buen cliente de la industria de defensa gala); y la presencia en las definidas como \u00e1reas de inter\u00e9s para Par\u00eds del Mediterr\u00e1neo, el Golfo P\u00e9rsico y el Oc\u00e9ano \u00cdndico.<\/span><\/span><\/p>\n<p style=\"text-align: justify;\"><span style=\"font-size:14px;\"><span style=\"font-family:arial,helvetica,sans-serif;\">Al portaaviones franc\u00e9s le acompa\u00f1a en la misi\u00f3n su grupo aeronaval de batalla,\u00a0 en el que adem\u00e1s de otras unidades de la <em>Marine Nationale<\/em>, van a participar nav\u00edos de escolta extranjeros, como las fragatas \u0093Leopold Ier\u0094 (B\u00e9lgica), \u0093Kanaris\u0094 (Grecia) y \u0093Margoriti\u0094 (Italia);\u00a0 as\u00ed como el destructor de la <em>US Navy<\/em> estadounidense USS \u0093Porter\u0094, que tiene base en Rota (C\u00e1diz).<\/span><\/span><\/p>\n<p style=\"text-align: justify;\"><span style=\"font-size:14px;\"><span style=\"font-family:arial,helvetica,sans-serif;\">Contra lo que se hab\u00eda anunciado al presentar la misi\u00f3n Clemenceau 21, el portaviones y sus grupo aeronaval participar\u00e1, frente a las costas italianas, en un ejercicio principalmente orientado a la\u00a0 guerra antisubmarina o <em>Anti Submarine Warfare<\/em> (ASW) Dynamic Manta, organizado por la OTAN. Tras finalizar \u00e9ste la formaci\u00f3n naval francesa pasar\u00e1 a operar en el\u00a0 Mediterr\u00e1neo Oriental en favor de la operaci\u00f3n Chammal, que lucha contra el terrorismo isl\u00e1mico, que tan duramente ha golpeado a Francia en los \u00faltimos a\u00f1os.<\/span><\/span><\/p>\n<p style=\"text-align: justify;\"><span style=\"font-size:14px;\"><span style=\"font-family:arial,helvetica,sans-serif;\">Seg\u00fan el Mando Mar\u00edtimo de la OTAN el Ejercicio Dynamic Manta moviliza una poderosa fuerza de los m\u00e1s modernos submarinos, como los de tipo U209 de Grecia y Turqu\u00eda, los U212A de Italia, y uno de la <em>US Navy<\/em> de propulsi\u00f3n nuclear. Adem\u00e1s, se sumar\u00e1n un gran n\u00famero de unidades de superficie de la Alianza con sus helic\u00f3pteros ASW embarcados y aviones de patrulla mar\u00edtima o <em>Maritime Patrol Plane<\/em> (MPA) griegos, italianos, alemanes, estadounidenses, y un <em>Atlantic<\/em> 2 de la <em>Marine Nationale<\/em>.<\/span><\/span><\/p>\n<p style=\"text-align: justify;\"><span style=\"font-size:14px;\"><span style=\"font-family:arial,helvetica,sans-serif;\">Entre los buques de superficie participantes destacan los del Grupo Naval Permanente de la OTAN n\u00ba 2 o <em>Standing NATO Maritime Group Two<\/em> (SNMG2), que actualmente est\u00e1 bajo el mando del contralmirante espa\u00f1ol Manuel Aguirre, que iza su insignia en la <a rel=\"nofollow noopener\" target=\"_blank\" href=\"http:\/\/www.defensa.com\/otan-y-europa\/flota-naval-otan-encabezada-espana-llega-israel\">fragata \u0093Crist\u00f3bal Col\u00f3n\u0094<\/a> (F-105) de la Armada espa\u00f1ola. La SNMG2 est\u00e1 actualmente compuesta \u00a0adem\u00e1s por las fragatas italiana \u0093Virginio Fasan\u0094 y la turca \u0093Kemal Reis\u0094. <\/span><\/span><\/p>\n<p style=\"text-align: justify;\"><span style=\"font-size:14px;\"><span style=\"font-family:arial,helvetica,sans-serif;\">\u00a0\u0093Cada nav\u00edo de superficie tendr\u00e1 la capacidad de realizar varias operaciones de ASW. <strong>Los submarinos cazar\u00e1n y ser\u00e1n cazados<\/strong> a su vez, coordinando estrechamente sus esfuerzos con los medios a\u00e9reos y de superficie\u0094, explic\u00f3 el Mando Mar\u00edtimo de la OTAN. El objetivo es permitir a los participantes mejorar su interoperabilidad y sus habilidades en la guerra ASW y antisuperficie o Anti Floor Warfare (ASuW) de forma segura.<\/span><\/span><\/p>\n<p style=\"text-align: justify;\"><span style=\"font-size:14px;\"><span style=\"font-family:arial,helvetica,sans-serif;\">La participaci\u00f3n francesa se produce tras el incidente del a\u00f1o pasado, en el que el radar de management de fuego de un nav\u00edo militar turco ilumin\u00f3 la fragata francesa \u0093Courbet\u0094, entonces involucrada en la operaci\u00f3n Sea Guardian de la OTAN, hasta en tres ocasiones. Tras los sucesos, Francia se distanci\u00f3 de las operaciones mar\u00edtimas de la OTAN, siempre y cuando las circunstancias de este caso no se aclarasen. Posteriormente Jens Stoltenberg, el secretario basic de la Alianza, informo de forma confidencial a Par\u00eds de los resultados de la investigaci\u00f3n, m\u00e1s tarde, en declaraciones a Reuter dijo: &#8220;<em>El informe sobre el incidente con la \u0093Courbet\u0094 no llego a culminarse porque nadie quiere humillar a Turqu\u00eda, que ha pedido en voz alta una disculpa<\/em>&#8220;. (<strong>Julio Ma\u00edz Sanz<\/strong>)<\/span><\/span><\/p>\n<p style=\"text-align: justify;\"><span style=\"font-size:14px;\"><span style=\"font-family:arial,helvetica,sans-serif;\"><span style=\"color:#808080;\">Fotograf\u00eda: La portaaviones \u0093Charles de Gaulle\u0094. (foto Marine Nationale)<\/span><\/span><\/span><\/p>\n<\/div>\n<p style=\"display: inline;\">Copyright \u00a9 Grupo Edefa S.A. Prohibida la reproducci\u00f3n complete o parcial de este art\u00edculo sin permiso y autorizaci\u00f3n previa por parte de la empresa editora.<\/p>\n\n<p><em> &#8221; Fuentes www.defensa.com &#8221; <\/em><\/p>\n","protected":false},"excerpt":{"rendered":"<p>El nav\u00edo insignia de la Marine Nationale de Francia participa de manera no prevista en el macro ejercicio naval de la OTAN Dynamic Manta, que se desarrollar\u00e1 entre el 24 de febrero y el 6 de marzo en aguas del Mediterr\u00e1neo Central durante el cual ser\u00e1 escoltado, entre otros nav\u00edos, por la fragata espa\u00f1ola \u0093Crist\u00f3bal [&hellip;]<\/p>\n","protected":false},"author":4,"featured_media":86616,"comment_status":"open","ping_status":"closed","sticky":false,"template":"","format":"standard","meta":{"om_disable_all_campaigns":false,"jnews-multi-image_gallery":[],"jnews_single_post":[],"jnews_primary_category":[],"jnews_social_meta":[],"footnotes":""},"categories":[41],"tags":[],"class_list":["post-86615","post","type-post","status-publish","format-standard","has-post-thumbnail","hentry","category-cruceros"],"_links":{"self":[{"href":"https:\/\/dimensionturistica.com\/es\/wp-json\/wp\/v2\/posts\/86615","targetHints":{"allow":["GET"]}}],"collection":[{"href":"https:\/\/dimensionturistica.com\/es\/wp-json\/wp\/v2\/posts"}],"about":[{"href":"https:\/\/dimensionturistica.com\/es\/wp-json\/wp\/v2\/types\/post"}],"author":[{"embeddable":true,"href":"https:\/\/dimensionturistica.com\/es\/wp-json\/wp\/v2\/users\/4"}],"replies":[{"embeddable":true,"href":"https:\/\/dimensionturistica.com\/es\/wp-json\/wp\/v2\/comments?post=86615"}],"version-history":[{"count":0,"href":"https:\/\/dimensionturistica.com\/es\/wp-json\/wp\/v2\/posts\/86615\/revisions"}],"wp:featuredmedia":[{"embeddable":true,"href":"https:\/\/dimensionturistica.com\/es\/wp-json\/wp\/v2\/media\/86616"}],"wp:attachment":[{"href":"https:\/\/dimensionturistica.com\/es\/wp-json\/wp\/v2\/media?parent=86615"}],"wp:term":[{"taxonomy":"category","embeddable":true,"href":"https:\/\/dimensionturistica.com\/es\/wp-json\/wp\/v2\/categories?post=86615"},{"taxonomy":"post_tag","embeddable":true,"href":"https:\/\/dimensionturistica.com\/es\/wp-json\/wp\/v2\/tags?post=86615"}],"curies":[{"name":"wp","href":"https:\/\/api.w.org\/{rel}","templated":true}]}}