{"id":86399,"date":"2021-02-24T22:18:06","date_gmt":"2021-02-24T22:18:06","guid":{"rendered":"https:\/\/dimensionturistica.com\/es\/?p=86399"},"modified":"2021-02-24T22:18:07","modified_gmt":"2021-02-24T22:18:07","slug":"rehabilitan-calles-del-primer-cuadro-zapopano","status":"publish","type":"post","link":"https:\/\/dimensionturistica.com\/es\/rehabilitan-calles-del-primer-cuadro-zapopano\/","title":{"rendered":"Rehabilitan calles del primer cuadro zapopano"},"content":{"rendered":"<p> <br \/>\n<\/p>\n<div>\n<p>En uno de los cruceros m\u00e1s conflictivos de Zapopan, avenida Laureles y la calle Pino Su\u00e1rez, esta ma\u00f1ana el Ayuntamiento de Zapopan entreg\u00f3 las calles rehabilitadas del primer cuadro que incluye concreto hidr\u00e1ulico, banquetas incluyentes, arbolado y se\u00f1al\u00e9tica.<br \/>El evento fue encabezado por el gobernador del estado y el presidente municipal, Pablo Lemus.<br \/>Entre otras calles rehabilitadas est\u00e1n Pino Su\u00e1rez, L\u00f3pez Cotilla, Industria, Jes\u00fas Garc\u00eda, adem\u00e1s de avenida Laureles y la calle Sarc\u00f3fago.<br \/>Por cierto, durante el evento agentes de tr\u00e1nsito y polic\u00edas se encargaron de dar el paso a los peatones, pero una vez terminado este, el cruce de Pino Su\u00e1rez y avenida Laureles en el Mercado del Mar de Zapopan volvi\u00f3 a ser el mazacote de todos los d\u00edas. (Por Jos\u00e9 Luis Jim\u00e9nez Castro)<\/p>\n<p> <!--social share-->\n<\/div>\n<p><script async defer crossorigin=\"anonymous\" src=\"https:\/\/connect.facebook.net\/es_LA\/sdk.js#xfbml=1&#038;version=v7.0&#038;appId=143104535751409&#038;autoLogAppEvents=1\" nonce=\"5illxx41\"><\/script><br \/>\n<br \/><\/p>\n<p><em> &#8221; Fuentes www.notisistema.com &#8221; <\/em><\/p>\n","protected":false},"excerpt":{"rendered":"<p>En uno de los cruceros m\u00e1s conflictivos de Zapopan, avenida Laureles y la calle Pino Su\u00e1rez, esta ma\u00f1ana el Ayuntamiento de Zapopan entreg\u00f3 las calles rehabilitadas del primer cuadro que incluye concreto hidr\u00e1ulico, banquetas incluyentes, arbolado y se\u00f1al\u00e9tica.El evento fue encabezado por el gobernador del estado y el presidente municipal, Pablo Lemus.Entre otras calles rehabilitadas [&hellip;]<\/p>\n","protected":false},"author":4,"featured_media":86400,"comment_status":"open","ping_status":"closed","sticky":false,"template":"","format":"standard","meta":{"om_disable_all_campaigns":false,"jnews-multi-image_gallery":[],"jnews_single_post":[],"jnews_primary_category":[],"jnews_social_meta":[],"footnotes":""},"categories":[41],"tags":[],"class_list":["post-86399","post","type-post","status-publish","format-standard","has-post-thumbnail","hentry","category-cruceros"],"_links":{"self":[{"href":"https:\/\/dimensionturistica.com\/es\/wp-json\/wp\/v2\/posts\/86399","targetHints":{"allow":["GET"]}}],"collection":[{"href":"https:\/\/dimensionturistica.com\/es\/wp-json\/wp\/v2\/posts"}],"about":[{"href":"https:\/\/dimensionturistica.com\/es\/wp-json\/wp\/v2\/types\/post"}],"author":[{"embeddable":true,"href":"https:\/\/dimensionturistica.com\/es\/wp-json\/wp\/v2\/users\/4"}],"replies":[{"embeddable":true,"href":"https:\/\/dimensionturistica.com\/es\/wp-json\/wp\/v2\/comments?post=86399"}],"version-history":[{"count":0,"href":"https:\/\/dimensionturistica.com\/es\/wp-json\/wp\/v2\/posts\/86399\/revisions"}],"wp:featuredmedia":[{"embeddable":true,"href":"https:\/\/dimensionturistica.com\/es\/wp-json\/wp\/v2\/media\/86400"}],"wp:attachment":[{"href":"https:\/\/dimensionturistica.com\/es\/wp-json\/wp\/v2\/media?parent=86399"}],"wp:term":[{"taxonomy":"category","embeddable":true,"href":"https:\/\/dimensionturistica.com\/es\/wp-json\/wp\/v2\/categories?post=86399"},{"taxonomy":"post_tag","embeddable":true,"href":"https:\/\/dimensionturistica.com\/es\/wp-json\/wp\/v2\/tags?post=86399"}],"curies":[{"name":"wp","href":"https:\/\/api.w.org\/{rel}","templated":true}]}}