{"id":86371,"date":"2021-02-24T21:12:47","date_gmt":"2021-02-24T21:12:47","guid":{"rendered":"https:\/\/dimensionturistica.com\/es\/?p=86371"},"modified":"2021-02-24T21:12:47","modified_gmt":"2021-02-24T21:12:47","slug":"progreso-sigue-recibiendo-inversiones-a-pesar-de-pandemia-y-tormentas-julian-zacarias","status":"publish","type":"post","link":"https:\/\/dimensionturistica.com\/es\/progreso-sigue-recibiendo-inversiones-a-pesar-de-pandemia-y-tormentas-julian-zacarias\/","title":{"rendered":"Progreso sigue recibiendo inversiones a pesar de pandemia y tormentas: Juli\u00e1n Zacar\u00edas"},"content":{"rendered":"<p> <br \/>\n<\/p>\n<div>\n<p><strong>Por Isa\u00edas Ocampo<\/strong><\/p>\n<p>Alcaldes de M\u00e9xico | 24 de febrero de 2021.-<strong> El 2020 impact\u00f3 de diferentes formas al municipio de Progreso, Yucat\u00e1n, entre la disaster sanitaria generada por el COVID-19 y las tormentas que azotaron la regi\u00f3n, sin embargo, la inversi\u00f3n no se ha detenido en el puerto, refiri\u00f3 el presidente municipal, Juli\u00e1n Zacar\u00edas Curi.<\/strong><\/p>\n<p><img decoding=\"async\" data-attachment-id=\"88590\" data-permalink=\"https:\/\/www.alcaldesdemexico.com\/notas-principales\/progreso-sigue-recibiendo-inversiones-a-pesar-de-pandemia-y-tormentas-julian-zacarias\/attachment\/euiper3xmbasnvl\/\" data-orig-file=\"https:\/\/www.alcaldesdemexico.com\/wp-content\/uploads\/2021\/02\/EuIpeR3XMBASnvl.jpg\" data-orig-size=\"2048,1364\" data-comments-opened=\"1\" data-image-meta=\"{&quot;aperture&quot;:&quot;0&quot;,&quot;credit&quot;:&quot;&quot;,&quot;camera&quot;:&quot;&quot;,&quot;caption&quot;:&quot;&quot;,&quot;created_timestamp&quot;:&quot;0&quot;,&quot;copyright&quot;:&quot;&quot;,&quot;focal_length&quot;:&quot;0&quot;,&quot;iso&quot;:&quot;0&quot;,&quot;shutter_speed&quot;:&quot;0&quot;,&quot;title&quot;:&quot;&quot;,&quot;orientation&quot;:&quot;0&quot;}\" data-image-title=\"EuIpeR3XMBASnvl\" data-image-description=\"\" data-medium-file=\"https:\/\/www.alcaldesdemexico.com\/wp-content\/uploads\/2021\/02\/EuIpeR3XMBASnvl-300x200.jpg\" data-large-file=\"https:\/\/dimensionturistica.com\/es\/wp-content\/uploads\/2021\/02\/Progreso-sigue-recibiendo-inversiones-a-pesar-de-pandemia-y-tormentas.jpg\" class=\"aligncenter wp-image-88590 size-large\" src=\"https:\/\/dimensionturistica.com\/es\/wp-content\/uploads\/2021\/02\/Progreso-sigue-recibiendo-inversiones-a-pesar-de-pandemia-y-tormentas.jpg\" alt=\"\" width=\"798\" height=\"531\"  \/><\/p>\n<p>\u201cEn Progreso no se detuvieron las inversiones importantes aun en el periodo de tormentas y pandemia; se han reconstruido calles, mercados, centros deportivos y, en los siguientes meses, se estar\u00e1n entregando obras importantes, as\u00ed como el banderazo de inicio de un nuevo hospital que no estaba en el panorama de inversi\u00f3n original\u201d, dijo el edil\u00a0en la serie\u00a0<strong><a rel=\"nofollow noopener\" target=\"_blank\" href=\"http:\/\/fb.watch\/3Sbc2dlyEz\/\">Acciones de Gobierno ante COVID-19 de Alcaldes TV En Vivo<\/a>.<\/strong><\/p>\n<p>El presidente municipal inform\u00f3 que, entre las inversiones privadas, se encuentra el arribo de 50 nuevos cruceros que, con la ampliaci\u00f3n del puerto, se ampliar\u00e1 la capacidad de arribo de 4 mil a ten mil pasajeros.<\/p>\n<p>Juli\u00e1n Zacar\u00edas Curi tambi\u00e9n se\u00f1al\u00f3 que se realizan mejoras en caminos, playas y malecones, as\u00ed como la realizaci\u00f3n de gestiones para la certificaci\u00f3n como destino seguro y continuar como una playa de excelencia.<\/p>\n<p>Por otra parte, el edil reconoci\u00f3 que la desigualdad contin\u00faa afectando a la poblaci\u00f3n, debido a que Progreso la vocaci\u00f3n tur\u00edstica ha ido creciendo tras iniciar como un puerto pesquero, por lo que muchas familias contin\u00faan dependiendo de la actividad pesquera que se paraliza en \u00e9poca de veda.<\/p>\n<p>\u201cSon dos meses en que la ciudad se paraliza porque la econom\u00eda se mueve por lo que captan los pescadores. \u00daltimamente la pesca ha sido mala al sumarse la veda, pandemia y las tormentas\u201d, lament\u00f3 el alcalde.<\/p>\n<p>Ante dicha situaci\u00f3n, Zacarias Curi asegur\u00f3 que se ha llevado apoyos econ\u00f3micos y empleo temporal a pescadores y prestadores de servicios con la limpieza de manglares y recuperaci\u00f3n de espacios p\u00fablicos.<\/p>\n<p>Tambi\u00e9n explic\u00f3 que se realizan programas donde se acerca vivienda digna a las familias, con redes de energ\u00eda el\u00e9ctrica y agua potable, servicios que fortalecen el tejido social.<\/p>\n<p>\u201cSon muchas zonas de invasiones y asentamientos irregulares que han crecido mucho, pero no aparecen en el censo que se toma en cuenta para las participaciones presupuestales y son poblaciones que necesitan servicios, pero no tenemos la certeza legal de las tierras donde se asientan, por lo que se est\u00e1 trabajando con el gobernador Mauricio Vila para legalizar ese tema y urbanizar dichas zonas\u201d, detall\u00f3.<\/p>\n<p>\u201cA trav\u00e9s de la obra p\u00fablica se generan fuentes de empleo y de esta manera se provoca un c\u00edrculo virtuoso para dar empleo. En la bolsa de trabajo he solicitado que me den documentos de prestadores de servicios y se entrega a las diferentes inversiones, incluyendo p\u00fablicas y privadas. Cuando vienen a solicitar servicios les pedimos oportunidades para la gente local, haciendo todo lo posible para que logren sus sustento\u201d, explic\u00f3.<\/p>\n<p>Entre las grandes obras se encuentra lo que ser\u00e1 el astillero m\u00e1s grande del pa\u00eds, cuya inversi\u00f3n de 150 millones de d\u00f3lares va a generar empleos para la gente native, inform\u00f3 Juli\u00e1n Zacar\u00edas Curi.<\/p>\n<p>\u201cLa pandemia no ser\u00e1 eterna, las inversiones que hoy se ejecutan las podremos estrenar e ir recuperando el arribo de los cruceros, con turistas que encontrar\u00e1n un puerto m\u00e1s limpio, embellecido y con diferentes atracciones y restaurantes\u201d, asegur\u00f3 el edil.<\/p>\n<p>Agreg\u00f3 que no s\u00f3lo son obras en el malec\u00f3n, tambi\u00e9n se hacen obras en las calles de las comisar\u00edas, las glorietas, los muelles, parques y mercados. \u201cTodo tiene principio y final, y la pandemia forma parte de una historia complicada, pero estaremos listos y preparados, con un Progreso renovado y reconstruido para recibir a los visitantes nacionales y extranjeros\u201d, finaliz\u00f3.<\/p>\n<p>Ve la sesi\u00f3n completa por <a rel=\"nofollow noopener\" target=\"_blank\" href=\"http:\/\/fb.watch\/3Sbc2dlyEz\/\"><strong>Facebook Watch<\/strong><\/a> o entra al canal de <a rel=\"nofollow noopener\" target=\"_blank\" href=\"https:\/\/www.alcaldesdemexico.com\/tv\"><strong>Alcaldes TV<\/strong><\/a> en <a rel=\"nofollow noopener\" target=\"_blank\" href=\"https:\/\/youtu.be\/1UQjVNqucjE\"><strong>YouTube<\/strong><\/a><\/p>\n<p><span class=\"embed-youtube\" style=\"text-align:center; display: block;\"><\/p>\n<div class=\"jeg_video_container jeg_video_content\"><iframe loading=\"lazy\" title=\"Arturo D\u00e1valos Pe\u00f1a, Juli\u00e1n Zacar\u00edas y Paul Vigario en #COVIDAlcaldesMx\" width=\"500\" height=\"281\" src=\"https:\/\/www.youtube.com\/embed\/1UQjVNqucjE?feature=oembed\" frameborder=\"0\" allow=\"accelerometer; autoplay; clipboard-write; encrypted-media; gyroscope; picture-in-picture; web-share\" referrerpolicy=\"strict-origin-when-cross-origin\" allowfullscreen><\/iframe><\/div>\n<p><\/span><\/p>\n<p>\u00a0<\/p>\n<div class=\"sharedaddy sd-block sd-like jetpack-likes-widget-wrapper jetpack-likes-widget-unloaded\" id=\"like-post-wrapper-71690924-88589-6036c14db7858\" data-src=\"https:\/\/widgets.wp.com\/likes\/#blog_id=71690924&amp;post_id=88589&amp;origin=www.alcaldesdemexico.com&amp;obj_id=71690924-88589-6036c14db7858\" data-name=\"like-post-frame-71690924-88589-6036c14db7858\">\n<h3 class=\"sd-title\">Me gusta esto:<\/h3>\n<p><span class=\"button\"><span>Me gusta<\/span><\/span> <span class=\"loading\">Cargando&#8230;<\/span><\/p>\n<p><span class=\"sd-text-color\"\/><a rel=\"nofollow noopener\" target=\"_blank\" class=\"sd-link-color\"><\/div><\/div>\n\n<p><em> &#8221; Fuentes www.alcaldesdemexico.com &#8221; <\/em><\/p>\n","protected":false},"excerpt":{"rendered":"<p>Por Isa\u00edas Ocampo Alcaldes de M\u00e9xico | 24 de febrero de 2021.- El 2020 impact\u00f3 de diferentes formas al municipio de Progreso, Yucat\u00e1n, entre la disaster sanitaria generada por el COVID-19 y las tormentas que azotaron la regi\u00f3n, sin embargo, la inversi\u00f3n no se ha detenido en el puerto, refiri\u00f3 el presidente municipal, Juli\u00e1n Zacar\u00edas [&hellip;]<\/p>\n","protected":false},"author":4,"featured_media":86372,"comment_status":"open","ping_status":"closed","sticky":false,"template":"","format":"standard","meta":{"om_disable_all_campaigns":false,"jnews-multi-image_gallery":[],"jnews_single_post":[],"jnews_primary_category":[],"jnews_social_meta":[],"footnotes":""},"categories":[41],"tags":[],"class_list":["post-86371","post","type-post","status-publish","format-standard","has-post-thumbnail","hentry","category-cruceros"],"_links":{"self":[{"href":"https:\/\/dimensionturistica.com\/es\/wp-json\/wp\/v2\/posts\/86371","targetHints":{"allow":["GET"]}}],"collection":[{"href":"https:\/\/dimensionturistica.com\/es\/wp-json\/wp\/v2\/posts"}],"about":[{"href":"https:\/\/dimensionturistica.com\/es\/wp-json\/wp\/v2\/types\/post"}],"author":[{"embeddable":true,"href":"https:\/\/dimensionturistica.com\/es\/wp-json\/wp\/v2\/users\/4"}],"replies":[{"embeddable":true,"href":"https:\/\/dimensionturistica.com\/es\/wp-json\/wp\/v2\/comments?post=86371"}],"version-history":[{"count":0,"href":"https:\/\/dimensionturistica.com\/es\/wp-json\/wp\/v2\/posts\/86371\/revisions"}],"wp:featuredmedia":[{"embeddable":true,"href":"https:\/\/dimensionturistica.com\/es\/wp-json\/wp\/v2\/media\/86372"}],"wp:attachment":[{"href":"https:\/\/dimensionturistica.com\/es\/wp-json\/wp\/v2\/media?parent=86371"}],"wp:term":[{"taxonomy":"category","embeddable":true,"href":"https:\/\/dimensionturistica.com\/es\/wp-json\/wp\/v2\/categories?post=86371"},{"taxonomy":"post_tag","embeddable":true,"href":"https:\/\/dimensionturistica.com\/es\/wp-json\/wp\/v2\/tags?post=86371"}],"curies":[{"name":"wp","href":"https:\/\/api.w.org\/{rel}","templated":true}]}}