{"id":86356,"date":"2021-02-24T19:58:22","date_gmt":"2021-02-24T19:58:22","guid":{"rendered":"https:\/\/dimensionturistica.com\/es\/?p=86356"},"modified":"2021-02-24T19:58:22","modified_gmt":"2021-02-24T19:58:22","slug":"la-oferta-del-suzuki-vitara-estrena-gama-mas-amplia-e-interesante","status":"publish","type":"post","link":"https:\/\/dimensionturistica.com\/es\/la-oferta-del-suzuki-vitara-estrena-gama-mas-amplia-e-interesante\/","title":{"rendered":"La oferta del Suzuki Vitara estrena gama m\u00e1s amplia e interesante"},"content":{"rendered":"<p> <br \/>\n<\/p>\n<div>\n<p>Al igual que ha sucedido con el S-Cross, <strong><a rel=\"nofollow noopener\" target=\"_blank\" title=\"Suzuki\" href=\"https:\/\/www.autonocion.com\/coches-nuevos\/suzuki\/\">Suzuki<\/a> ha modificado la oferta del Vitara para intentar aumentar sus posibilidades de \u00e9xito<\/strong> en uno de los segmentos m\u00e1s competidos. Para ello se lanzan nuevas alternativas que seguramente encontrar\u00e1n un sitio destacado dentro de la familia de este crossover peque\u00f1o.<\/p>\n<p>Todos los Suzuki Vitara se comercializan en Espa\u00f1a con <strong>el motor 1.4 Boosterjet con 129 CV y el sistema de hibridaci\u00f3n ligera SHVS.<\/strong> Desde ahora se pueden elegir con caja de cambios guide de seis velocidades o bien con la nueva alternativa autom\u00e1tica con el mismo n\u00famero de relaciones. En ambos se puede a\u00f1adir la tracci\u00f3n complete si el cliente lo desea.<\/p>\n<p><a rel=\"nofollow noopener\" target=\"_blank\" href=\"https:\/\/www.autonocion.com\/suzuki-vitara-hybrid-precios\/suzuki-vitara-hybrid-prova-su-strada-22\/\"><img decoding=\"async\" class=\"alignnone size-full wp-image-441205\" src=\"data:image\/svg+xml,%3Csvg%20xmlns=\" http:=\"\" alt=\"\" width=\"1920\" height=\"1080\" data-lazy- data-lazy- data-lazy-src=\"https:\/\/dimensionturistica.com\/es\/wp-content\/uploads\/2021\/02\/La-oferta-del-Suzuki-Vitara-estrena-gama-mas-amplia-e.jpg\"\/><noscript><img decoding=\"async\" class=\"alignnone size-full wp-image-441205\" src=\"https:\/\/dimensionturistica.com\/es\/wp-content\/uploads\/2021\/02\/La-oferta-del-Suzuki-Vitara-estrena-gama-mas-amplia-e.jpg\" alt=\"\" width=\"1920\" height=\"1080\"  \/><\/noscript><\/a><\/p>\n<p>Los niveles de acabado se denominan <strong>GLE y GLX.<\/strong> La dotaci\u00f3n de serie en ambos incluye los <strong>faros LED, management de crucero adaptativo, asistente al arranque en cuestas<\/strong>, sensor de lluvia, encendido autom\u00e1tico de luces, SmartBeam, alerta de cambio de carril, alarma, detector de objetos en \u00e1ngulo muerto, lector de se\u00f1ales, detector de fatiga y peatones, and so forth.<\/p>\n<p>Tambi\u00e9n el GLE incluye el climatizador autom\u00e1tico, <strong>sistema multimedia con pantalla t\u00e1ctil de 7 pulgadas, Apple CarPlay, Android Auto<\/strong>, radio DAB, bluetooth, USB, c\u00e1mara posterior, volante multifunci\u00f3n en piel, ordenador de viaje, llantas de aleaci\u00f3n de 17 pulgadas, faros antiniebla, asientos calefactables, espejos t\u00e9rmicos, and so forth.<\/p>\n<p><a rel=\"nofollow noopener\" target=\"_blank\" href=\"https:\/\/www.autonocion.com\/suzuki-vitara-hybrid-precios\/suzuki-vitara-hybrid-prova-su-strada-16\/\"><img decoding=\"async\" class=\"alignnone size-full wp-image-441199\" src=\"data:image\/svg+xml,%3Csvg%20xmlns=\" http:=\"\" alt=\"\" width=\"1920\" height=\"1080\" data-lazy- data-lazy- data-lazy-src=\"https:\/\/dimensionturistica.com\/es\/wp-content\/uploads\/2021\/02\/1614196701_263_La-oferta-del-Suzuki-Vitara-estrena-gama-mas-amplia-e.jpg\"\/><noscript><img decoding=\"async\" class=\"alignnone size-full wp-image-441199\" src=\"https:\/\/dimensionturistica.com\/es\/wp-content\/uploads\/2021\/02\/1614196701_263_La-oferta-del-Suzuki-Vitara-estrena-gama-mas-amplia-e.jpg\" alt=\"\" width=\"1920\" height=\"1080\"  \/><\/noscript><\/a><\/p>\n<p>El nivel GLX suma a todo lo anterior las llantas de aleaci\u00f3n de 17 pulgadas con superficie pulida,<strong> techo photo voltaic panor\u00e1mico deslizante (solo autom\u00e1tico), retrovisores plegables con intermitente LED integrado<\/strong>, levas tras el volante (solo autom\u00e1tico), tapizado mixto, sensores de parking delanteros y traseros, navegador integrado, management de descensos (solo AllGrip), acceso y arranque sin llave, and so forth.<\/p>\n<p><strong>Los precios recomendados quedan de la siguiente manera:<\/strong><\/p>\n<table>\n<tbody>\n<tr>\n<td width=\"304\"><strong>MOTOR<\/strong><\/td>\n<td width=\"213\"><strong>GLE<\/strong><\/td>\n<td width=\"203\"><strong>GLX<\/strong><\/td>\n<\/tr>\n<tr>\n<td width=\"304\">1.4 BJET SHVS 129 CV 6MT<\/td>\n<td width=\"213\">24.870<\/td>\n<td width=\"203\">27.205<\/td>\n<\/tr>\n<tr>\n<td width=\"304\">1.4 BJET SHVS 129 CV 6AT<\/td>\n<td width=\"213\">\u2013<\/td>\n<td width=\"203\">28.765<\/td>\n<\/tr>\n<tr>\n<td width=\"304\">1.4 BJET SHVS 129 CV 6MT 4X4<\/td>\n<td width=\"213\">26.740<\/td>\n<td width=\"203\">29.075<\/td>\n<\/tr>\n<tr>\n<td width=\"304\">1.4 BJET SHVS 129 CV 6AT 4X4<\/td>\n<td width=\"213\">\u2013<\/td>\n<td width=\"203\">30.635<\/td>\n<\/tr>\n<\/tbody>\n<\/table>\n<\/div>\n\n<p><em> &#8221; Fuentes www.autonocion.com &#8221; <\/em><\/p>\n","protected":false},"excerpt":{"rendered":"<p>Al igual que ha sucedido con el S-Cross, Suzuki ha modificado la oferta del Vitara para intentar aumentar sus posibilidades de \u00e9xito en uno de los segmentos m\u00e1s competidos. Para ello se lanzan nuevas alternativas que seguramente encontrar\u00e1n un sitio destacado dentro de la familia de este crossover peque\u00f1o. Todos los Suzuki Vitara se comercializan [&hellip;]<\/p>\n","protected":false},"author":4,"featured_media":86357,"comment_status":"open","ping_status":"closed","sticky":false,"template":"","format":"standard","meta":{"om_disable_all_campaigns":false,"jnews-multi-image_gallery":[],"jnews_single_post":[],"jnews_primary_category":[],"jnews_social_meta":[],"footnotes":""},"categories":[41],"tags":[],"class_list":["post-86356","post","type-post","status-publish","format-standard","has-post-thumbnail","hentry","category-cruceros"],"_links":{"self":[{"href":"https:\/\/dimensionturistica.com\/es\/wp-json\/wp\/v2\/posts\/86356","targetHints":{"allow":["GET"]}}],"collection":[{"href":"https:\/\/dimensionturistica.com\/es\/wp-json\/wp\/v2\/posts"}],"about":[{"href":"https:\/\/dimensionturistica.com\/es\/wp-json\/wp\/v2\/types\/post"}],"author":[{"embeddable":true,"href":"https:\/\/dimensionturistica.com\/es\/wp-json\/wp\/v2\/users\/4"}],"replies":[{"embeddable":true,"href":"https:\/\/dimensionturistica.com\/es\/wp-json\/wp\/v2\/comments?post=86356"}],"version-history":[{"count":0,"href":"https:\/\/dimensionturistica.com\/es\/wp-json\/wp\/v2\/posts\/86356\/revisions"}],"wp:featuredmedia":[{"embeddable":true,"href":"https:\/\/dimensionturistica.com\/es\/wp-json\/wp\/v2\/media\/86357"}],"wp:attachment":[{"href":"https:\/\/dimensionturistica.com\/es\/wp-json\/wp\/v2\/media?parent=86356"}],"wp:term":[{"taxonomy":"category","embeddable":true,"href":"https:\/\/dimensionturistica.com\/es\/wp-json\/wp\/v2\/categories?post=86356"},{"taxonomy":"post_tag","embeddable":true,"href":"https:\/\/dimensionturistica.com\/es\/wp-json\/wp\/v2\/tags?post=86356"}],"curies":[{"name":"wp","href":"https:\/\/api.w.org\/{rel}","templated":true}]}}