{"id":86327,"date":"2021-02-24T19:25:57","date_gmt":"2021-02-24T19:25:57","guid":{"rendered":"https:\/\/dimensionturistica.com\/es\/?p=86327"},"modified":"2021-02-24T19:25:57","modified_gmt":"2021-02-24T19:25:57","slug":"royal-caribbean-group-realiza-cambios-en-el-departamento-de-desarrollo-de-destinos","status":"publish","type":"post","link":"https:\/\/dimensionturistica.com\/es\/royal-caribbean-group-realiza-cambios-en-el-departamento-de-desarrollo-de-destinos\/","title":{"rendered":"Royal Caribbean Group realiza cambios en el departamento de desarrollo de destinos"},"content":{"rendered":"<p> <br \/>\n<\/p>\n<div style=\"margin-top:0px;\">\n<p><span id=\"more-87946\"\/><strong>Por CruisesNews Media Group<\/strong><\/p>\n<hr\/>\n<p style=\"text-align: justify;\"><strong>Royal Caribbean Group<\/strong> anunci\u00f3 una serie de cambios a nivel administrativo, donde <strong>Ana Karina Santini pasa a ser AVP de desarrollo de destinos internacionales<\/strong>, y <strong>Adam Sharp ser\u00e1 director de desarrollo de destinos internacionales,<\/strong> reportando a Santini.<\/p>\n<p style=\"text-align: justify;\"><strong><img decoding=\"async\" loading=\"lazy\" class=\"alignright  wp-image-84944\" src=\"https:\/\/dimensionturistica.com\/es\/wp-content\/uploads\/2021\/02\/Royal-Caribbean-Group-realiza-cambios-en-el-departamento-de-desarrollo.jpg\" alt=\"\" width=\"441\" height=\"221\"  \/>Joshua Carroll, vicepresidente de desarrollo de destinos de Royal Caribbean Group<\/strong>, ha establecido una nueva organizaci\u00f3n del equipo de desarrollo de destino en tres grupos que lideran los proyectos: Internacional (EMEA, Asia Pac\u00edfico, Australia\/Nueva Zelanda); Alaska\/Costa Oeste y Am\u00e9rica (Costa Este de EE.UU. y Caribe).<\/p>\n<p style=\"text-align: justify;\">Esta reorganizaci\u00f3n se produce despu\u00e9s de la salida de Miguel Reyna que ha sido nombrado Chief, Devlopment &amp; Asset Administration Officer en la compa\u00f1\u00eda Cruise Saudi.<\/p>\n<p style=\"text-align: justify;\">Ana Karina Santini se uni\u00f3 a Royal Caribbean en 2012 trabajando en el desarrollo de puertos y la gesti\u00f3n de activos EMEA, mientras que Adam Sharp se incorpor\u00f3 al equipo de Royal Caribbean Worldwide en 2011 como jefe de operaciones portuarias y servicios portuarios para pasajeros en Europa y Oriente Medio y pas\u00f3 a trabajar en el desarrollo de destinos hace dos a\u00f1os.<\/p>\n<p style=\"text-align: justify;\">Ana Karina Santini ha comentado \u201cMe complace anunciar que paso a dirigir nuestros proyectos de desarrollo y la gesti\u00f3n de nuestras empresas existentes en el \u00e1rea internacional (EMEA, Asia Pac\u00edfico, Australia\/NZ) y estoy encantada de contar con un maravilloso equipo.\u201d<\/p>\n<p style=\"text-align: justify;\">Preston Carnahan contin\u00faa como director de Alaska y Costa Oeste, mientras que TJ O\u2019Sullivan, director de las Am\u00e9ricas, ampl\u00eda su alcance y extensi\u00f3n geogr\u00e1fica.<\/p>\n<hr\/>\n<p>\t\t<!-- banner cruises --><\/p>\n<p><a rel=\"nofollow noopener\" target=\"_blank\" href=\"https:\/\/cruisesnews.es\/\"><br \/>\n\t<img decoding=\"async\" src=\"https:\/\/dimensionturistica.com\/es\/wp-content\/uploads\/2020\/10\/Mundomar-Cruceros-incorpora-a-CroisiEurope-a-su-catalogo-de-lineas.jpg\"\/><br \/>\n\t<\/a><\/p>\n<p>\t<!-- end banner --><\/p>\n<p>\t\t <!-- banner --><br \/>\n\t <!-- \n\n<div style=\"margin-top: 15px;\"><\/div>\n\n\n<a rel=\"nofollow noopener\" target=\"_blank\" href=\"https:\/\/www.linkedin.com\/company\/portalcruceros-cl\/\">\n\t<img decoding=\"async\" src=\"https:\/\/dimensionturistica.com\/es\/wp-content\/uploads\/2020\/09\/Knud-E-Hansen-disena-nuevo-crucero-de-expedicion-rompehielos.gif\" \/>\n\t<\/a> --><\/p>\n<p>\t<!-- banner end --><\/p>\n<p>\t\t <!-- notas relacionadas --><\/p>\n<hr\/>\n<div class=\"rel_posts\">\n \u00a0 \u00a0 \u00a0 \u00a0 \u00a0 \u00a0 \u00a0 \u00a0 \u00a0 \u00a0 \u00a0 \u00a0 \u00a0 \u00a0<\/p>\n<p>Sigue navegando<\/p>\n<\/p><\/div>\n<p>\t\t   <!-- fin notas relacionadas --><\/p><\/div>\n\n<p><em> &#8221; Fuentes portalcruceros.cl &#8221; <\/em><\/p>\n","protected":false},"excerpt":{"rendered":"<p>Por CruisesNews Media Group Royal Caribbean Group anunci\u00f3 una serie de cambios a nivel administrativo, donde Ana Karina Santini pasa a ser AVP de desarrollo de destinos internacionales, y Adam Sharp ser\u00e1 director de desarrollo de destinos internacionales, reportando a Santini. Joshua Carroll, vicepresidente de desarrollo de destinos de Royal Caribbean Group, ha establecido una [&hellip;]<\/p>\n","protected":false},"author":4,"featured_media":86328,"comment_status":"open","ping_status":"closed","sticky":false,"template":"","format":"standard","meta":{"om_disable_all_campaigns":false,"jnews-multi-image_gallery":[],"jnews_single_post":[],"jnews_primary_category":[],"jnews_social_meta":[],"footnotes":""},"categories":[41],"tags":[],"class_list":["post-86327","post","type-post","status-publish","format-standard","has-post-thumbnail","hentry","category-cruceros"],"_links":{"self":[{"href":"https:\/\/dimensionturistica.com\/es\/wp-json\/wp\/v2\/posts\/86327","targetHints":{"allow":["GET"]}}],"collection":[{"href":"https:\/\/dimensionturistica.com\/es\/wp-json\/wp\/v2\/posts"}],"about":[{"href":"https:\/\/dimensionturistica.com\/es\/wp-json\/wp\/v2\/types\/post"}],"author":[{"embeddable":true,"href":"https:\/\/dimensionturistica.com\/es\/wp-json\/wp\/v2\/users\/4"}],"replies":[{"embeddable":true,"href":"https:\/\/dimensionturistica.com\/es\/wp-json\/wp\/v2\/comments?post=86327"}],"version-history":[{"count":0,"href":"https:\/\/dimensionturistica.com\/es\/wp-json\/wp\/v2\/posts\/86327\/revisions"}],"wp:featuredmedia":[{"embeddable":true,"href":"https:\/\/dimensionturistica.com\/es\/wp-json\/wp\/v2\/media\/86328"}],"wp:attachment":[{"href":"https:\/\/dimensionturistica.com\/es\/wp-json\/wp\/v2\/media?parent=86327"}],"wp:term":[{"taxonomy":"category","embeddable":true,"href":"https:\/\/dimensionturistica.com\/es\/wp-json\/wp\/v2\/categories?post=86327"},{"taxonomy":"post_tag","embeddable":true,"href":"https:\/\/dimensionturistica.com\/es\/wp-json\/wp\/v2\/tags?post=86327"}],"curies":[{"name":"wp","href":"https:\/\/api.w.org\/{rel}","templated":true}]}}